{"id":2363,"date":"2023-11-03T21:20:59","date_gmt":"2023-11-03T18:20:59","guid":{"rendered":"https:\/\/www.artminium.com\/?p=2363"},"modified":"2024-11-04T00:54:30","modified_gmt":"2024-11-03T21:54:30","slug":"otomatik-giyotin-cam-balkon-modelleri-ve-fiyatlari","status":"publish","type":"post","link":"https:\/\/www.artminium.com\/tr\/otomatik-giyotin-cam-balkon-modelleri-ve-fiyatlari\/","title":{"rendered":"Otomatik Giyotin Cam Balkon Modelleri ve Fiyatlar\u0131"},"content":{"rendered":"\n<p class=\"wp-block-paragraph\">G\u00fcn\u00fcm\u00fczde estetik ve fonksiyonelli\u011fi bir araya getiren <strong>otomatik giyotin cam balkon modelleri<\/strong>, modern ya\u015fam\u0131n vazge\u00e7ilmez bir par\u00e7as\u0131 haline gelmi\u015ftir. \u00d6zellikle \u015fehirlerdeki binalarda, teras katlarda veya bah\u00e7e katlar\u0131nda, d\u0131\u015f etkenlere kar\u015f\u0131 koruma sa\u011flarken d\u0131\u015f mekanlardan tam anlam\u0131yla faydalanma imkan\u0131 sunmaktad\u0131r. Otomatik giyotin cam balkonlar, \u00e7e\u015fitli modelleri ve malzemeleri ile her t\u00fcrl\u00fc mekan i\u00e7in uygun se\u00e7enekler sunmaktad\u0131r.<\/p>\n\n\n\n<figure class=\"wp-block-image size-large\"><img fetchpriority=\"high\" decoding=\"async\" width=\"1024\" height=\"576\" src=\"https:\/\/www.artminium.com\/wp-content\/uploads\/2023\/11\/Otomatik-Giyotin-Cam-Balkon-Modelleri-ve-Fiyatlari-1024x576.png\" alt=\"Otomatik Giyotin Cam Balkon Modelleri ve Fiyatlar\u0131\" class=\"wp-image-2364\" srcset=\"https:\/\/www.artminium.com\/wp-content\/uploads\/2023\/11\/Otomatik-Giyotin-Cam-Balkon-Modelleri-ve-Fiyatlari-1024x576.png 1024w, https:\/\/www.artminium.com\/wp-content\/uploads\/2023\/11\/Otomatik-Giyotin-Cam-Balkon-Modelleri-ve-Fiyatlari-300x169.png 300w, https:\/\/www.artminium.com\/wp-content\/uploads\/2023\/11\/Otomatik-Giyotin-Cam-Balkon-Modelleri-ve-Fiyatlari-768x432.png 768w, https:\/\/www.artminium.com\/wp-content\/uploads\/2023\/11\/Otomatik-Giyotin-Cam-Balkon-Modelleri-ve-Fiyatlari.png 1280w\" sizes=\"(max-width: 1024px) 100vw, 1024px\" \/><figcaption class=\"wp-element-caption\">Otomatik Giyotin Cam Balkon Modelleri ve Fiyatlar\u0131<\/figcaption><\/figure>\n\n\n\n<p class=\"wp-block-paragraph\">Balkonlar, \u00f6zel tasar\u0131mlar ve ihtiyaca y\u00f6nelik \u00f6zelle\u015ftirilebilir \u00f6zellikleri ile dikkat \u00e7ekmektedir. <strong>Otomatik giyotin cam balkon<\/strong> mekan\u0131n b\u00fcy\u00fckl\u00fc\u011f\u00fcne, konumuna ve kullan\u0131m amac\u0131na g\u00f6re farkl\u0131 modellerle sunulmaktad\u0131r. Genel olarak al\u00fcminyum, cam ve paslanmaz \u00e7elik gibi dayan\u0131kl\u0131 malzemeler kullan\u0131larak \u00fcretilmektedir. Bu sayede uzun \u00f6m\u00fcrl\u00fc ve dayan\u0131kl\u0131 bir yap\u0131ya sahip olmaktad\u0131r.<\/p>\n\n\n\n<p class=\"wp-block-paragraph\">Otomatik giyotin cam balkonlar, estetik a\u00e7\u0131dan mekan\u0131n\u0131za modern bir dokunu\u015f katarak g\u00f6rsel a\u00e7\u0131dan da \u015f\u0131kl\u0131k sa\u011flamaktad\u0131r. Ayr\u0131ca r\u00fczgar, ya\u011fmur, toz ve g\u00fcr\u00fclt\u00fc gibi d\u0131\u015f etkenlerden koruma sa\u011flad\u0131klar\u0131 i\u00e7in mekan\u0131n\u0131z\u0131n konforunu art\u0131rmaktad\u0131r.<\/p>\n\n\n\n<div id=\"ez-toc-container\" class=\"ez-toc-v2_0_85 counter-hierarchy ez-toc-counter ez-toc-grey ez-toc-container-direction\">\n<div class=\"ez-toc-title-container\">\n<p class=\"ez-toc-title\" style=\"cursor:inherit\">\u0130\u00e7indekiler<\/p>\n<span class=\"ez-toc-title-toggle\"><a href=\"#\" class=\"ez-toc-pull-right ez-toc-btn ez-toc-btn-xs ez-toc-btn-default ez-toc-toggle\" aria-label=\"\u0130\u00e7indekiler Tablosunu A\u00e7\/Kapat\"><span class=\"ez-toc-js-icon-con\"><span class=\"\"><span class=\"eztoc-hide\" style=\"display:none;\">Toggle<\/span><span class=\"ez-toc-icon-toggle-span\"><svg style=\"fill: #999;color:#999\" xmlns=\"http:\/\/www.w3.org\/2000\/svg\" class=\"list-377408\" width=\"20px\" height=\"20px\" viewBox=\"0 0 24 24\" fill=\"none\"><path d=\"M6 6H4v2h2V6zm14 0H8v2h12V6zM4 11h2v2H4v-2zm16 0H8v2h12v-2zM4 16h2v2H4v-2zm16 0H8v2h12v-2z\" fill=\"currentColor\"><\/path><\/svg><svg style=\"fill: #999;color:#999\" class=\"arrow-unsorted-368013\" xmlns=\"http:\/\/www.w3.org\/2000\/svg\" width=\"10px\" height=\"10px\" viewBox=\"0 0 24 24\" version=\"1.2\" baseProfile=\"tiny\"><path d=\"M18.2 9.3l-6.2-6.3-6.2 6.3c-.2.2-.3.4-.3.7s.1.5.3.7c.2.2.4.3.7.3h11c.3 0 .5-.1.7-.3.2-.2.3-.5.3-.7s-.1-.5-.3-.7zM5.8 14.7l6.2 6.3 6.2-6.3c.2-.2.3-.5.3-.7s-.1-.5-.3-.7c-.2-.2-.4-.3-.7-.3h-11c-.3 0-.5.1-.7.3-.2.2-.3.5-.3.7s.1.5.3.7z\"\/><\/svg><\/span><\/span><\/span><\/a><\/span><\/div>\n<nav><ul class='ez-toc-list ez-toc-list-level-1 ' ><li class='ez-toc-page-1 ez-toc-heading-level-2'><a class=\"ez-toc-link ez-toc-heading-1\" href=\"https:\/\/www.artminium.com\/tr\/otomatik-giyotin-cam-balkon-modelleri-ve-fiyatlari\/#Giyotin_Cam_Balkon_Fiyatlari\" >Giyotin Cam Balkon Fiyatlar\u0131<\/a><\/li><li class='ez-toc-page-1 ez-toc-heading-level-2'><a class=\"ez-toc-link ez-toc-heading-2\" href=\"https:\/\/www.artminium.com\/tr\/otomatik-giyotin-cam-balkon-modelleri-ve-fiyatlari\/#Manuel_Giyotinli_Cam_Balkon\" >Manuel Giyotinli Cam Balkon<\/a><\/li><li class='ez-toc-page-1 ez-toc-heading-level-2'><a class=\"ez-toc-link ez-toc-heading-3\" href=\"https:\/\/www.artminium.com\/tr\/otomatik-giyotin-cam-balkon-modelleri-ve-fiyatlari\/#Elektrikli_Cam_Balkon_M2_Fiyatlari\" >Elektrikli Cam Balkon M2 Fiyatlar\u0131<\/a><\/li><\/ul><\/nav><\/div>\n<h2 class=\"wp-block-heading\"><span class=\"ez-toc-section\" id=\"Giyotin_Cam_Balkon_Fiyatlari\"><\/span>Giyotin Cam Balkon Fiyatlar\u0131<span class=\"ez-toc-section-end\"><\/span><\/h2>\n\n\n\n<p class=\"wp-block-paragraph\">Balkonlar, evlerin en \u00f6nemli b\u00f6l\u00fcmlerinden biridir. \u00c7\u00fcnk\u00fc d\u0131\u015f d\u00fcnya ile ba\u011flant\u0131y\u0131 sa\u011flamakta ve i\u00e7eriye g\u00fcn \u0131\u015f\u0131\u011f\u0131n\u0131n girmesine yard\u0131mc\u0131 olmaktad\u0131r. Bu nedenle balkonun tipi, kullan\u0131m a\u00e7\u0131s\u0131ndan olduk\u00e7a \u00f6nemlidir.<\/p>\n\n\n\n<p class=\"wp-block-paragraph\"><strong>Giyotin cam balkon modelleri<\/strong>, d\u0131\u015f mekanlarda estetik bir g\u00f6r\u00fcn\u00fcm ve koruma sa\u011flama amac\u0131yla kullan\u0131lan olduk\u00e7a pop\u00fcler bir se\u00e7enektir. Giyotin cam balkonlar, teras veya bah\u00e7e gibi a\u00e7\u0131k alanlarda r\u00fczgar ve ya\u011fmur gibi hava olaylar\u0131na kar\u015f\u0131 koruma sunarken, mekan\u0131n esteti\u011fini de art\u0131rmaktad\u0131r. <strong>Giyotin cam balkonlar<\/strong> farkl\u0131 modelleri ve malzeme se\u00e7enekleri ile farkl\u0131 ihtiya\u00e7lar\u0131 kar\u015f\u0131layacak geni\u015f bir yelpazede sunulmaktad\u0131r.<\/p>\n\n\n\n<p class=\"wp-block-paragraph\"><strong>Giyotin cam balkon fiyatlar\u0131<\/strong>, bir\u00e7ok fakt\u00f6re ba\u011fl\u0131 olarak de\u011fi\u015fkenlik g\u00f6stermektedir. \u0130lk olarak, balkonun veya teras\u0131n boyutu b\u00fcy\u00fck bir etkendir. Daha b\u00fcy\u00fck bir alan\u0131n kapat\u0131lmas\u0131, daha fazla malzeme ve i\u015f\u00e7ilik gerektirmektedir. Ayr\u0131ca, kullan\u0131lan cam kalitesi ve tipi fiyat\u0131 etkilemektedir. Temperli camlar, daha dayan\u0131kl\u0131 olmalar\u0131 nedeni ile daha \u00e7ok kullan\u0131lmaktad\u0131r.<\/p>\n\n\n\n<h2 class=\"wp-block-heading\"><span class=\"ez-toc-section\" id=\"Manuel_Giyotinli_Cam_Balkon\"><\/span>Manuel Giyotinli Cam Balkon<span class=\"ez-toc-section-end\"><\/span><\/h2>\n\n\n\n<p class=\"wp-block-paragraph\"><strong>Manuel giyotinli cam balkon<\/strong> d\u0131\u015f mekanlar\u0131 estetik bir \u015fekilde i\u00e7 mekanlara dahil eden, modern ya\u015fam\u0131n vazge\u00e7ilmez bir par\u00e7as\u0131d\u0131r. Manuel giyotinli cam balkonlar, a\u00e7\u0131l\u0131p kapanabilen cam panelleri sayesinde mekanlara geni\u015f bir perspektif kazand\u0131rmaktad\u0131r. \u00d6zellikle \u015fehirlerdeki yo\u011fun ya\u015fam alanlar\u0131nda tercih edilen giyotinli cam balkonlar hem estetik hem de fonksiyonel a\u00e7\u0131dan tatmin edici sonu\u00e7lar sunmaktad\u0131r.<\/p>\n\n\n\n<p class=\"wp-block-paragraph\">Manuel giyotinli cam balkonlar\u0131n tasar\u0131m\u0131nda kullan\u0131lan malzemeler, dayan\u0131kl\u0131l\u0131k ve estetik a\u00e7\u0131s\u0131ndan b\u00fcy\u00fck \u00f6nem ta\u015f\u0131maktad\u0131r. Genel olarak al\u00fcminyum \u00e7er\u00e7eveler tercih edilmektedir. Al\u00fcminyum, hava \u015fartlar\u0131na dayan\u0131kl\u0131 olmas\u0131 ve hafifli\u011fi ile dikkat \u00e7ekmektedir. Ayr\u0131ca, paslanma gibi sorunlarla da kar\u015f\u0131la\u015f\u0131lmaz. Cam paneller ise temperli ve kal\u0131n camlardan olu\u015fmaktad\u0131r. &nbsp;<\/p>\n\n\n\n<h2 class=\"wp-block-heading\"><span class=\"ez-toc-section\" id=\"Elektrikli_Cam_Balkon_M2_Fiyatlari\"><\/span>Elektrikli Cam Balkon M2 Fiyatlar\u0131<span class=\"ez-toc-section-end\"><\/span><\/h2>\n\n\n\n<p class=\"wp-block-paragraph\"><strong>Elektrikli cam balkon <\/strong>kullan\u0131m\u0131 kolay modellerden biri oldu\u011fu i\u00e7in s\u0131kl\u0131kla tercih edilmektedir. Estetik g\u00f6r\u00fcn\u00fcmleri ile mekanlara \u015f\u0131kl\u0131k katan elektrikli cam balkonlar ayn\u0131 zamanda kullan\u0131c\u0131lara b\u00fcy\u00fck bir konfor sunmaktad\u0131r. <strong>Elektrikli cam balkonlar<\/strong>, uzaktan kumanda veya d\u00fc\u011fme ile a\u00e7\u0131l\u0131p kapanabilen cam panellere sahiptir.<\/p>\n\n\n\n<p class=\"wp-block-paragraph\"><strong>Elektrikli cam balkon m2 fiyatlar\u0131 <\/strong>konusunda pek \u00e7ok fakt\u00f6r etkilidir. Elektrikli cam balkon sisteminin kurulaca\u011f\u0131 alan\u0131n boyutu olduk\u00e7a \u00f6nemli bir fakt\u00f6rd\u00fcr. Elektrikli cam balkon modellerinde balkonun uzaktan a\u00e7\u0131l\u0131p kapanmas\u0131n\u0131 sa\u011flamak i\u00e7in elektriksel bir sistem kurulmaktad\u0131r. Bu nedenle, daha b\u00fcy\u00fck alanlar i\u00e7in daha fazla malzeme gerekmektedir.<\/p>\n\n\n\n<p class=\"wp-block-paragraph\">Elektrikli cam balkon sistemi kurulacak olan alandan sonra kullan\u0131lan malzemeler de \u00f6nemlidir. Balkonlar, d\u0131\u015far\u0131ya a\u00e7\u0131lan yap\u0131lar oldu\u011fu i\u00e7in kar, ya\u011fmur ve r\u00fczgar gibi hava ko\u015fullar\u0131ndan etkilenmektedir. Bu sebeple hava ko\u015fullar\u0131na kar\u015f\u0131 dayan\u0131kl\u0131 malzemeler se\u00e7ilmelidir.<\/p>\n","protected":false},"excerpt":{"rendered":"<p>G\u00fcn\u00fcm\u00fczde estetik ve fonksiyonelli\u011fi bir araya getiren otomatik giyotin cam balkon modelleri, modern ya\u015fam\u0131n vazge\u00e7ilmez bir par\u00e7as\u0131 haline gelmi\u015ftir. \u00d6zellikle \u015fehirlerdeki binalarda, teras katlarda veya bah\u00e7e katlar\u0131nda, d\u0131\u015f etkenlere kar\u015f\u0131 koruma sa\u011flarken d\u0131\u015f mekanlardan tam anlam\u0131yla faydalanma imkan\u0131 sunmaktad\u0131r. Otomatik giyotin cam balkonlar, \u00e7e\u015fitli modelleri ve malzemeleri ile her t\u00fcrl\u00fc mekan i\u00e7in uygun se\u00e7enekler sunmaktad\u0131r. [&hellip;]<\/p>\n","protected":false},"author":4,"featured_media":2364,"comment_status":"open","ping_status":"open","sticky":false,"template":"","format":"standard","meta":{"site-sidebar-layout":"default","site-content-layout":"","ast-site-content-layout":"default","site-content-style":"default","site-sidebar-style":"default","ast-global-header-display":"","ast-banner-title-visibility":"","ast-main-header-display":"","ast-hfb-above-header-display":"","ast-hfb-below-header-display":"","ast-hfb-mobile-header-display":"","site-post-title":"","ast-breadcrumbs-content":"","ast-featured-img":"","footer-sml-layout":"","theme-transparent-header-meta":"","adv-header-id-meta":"","stick-header-meta":"","header-above-stick-meta":"","header-main-stick-meta":"","header-below-stick-meta":"","astra-migrate-meta-layouts":"default","ast-page-background-enabled":"default","ast-page-background-meta":{"desktop":{"background-color":"","background-image":"","background-repeat":"repeat","background-position":"center center","background-size":"auto","background-attachment":"scroll","background-type":"","background-media":"","overlay-type":"","overlay-color":"","overlay-opacity":"","overlay-gradient":""},"tablet":{"background-color":"","background-image":"","background-repeat":"repeat","background-position":"center center","background-size":"auto","background-attachment":"scroll","background-type":"","background-media":"","overlay-type":"","overlay-color":"","overlay-opacity":"","overlay-gradient":""},"mobile":{"background-color":"","background-image":"","background-repeat":"repeat","background-position":"center center","background-size":"auto","background-attachment":"scroll","background-type":"","background-media":"","overlay-type":"","overlay-color":"","overlay-opacity":"","overlay-gradient":""}},"ast-content-background-meta":{"desktop":{"background-color":"var(--ast-global-color-5)","background-image":"","background-repeat":"repeat","background-position":"center center","background-size":"auto","background-attachment":"scroll","background-type":"","background-media":"","overlay-type":"","overlay-color":"","overlay-opacity":"","overlay-gradient":""},"tablet":{"background-color":"var(--ast-global-color-5)","background-image":"","background-repeat":"repeat","background-position":"center center","background-size":"auto","background-attachment":"scroll","background-type":"","background-media":"","overlay-type":"","overlay-color":"","overlay-opacity":"","overlay-gradient":""},"mobile":{"background-color":"var(--ast-global-color-5)","background-image":"","background-repeat":"repeat","background-position":"center center","background-size":"auto","background-attachment":"scroll","background-type":"","background-media":"","overlay-type":"","overlay-color":"","overlay-opacity":"","overlay-gradient":""}},"footnotes":""},"categories":[1],"tags":[],"class_list":["post-2363","post","type-post","status-publish","format-standard","has-post-thumbnail","hentry","category-hareketli-sabit-aluminyum-sistemler"],"_links":{"self":[{"href":"https:\/\/www.artminium.com\/tr\/wp-json\/wp\/v2\/posts\/2363","targetHints":{"allow":["GET"]}}],"collection":[{"href":"https:\/\/www.artminium.com\/tr\/wp-json\/wp\/v2\/posts"}],"about":[{"href":"https:\/\/www.artminium.com\/tr\/wp-json\/wp\/v2\/types\/post"}],"author":[{"embeddable":true,"href":"https:\/\/www.artminium.com\/tr\/wp-json\/wp\/v2\/users\/4"}],"replies":[{"embeddable":true,"href":"https:\/\/www.artminium.com\/tr\/wp-json\/wp\/v2\/comments?post=2363"}],"version-history":[{"count":0,"href":"https:\/\/www.artminium.com\/tr\/wp-json\/wp\/v2\/posts\/2363\/revisions"}],"wp:featuredmedia":[{"embeddable":true,"href":"https:\/\/www.artminium.com\/tr\/wp-json\/wp\/v2\/media\/2364"}],"wp:attachment":[{"href":"https:\/\/www.artminium.com\/tr\/wp-json\/wp\/v2\/media?parent=2363"}],"wp:term":[{"taxonomy":"category","embeddable":true,"href":"https:\/\/www.artminium.com\/tr\/wp-json\/wp\/v2\/categories?post=2363"},{"taxonomy":"post_tag","embeddable":true,"href":"https:\/\/www.artminium.com\/tr\/wp-json\/wp\/v2\/tags?post=2363"}],"curies":[{"name":"wp","href":"https:\/\/api.w.org\/{rel}","templated":true}]}}