{"id":2315,"date":"2023-11-18T22:21:01","date_gmt":"2023-11-18T19:21:01","guid":{"rendered":"https:\/\/www.artminium.com\/?p=2315"},"modified":"2024-11-04T00:54:12","modified_gmt":"2024-11-03T21:54:12","slug":"en-ucuz-balkon-kapatma-yontemleri","status":"publish","type":"post","link":"https:\/\/www.artminium.com\/tr\/en-ucuz-balkon-kapatma-yontemleri\/","title":{"rendered":"En Ucuz Balkon Kapatma Y\u00f6ntemleri"},"content":{"rendered":"\n<p class=\"wp-block-paragraph\">Balkon kapatma sistemleri balkonunuzu d\u00f6rt mevsim kullan\u0131labilir hale getiren ve d\u0131\u015f etkenlerden koruyan olduk\u00e7a kullan\u0131\u015fl\u0131 yap\u0131sal \u00f6zelliklere sahiptir. Hem konfor hem de estetik a\u00e7\u0131dan bir\u00e7ok se\u00e7ene\u011fi sunan bu sistemler, evinizi daha kullan\u0131\u015fl\u0131 hale getirebilirken, balkonunuzda daha fazla zaman ge\u00e7irmenize de olanak tan\u0131maktad\u0131r.<\/p>\n\n\n\n<figure class=\"wp-block-image size-large\"><img fetchpriority=\"high\" decoding=\"async\" width=\"1024\" height=\"576\" src=\"https:\/\/www.artminium.com\/wp-content\/uploads\/2023\/10\/En-Ucuz-Balkon-Kapatma-Yontemleri-1024x576.png\" alt=\"En Ucuz Balkon Kapatma Y\u00f6ntemleri\" class=\"wp-image-2316\" srcset=\"https:\/\/www.artminium.com\/wp-content\/uploads\/2023\/10\/En-Ucuz-Balkon-Kapatma-Yontemleri-1024x576.png 1024w, https:\/\/www.artminium.com\/wp-content\/uploads\/2023\/10\/En-Ucuz-Balkon-Kapatma-Yontemleri-300x169.png 300w, https:\/\/www.artminium.com\/wp-content\/uploads\/2023\/10\/En-Ucuz-Balkon-Kapatma-Yontemleri-768x432.png 768w, https:\/\/www.artminium.com\/wp-content\/uploads\/2023\/10\/En-Ucuz-Balkon-Kapatma-Yontemleri.png 1280w\" sizes=\"(max-width: 1024px) 100vw, 1024px\" \/><figcaption class=\"wp-element-caption\">En Ucuz Balkon Kapatma Y\u00f6ntemleri<\/figcaption><\/figure>\n\n\n\n<p class=\"wp-block-paragraph\">Ancak her b\u00fct\u00e7eye uygun <strong>en ucuz balkon kapatma y\u00f6ntemleri<\/strong> aras\u0131nda hangilerinin bulundu\u011fu, \u00f6zellikle balkonunu kapatmak isteyen ancak bunun i\u00e7in fazla b\u00fct\u00e7esi bulunmayan ki\u015filer taraf\u0131ndan olduk\u00e7a merak edilmektedir.<\/p>\n\n\n\n<p class=\"wp-block-paragraph\">En ucuz balkon kapatma sistemini se\u00e7erken, mutlaka uygun fiyatl\u0131 ancak kaliteli, estetik ve uzun \u00f6m\u00fcrl\u00fc bir sistem ve y\u00f6ntem se\u00e7mek gerekmektedir. Ayr\u0131ca montaj ve bak\u0131m maliyetlerini de d\u00fc\u015f\u00fcnmek \u00f6nemlidir.<\/p>\n\n\n\n<p class=\"wp-block-paragraph\">Kaliteli bir sistem ve profesyonel bir firma uzun vadede tasarruf sa\u011flayabilmektedir. \u0130\u015fte bu noktada da Artminium, m\u00fc\u015fterileri i\u00e7in en uygun fiyatl\u0131 \u00e7\u00f6z\u00fcmlerle son derece \u015f\u0131k, kaliteli, i\u015flevsel ve uzun \u00f6m\u00fcrl\u00fc se\u00e7enekler sunmaktad\u0131r.<\/p>\n\n\n\n<div id=\"ez-toc-container\" class=\"ez-toc-v2_0_85 counter-hierarchy ez-toc-counter ez-toc-grey ez-toc-container-direction\">\n<div class=\"ez-toc-title-container\">\n<p class=\"ez-toc-title\" style=\"cursor:inherit\">\u0130\u00e7indekiler<\/p>\n<span class=\"ez-toc-title-toggle\"><a href=\"#\" class=\"ez-toc-pull-right ez-toc-btn ez-toc-btn-xs ez-toc-btn-default ez-toc-toggle\" aria-label=\"\u0130\u00e7indekiler Tablosunu A\u00e7\/Kapat\"><span class=\"ez-toc-js-icon-con\"><span class=\"\"><span class=\"eztoc-hide\" style=\"display:none;\">Toggle<\/span><span class=\"ez-toc-icon-toggle-span\"><svg style=\"fill: #999;color:#999\" xmlns=\"http:\/\/www.w3.org\/2000\/svg\" class=\"list-377408\" width=\"20px\" height=\"20px\" viewBox=\"0 0 24 24\" fill=\"none\"><path d=\"M6 6H4v2h2V6zm14 0H8v2h12V6zM4 11h2v2H4v-2zm16 0H8v2h12v-2zM4 16h2v2H4v-2zm16 0H8v2h12v-2z\" fill=\"currentColor\"><\/path><\/svg><svg style=\"fill: #999;color:#999\" class=\"arrow-unsorted-368013\" xmlns=\"http:\/\/www.w3.org\/2000\/svg\" width=\"10px\" height=\"10px\" viewBox=\"0 0 24 24\" version=\"1.2\" baseProfile=\"tiny\"><path d=\"M18.2 9.3l-6.2-6.3-6.2 6.3c-.2.2-.3.4-.3.7s.1.5.3.7c.2.2.4.3.7.3h11c.3 0 .5-.1.7-.3.2-.2.3-.5.3-.7s-.1-.5-.3-.7zM5.8 14.7l6.2 6.3 6.2-6.3c.2-.2.3-.5.3-.7s-.1-.5-.3-.7c-.2-.2-.4-.3-.7-.3h-11c-.3 0-.5.1-.7.3-.2.2-.3.5-.3.7s.1.5.3.7z\"\/><\/svg><\/span><\/span><\/span><\/a><\/span><\/div>\n<nav><ul class='ez-toc-list ez-toc-list-level-1 ' ><li class='ez-toc-page-1 ez-toc-heading-level-2'><a class=\"ez-toc-link ez-toc-heading-1\" href=\"https:\/\/www.artminium.com\/tr\/en-ucuz-balkon-kapatma-yontemleri\/#Klasik_Surme_Cam_Sistemleri\" >Klasik S\u00fcrme Cam Sistemleri<\/a><\/li><li class='ez-toc-page-1 ez-toc-heading-level-2'><a class=\"ez-toc-link ez-toc-heading-2\" href=\"https:\/\/www.artminium.com\/tr\/en-ucuz-balkon-kapatma-yontemleri\/#Sabit_Cam_Tavan_Kaldir_Sur_Cam_Sistemleri\" >Sabit Cam Tavan Kald\u0131r S\u00fcr Cam Sistemleri<\/a><\/li><\/ul><\/nav><\/div>\n<h2 class=\"wp-block-heading\"><span class=\"ez-toc-section\" id=\"Klasik_Surme_Cam_Sistemleri\"><\/span>Klasik S\u00fcrme Cam Sistemleri<span class=\"ez-toc-section-end\"><\/span><\/h2>\n\n\n\n<p class=\"wp-block-paragraph\"><strong>Klasik s\u00fcrme cam sistemleri<\/strong> balkon kapatma sistemlerinin pop\u00fcler bir t\u00fcr\u00fcd\u00fcr ve estetik bir g\u00f6r\u00fcn\u00fcm sunarken ayn\u0131 zamanda d\u00f6rt mevsim kullan\u0131m imkan\u0131 sa\u011flamaktad\u0131r. Cam panellerin yan yana veya \u00fcst \u00fcste s\u00fcrd\u00fcr\u00fclerek a\u00e7\u0131l\u0131p kapanmas\u0131na dayanmaktad\u0131r.<\/p>\n\n\n\n<p class=\"wp-block-paragraph\">Kullan\u0131c\u0131lara balkonlar\u0131n\u0131 hem a\u00e7\u0131k havada kullanma hem de d\u00f6rt mevsim kullanma imkan\u0131 sunmaktad\u0131r. Cam panellerin s\u00fcr\u00fcl\u00fcp kapat\u0131labilme \u00f6zelli\u011fi, balkonunuzun geni\u015fli\u011fine ve ihtiyac\u0131n\u0131za g\u00f6re ayarlanabilmektedir.<\/p>\n\n\n\n<ul class=\"wp-block-list\">\n<li>Modern ve \u015f\u0131k bir g\u00f6r\u00fcn\u00fcm sunmaktad\u0131r. Bu sistemler, cam panellerin \u015feffaf yap\u0131s\u0131 sayesinde d\u0131\u015far\u0131daki manzaray\u0131 engellemez ve balkonunuzda geni\u015f bir alan hissi yarat\u0131r.<\/li>\n\n\n\n<li>D\u00f6rt mevsim kullan\u0131m imkan\u0131 sa\u011flar. K\u0131\u015f aylar\u0131nda so\u011fuk havay\u0131 ve ya\u011f\u0131\u015f\u0131 engellerken yaz aylar\u0131nda da serin bir ortam sa\u011flar.<\/li>\n\n\n\n<li>R\u00fczgar, ya\u011fmur, kar, toz ve g\u00fcr\u00fclt\u00fc gibi d\u0131\u015f etkenlere kar\u015f\u0131 koruma sa\u011flar. B\u00f6ylece balkonunuz daha konforlu ve sessiz bir mekan haline gelir.<\/li>\n\n\n\n<li>Yal\u0131t\u0131m \u00f6zellikleri sayesinde enerji tasarrufuna katk\u0131 sa\u011flar. Is\u0131 kayb\u0131n\u0131 \u00f6nler ve b\u00f6ylece \u0131s\u0131nma ve so\u011futma maliyetlerini d\u00fc\u015f\u00fcr\u00fcr.<\/li>\n\n\n\n<li>Cam paneller kolayca temizlenebilir ve bak\u0131m\u0131 d\u00fc\u015f\u00fckt\u00fcr. Bu sistemler uzun \u00f6m\u00fcrl\u00fcd\u00fcr ve dayan\u0131kl\u0131 malzemelerden yap\u0131ld\u0131\u011f\u0131 i\u00e7in uzun s\u00fcre kullan\u0131labilir.<\/li>\n<\/ul>\n\n\n\n<p class=\"wp-block-paragraph\">Ancak en \u00f6nemli \u00f6zelli\u011fi ve avantaj\u0131 ise klasik s\u00fcrme cam sistemlerin balkon kapatma sistemleri aras\u0131nda en uygun fiyatl\u0131 se\u00e7eneklerden biri olmas\u0131d\u0131r. \u00d6zellikle t\u00fcm temel \u00f6zelliklere sahip olmas\u0131 ancak di\u011fer se\u00e7eneklere g\u00f6re \u00e7ok daha d\u00fc\u015f\u00fck maliyetli olmas\u0131 ile d\u00fc\u015f\u00fck b\u00fct\u00e7eli ki\u015filer i\u00e7in en do\u011fru tercihlerden biri olmaktad\u0131r.<\/p>\n\n\n\n<h2 class=\"wp-block-heading\"><span class=\"ez-toc-section\" id=\"Sabit_Cam_Tavan_Kaldir_Sur_Cam_Sistemleri\"><\/span>Sabit Cam Tavan Kald\u0131r S\u00fcr Cam Sistemleri<span class=\"ez-toc-section-end\"><\/span><\/h2>\n\n\n\n<p class=\"wp-block-paragraph\"><strong>Sabit Cam Tavan Kald\u0131r-S\u00fcr Cam Sistemleri<\/strong>, \u00f6zellikle b\u00fcy\u00fck balkonlar ve teraslar i\u00e7in d\u00f6rt mevsim kullan\u0131m imkan\u0131 sunan bir yap\u0131sal \u00e7\u00f6z\u00fcmd\u00fcr. Sabit cam tavan ve yan cam panellerle balkonunuzu hem a\u00e7\u0131k havada kullanma hem de k\u00f6t\u00fc hava ko\u015fullar\u0131ndan korunma imkan\u0131 sa\u011flamaktad\u0131r.<\/p>\n\n\n\n<p class=\"wp-block-paragraph\">Bu sistem bir sabit cam tavanla ba\u015flamakta ve yan taraflara eklenen cam panellerle tamamlanmaktad\u0131r. Cam tavan, g\u00fcne\u015f \u0131\u015f\u0131\u011f\u0131ndan ve ya\u011fmurdan koruma sa\u011flarken yan cam paneller, balkonun d\u00f6rt taraf\u0131n\u0131 kapatmakta ve b\u00f6ylece d\u00f6rt mevsim kullan\u0131m\u0131 m\u00fcmk\u00fcn k\u0131lmaktad\u0131r.<\/p>\n\n\n\n<p class=\"wp-block-paragraph\">Cam paneller genellikle yukar\u0131 do\u011fru kayd\u0131r\u0131larak a\u00e7\u0131lmakta ve b\u00f6ylece a\u00e7\u0131k hava deneyimi sa\u011flan\u0131rken, k\u00f6t\u00fc hava ko\u015fullar\u0131nda ise kolayca kapat\u0131labilmektedir. Sabit cam tavan, g\u00fcne\u015f \u0131\u015f\u0131\u011f\u0131ndan korurken yan cam paneller k\u00f6t\u00fc hava ko\u015fullar\u0131na kar\u015f\u0131 koruma sa\u011flamaktad\u0131r.<\/p>\n\n\n\n<p class=\"wp-block-paragraph\">Sabit cam tavan modern ve \u015f\u0131k bir g\u00f6r\u00fcn\u00fcm sunmaktad\u0131r. Cam\u0131n \u015feffaf yap\u0131s\u0131 d\u0131\u015far\u0131daki manzaray\u0131 engellememekte ve balkonunuzda ferah bir ortam yaratmaktad\u0131r. Yan cam paneller, r\u00fczgar, ya\u011fmur, kar, toz ve g\u00fcr\u00fclt\u00fc gibi d\u0131\u015f etkenlere kar\u015f\u0131 koruma sa\u011flamaktad\u0131r.<\/p>\n\n\n\n<p class=\"wp-block-paragraph\">\u0130yi yal\u0131t\u0131ml\u0131 cam paneller ve cam tavan, enerji tasarrufuna katk\u0131da bulunabilmektedir. Is\u0131 kayb\u0131n\u0131 \u00f6nlemekte ve \u0131s\u0131nma\/so\u011futma maliyetlerini d\u00fc\u015f\u00fcrmektedir.<\/p>\n","protected":false},"excerpt":{"rendered":"<p>Balkon kapatma sistemleri balkonunuzu d\u00f6rt mevsim kullan\u0131labilir hale getiren ve d\u0131\u015f etkenlerden koruyan olduk\u00e7a kullan\u0131\u015fl\u0131 yap\u0131sal \u00f6zelliklere sahiptir. Hem konfor hem de estetik a\u00e7\u0131dan bir\u00e7ok se\u00e7ene\u011fi sunan bu sistemler, evinizi daha kullan\u0131\u015fl\u0131 hale getirebilirken, balkonunuzda daha fazla zaman ge\u00e7irmenize de olanak tan\u0131maktad\u0131r. Ancak her b\u00fct\u00e7eye uygun en ucuz balkon kapatma y\u00f6ntemleri aras\u0131nda hangilerinin bulundu\u011fu, \u00f6zellikle [&hellip;]<\/p>\n","protected":false},"author":4,"featured_media":2316,"comment_status":"open","ping_status":"open","sticky":false,"template":"","format":"standard","meta":{"site-sidebar-layout":"default","site-content-layout":"","ast-site-content-layout":"default","site-content-style":"default","site-sidebar-style":"default","ast-global-header-display":"","ast-banner-title-visibility":"","ast-main-header-display":"","ast-hfb-above-header-display":"","ast-hfb-below-header-display":"","ast-hfb-mobile-header-display":"","site-post-title":"","ast-breadcrumbs-content":"","ast-featured-img":"","footer-sml-layout":"","theme-transparent-header-meta":"","adv-header-id-meta":"","stick-header-meta":"","header-above-stick-meta":"","header-main-stick-meta":"","header-below-stick-meta":"","astra-migrate-meta-layouts":"default","ast-page-background-enabled":"default","ast-page-background-meta":{"desktop":{"background-color":"","background-image":"","background-repeat":"repeat","background-position":"center center","background-size":"auto","background-attachment":"scroll","background-type":"","background-media":"","overlay-type":"","overlay-color":"","overlay-opacity":"","overlay-gradient":""},"tablet":{"background-color":"","background-image":"","background-repeat":"repeat","background-position":"center center","background-size":"auto","background-attachment":"scroll","background-type":"","background-media":"","overlay-type":"","overlay-color":"","overlay-opacity":"","overlay-gradient":""},"mobile":{"background-color":"","background-image":"","background-repeat":"repeat","background-position":"center center","background-size":"auto","background-attachment":"scroll","background-type":"","background-media":"","overlay-type":"","overlay-color":"","overlay-opacity":"","overlay-gradient":""}},"ast-content-background-meta":{"desktop":{"background-color":"var(--ast-global-color-5)","background-image":"","background-repeat":"repeat","background-position":"center center","background-size":"auto","background-attachment":"scroll","background-type":"","background-media":"","overlay-type":"","overlay-color":"","overlay-opacity":"","overlay-gradient":""},"tablet":{"background-color":"var(--ast-global-color-5)","background-image":"","background-repeat":"repeat","background-position":"center center","background-size":"auto","background-attachment":"scroll","background-type":"","background-media":"","overlay-type":"","overlay-color":"","overlay-opacity":"","overlay-gradient":""},"mobile":{"background-color":"var(--ast-global-color-5)","background-image":"","background-repeat":"repeat","background-position":"center center","background-size":"auto","background-attachment":"scroll","background-type":"","background-media":"","overlay-type":"","overlay-color":"","overlay-opacity":"","overlay-gradient":""}},"footnotes":""},"categories":[1],"tags":[],"class_list":["post-2315","post","type-post","status-publish","format-standard","has-post-thumbnail","hentry","category-hareketli-sabit-aluminyum-sistemler"],"_links":{"self":[{"href":"https:\/\/www.artminium.com\/tr\/wp-json\/wp\/v2\/posts\/2315","targetHints":{"allow":["GET"]}}],"collection":[{"href":"https:\/\/www.artminium.com\/tr\/wp-json\/wp\/v2\/posts"}],"about":[{"href":"https:\/\/www.artminium.com\/tr\/wp-json\/wp\/v2\/types\/post"}],"author":[{"embeddable":true,"href":"https:\/\/www.artminium.com\/tr\/wp-json\/wp\/v2\/users\/4"}],"replies":[{"embeddable":true,"href":"https:\/\/www.artminium.com\/tr\/wp-json\/wp\/v2\/comments?post=2315"}],"version-history":[{"count":0,"href":"https:\/\/www.artminium.com\/tr\/wp-json\/wp\/v2\/posts\/2315\/revisions"}],"wp:featuredmedia":[{"embeddable":true,"href":"https:\/\/www.artminium.com\/tr\/wp-json\/wp\/v2\/media\/2316"}],"wp:attachment":[{"href":"https:\/\/www.artminium.com\/tr\/wp-json\/wp\/v2\/media?parent=2315"}],"wp:term":[{"taxonomy":"category","embeddable":true,"href":"https:\/\/www.artminium.com\/tr\/wp-json\/wp\/v2\/categories?post=2315"},{"taxonomy":"post_tag","embeddable":true,"href":"https:\/\/www.artminium.com\/tr\/wp-json\/wp\/v2\/tags?post=2315"}],"curies":[{"name":"wp","href":"https:\/\/api.w.org\/{rel}","templated":true}]}}