{"id":2312,"date":"2023-11-18T22:18:45","date_gmt":"2023-11-18T19:18:45","guid":{"rendered":"https:\/\/www.artminium.com\/?p=2312"},"modified":"2024-11-04T00:54:14","modified_gmt":"2024-11-03T21:54:14","slug":"branda-balkon-kapatma-fiyatlari","status":"publish","type":"post","link":"https:\/\/www.artminium.com\/tr\/branda-balkon-kapatma-fiyatlari\/","title":{"rendered":"Branda Balkon Kapatma Fiyatlar\u0131"},"content":{"rendered":"\n<p class=\"wp-block-paragraph\">Balkonlar evlerimizin \u00f6nemli bir par\u00e7as\u0131d\u0131r ancak hava ko\u015fullar\u0131 \u00f6zellikle so\u011fuk k\u0131\u015f aylar\u0131nda ve ya\u011fmurlu g\u00fcnlerde balkon keyfini olumsuz etkileyebilmektedir. Bu gibi durumlar i\u00e7in <strong>branda balkon kapatma<\/strong> sistemleri olduk\u00e7a kullan\u0131\u015fl\u0131d\u0131r.<\/p>\n\n\n\n<figure class=\"wp-block-image size-large\"><img fetchpriority=\"high\" decoding=\"async\" width=\"1024\" height=\"576\" src=\"https:\/\/www.artminium.com\/wp-content\/uploads\/2023\/10\/Branda-Balkon-Kapatma-Fiyatlari-1024x576.png\" alt=\"Branda Balkon Kapatma Fiyatlar\u0131\" class=\"wp-image-2313\" srcset=\"https:\/\/www.artminium.com\/wp-content\/uploads\/2023\/10\/Branda-Balkon-Kapatma-Fiyatlari-1024x576.png 1024w, https:\/\/www.artminium.com\/wp-content\/uploads\/2023\/10\/Branda-Balkon-Kapatma-Fiyatlari-300x169.png 300w, https:\/\/www.artminium.com\/wp-content\/uploads\/2023\/10\/Branda-Balkon-Kapatma-Fiyatlari-768x432.png 768w, https:\/\/www.artminium.com\/wp-content\/uploads\/2023\/10\/Branda-Balkon-Kapatma-Fiyatlari.png 1280w\" sizes=\"(max-width: 1024px) 100vw, 1024px\" \/><figcaption class=\"wp-element-caption\">Branda Balkon Kapatma Fiyatlar\u0131<\/figcaption><\/figure>\n\n\n\n<p class=\"wp-block-paragraph\">Branda balkon kapatma, balkonunuzu d\u0131\u015f etkenlerden korurken, ayn\u0131 zamanda ekstra ya\u015fam alan\u0131 yaratmaktad\u0131r. Balkonunuzu hava ko\u015fullar\u0131na kar\u015f\u0131 koruyan ve ekstra bir ya\u015fam alan\u0131 sa\u011flayan bir sistemdir.<\/p>\n\n\n\n<p class=\"wp-block-paragraph\">Genellikle al\u00fcminyum profiller \u00fczerine gerilen dayan\u0131kl\u0131 branda kuma\u015f\u0131ndan olu\u015fmakta ve bu kuma\u015f, ya\u011fmuru, r\u00fczgar\u0131 ve g\u00fcne\u015fi d\u0131\u015far\u0131da tutmakta ve b\u00f6ylece balkonunuzu her mevsim kullanabilmeyi m\u00fcmk\u00fcn hale getirmektedir.<\/p>\n\n\n\n<p class=\"wp-block-paragraph\"><strong>Branda balkon kapatma fiyatlar\u0131<\/strong> ise bir\u00e7ok fakt\u00f6re ba\u011fl\u0131 olarak de\u011fi\u015fkenlik g\u00f6stermektedir. Fiyatlar\u0131 etkileyen bu fakt\u00f6rler aras\u0131nda kullan\u0131lacak malzeme, balkonun boyutu, montaj maliyeti gibi fakt\u00f6rler yer almaktad\u0131r.<\/p>\n\n\n\n<p class=\"wp-block-paragraph\">Ayr\u0131ca ekstra \u00f6zelliklerin ve isteklerin eklenip eklenmedi\u011fi de fiyatlar\u0131 etkileyebilmektedir. Branda balkon kapatma fiyatlar\u0131n\u0131 etkileyen baz\u0131 temel fakt\u00f6rler \u015funlard\u0131r.<\/p>\n\n\n\n<ul class=\"wp-block-list\">\n<li>Balkonunuz ne kadar b\u00fcy\u00fckse, daha fazla malzeme ve i\u015f\u00e7ilik gerekece\u011finden maliyet artabilir.<\/li>\n\n\n\n<li>Branda kapatma sistemlerinde kullan\u0131lan brandan\u0131n kalitesi ve dayan\u0131kl\u0131l\u0131\u011f\u0131 fiyat\u0131 etkiler. Daha dayan\u0131kl\u0131 ve uzun \u00f6m\u00fcrl\u00fc malzemeler genellikle daha pahal\u0131d\u0131r.<\/li>\n\n\n\n<li>Montaj i\u015flemi ve i\u015f\u00e7ilik maliyetleri de branda balkon sistemi fiyatlar\u0131n\u0131 etkilemektedir.<\/li>\n\n\n\n<li>Motorlu kontrol sistemleri, uzaktan kumanda gibi ekstralar eklemek de maliyeti art\u0131rmaktad\u0131r.<\/li>\n<\/ul>\n\n\n\n<p class=\"wp-block-paragraph\">Branda balkon kapatma fiyatlar\u0131 metrekare ba\u015f\u0131na hesaplanmaktad\u0131r ve m\u00fc\u015fterilerin istek ve ihtiya\u00e7lar\u0131 do\u011frultusunda gerekli inceleme ve de\u011ferlendirmeler yap\u0131larak t\u00fcm detaylarla birlikte bir fiyat belirlenerek m\u00fc\u015fterilere sunulmaktad\u0131r.<\/p>\n\n\n\n<p class=\"wp-block-paragraph\">Ki\u015filer, diledi\u011fi zaman Artminium ile ileti\u015fime ge\u00e7erek fiyatlar ve hizmetler konusunda ayr\u0131nt\u0131l\u0131 bilgi alabilmektedir.<\/p>\n\n\n\n<div id=\"ez-toc-container\" class=\"ez-toc-v2_0_85 counter-hierarchy ez-toc-counter ez-toc-grey ez-toc-container-direction\">\n<div class=\"ez-toc-title-container\">\n<p class=\"ez-toc-title\" style=\"cursor:inherit\">\u0130\u00e7indekiler<\/p>\n<span class=\"ez-toc-title-toggle\"><a href=\"#\" class=\"ez-toc-pull-right ez-toc-btn ez-toc-btn-xs ez-toc-btn-default ez-toc-toggle\" aria-label=\"\u0130\u00e7indekiler Tablosunu A\u00e7\/Kapat\"><span class=\"ez-toc-js-icon-con\"><span class=\"\"><span class=\"eztoc-hide\" style=\"display:none;\">Toggle<\/span><span class=\"ez-toc-icon-toggle-span\"><svg style=\"fill: #999;color:#999\" xmlns=\"http:\/\/www.w3.org\/2000\/svg\" class=\"list-377408\" width=\"20px\" height=\"20px\" viewBox=\"0 0 24 24\" fill=\"none\"><path d=\"M6 6H4v2h2V6zm14 0H8v2h12V6zM4 11h2v2H4v-2zm16 0H8v2h12v-2zM4 16h2v2H4v-2zm16 0H8v2h12v-2z\" fill=\"currentColor\"><\/path><\/svg><svg style=\"fill: #999;color:#999\" class=\"arrow-unsorted-368013\" xmlns=\"http:\/\/www.w3.org\/2000\/svg\" width=\"10px\" height=\"10px\" viewBox=\"0 0 24 24\" version=\"1.2\" baseProfile=\"tiny\"><path d=\"M18.2 9.3l-6.2-6.3-6.2 6.3c-.2.2-.3.4-.3.7s.1.5.3.7c.2.2.4.3.7.3h11c.3 0 .5-.1.7-.3.2-.2.3-.5.3-.7s-.1-.5-.3-.7zM5.8 14.7l6.2 6.3 6.2-6.3c.2-.2.3-.5.3-.7s-.1-.5-.3-.7c-.2-.2-.4-.3-.7-.3h-11c-.3 0-.5.1-.7.3-.2.2-.3.5-.3.7s.1.5.3.7z\"\/><\/svg><\/span><\/span><\/span><\/a><\/span><\/div>\n<nav><ul class='ez-toc-list ez-toc-list-level-1 ' ><li class='ez-toc-page-1 ez-toc-heading-level-2'><a class=\"ez-toc-link ez-toc-heading-1\" href=\"https:\/\/www.artminium.com\/tr\/branda-balkon-kapatma-fiyatlari\/#Fermuarli_Branda_Balkon\" >Fermuarl\u0131 Branda Balkon<\/a><\/li><li class='ez-toc-page-1 ez-toc-heading-level-2'><a class=\"ez-toc-link ez-toc-heading-2\" href=\"https:\/\/www.artminium.com\/tr\/branda-balkon-kapatma-fiyatlari\/#Seffaf_Branda_Ile_Balkon_Kapatma\" >\u015eeffaf Branda \u0130le Balkon Kapatma<\/a><\/li><\/ul><\/nav><\/div>\n<h2 class=\"wp-block-heading\"><span class=\"ez-toc-section\" id=\"Fermuarli_Branda_Balkon\"><\/span>Fermuarl\u0131 Branda Balkon<span class=\"ez-toc-section-end\"><\/span><\/h2>\n\n\n\n<p class=\"wp-block-paragraph\"><strong>Fermuarl\u0131 branda balkon<\/strong> sistemleri, balkonlar\u0131 ve a\u00e7\u0131k teraslar\u0131 hava ko\u015fullar\u0131na kar\u015f\u0131 korumak ve ekstra ya\u015fam alan\u0131 yaratmak amac\u0131yla kullan\u0131lan bir t\u00fcr branda sistemidir. \u00d6zellikle balkonlar\u0131 ya\u011fmurdan, r\u00fczgardan ve g\u00fcne\u015fin zararl\u0131 etkilerinden korumak i\u00e7in tasarlanm\u0131\u015ft\u0131r.<\/p>\n\n\n\n<p class=\"wp-block-paragraph\">\u0130sminden de anla\u015f\u0131laca\u011f\u0131 gibi bu sistemlerde kullan\u0131lan branda, fermuarlar yard\u0131m\u0131yla \u00e7er\u00e7eveye tak\u0131lmakta ve kapat\u0131lmaktad\u0131r. Fermuarl\u0131 branda balkon sistemlerinin temel \u00f6zellikleri \u015funlard\u0131r:<\/p>\n\n\n\n<ul class=\"wp-block-list\">\n<li>Dayan\u0131kl\u0131 ve hava ko\u015fullar\u0131na kar\u015f\u0131 diren\u00e7li malzemelerden \u00fcretilir. Uzun \u00f6m\u00fcrl\u00fc bir koruma sa\u011flar.<\/li>\n\n\n\n<li>A\u00e7ma ve kapama i\u015flemi olduk\u00e7a kolayd\u0131r. Fermuarlar sayesinde branda kolayca a\u00e7\u0131l\u0131p kapat\u0131labilir.<\/li>\n<\/ul>\n\n\n\n<ul class=\"wp-block-list\">\n<li>Balkonunuzun \u00f6l\u00e7\u00fclerine g\u00f6re \u00f6zelle\u015ftirilebilir. Bu, her t\u00fcrl\u00fc balkon veya teras i\u00e7in uygun bir \u00e7\u00f6z\u00fcm sunar.<\/li>\n\n\n\n<li>G\u00fcne\u015f \u0131\u015f\u0131\u011f\u0131n\u0131n kontrol\u00fcn\u00fc sa\u011flar. A\u015f\u0131r\u0131 s\u0131cak havalarda veya parlak g\u00fcne\u015f \u0131\u015f\u0131\u011f\u0131nda, branday\u0131 kapatmak, daha konforlu bir ortam yaratman\u0131za yard\u0131mc\u0131 olur.<\/li>\n\n\n\n<li>Ya\u011fmuru ve r\u00fczgar\u0131 d\u0131\u015far\u0131da tutar, b\u00f6ylece balkonunuzu her mevsim kullanabilirsiniz.<\/li>\n\n\n\n<li>Estetik bir g\u00f6r\u00fcn\u00fcme sahiptir ve evinize de\u011fer katar. Genellikle \u015feffaf pencereler veya farkl\u0131 renk se\u00e7enekleriyle ki\u015fiselle\u015ftirilebilirler.<\/li>\n<\/ul>\n\n\n\n<p class=\"wp-block-paragraph\">Fermuarl\u0131 branda balkon sistemleri, a\u00e7\u0131k hava mekanlar\u0131n\u0131 daha i\u015flevsel ve kullan\u0131\u015fl\u0131 hale getirmek isteyenler i\u00e7in ideal bir \u00e7\u00f6z\u00fcmd\u00fcr. Balkonunuzu d\u00f6rt mevsim kullanabilir hale getirirken, ayn\u0131 zamanda d\u0131\u015f etkenlere kar\u015f\u0131 koruma sa\u011flamaktad\u0131r.<\/p>\n\n\n\n<p class=\"wp-block-paragraph\">\u00d6zellikle apartman dairelerinde ve \u015fehir ya\u015fam\u0131nda balkonlar\u0131 daha verimli bir \u015fekilde kullanmak isteyenler i\u00e7in pop\u00fcler bir tercih olmaktad\u0131r.<\/p>\n\n\n\n<h2 class=\"wp-block-heading\"><span class=\"ez-toc-section\" id=\"Seffaf_Branda_Ile_Balkon_Kapatma\"><\/span>\u015eeffaf Branda \u0130le Balkon Kapatma<span class=\"ez-toc-section-end\"><\/span><\/h2>\n\n\n\n<p class=\"wp-block-paragraph\"><strong>\u015eeffaf branda ile balkon kapatma<\/strong> sistemleri ise balkonlar\u0131 ve teraslar\u0131 hava ko\u015fullar\u0131na kar\u015f\u0131 korurken ayn\u0131 zamanda d\u0131\u015far\u0131daki manzaray\u0131 g\u00f6rmeye devam etmenizi sa\u011flayan \u015feffaf malzemelerden yap\u0131lan bir t\u00fcr balkon kapama sistemidir.<\/p>\n\n\n\n<p class=\"wp-block-paragraph\">\u015eeffaf PVC branda malzemesi kullan\u0131larak tasarlanmakta ve genellikle al\u00fcminyum profiller \u00fczerine monte edilmektedir. \u015eeffaf branda kapatma sistemleri, a\u00e7\u0131k hava mekanlar\u0131n\u0131 her mevsim kullanabilir hale getirmektedir.<\/p>\n\n\n\n<p class=\"wp-block-paragraph\">\u00d6zellikle \u015fehir ya\u015fam\u0131nda ve apartman dairelerinde balkonlar\u0131 daha i\u015flevsel hale getirmek isteyenler i\u00e7in pop\u00fcler bir se\u00e7enektir. D\u00f6rt mevsim kullan\u0131labilirlik, manzara koruma ve estetik a\u00e7\u0131dan tatmin edici bir \u00e7\u00f6z\u00fcm sunmaktad\u0131r.<\/p>\n\n\n\n<p class=\"wp-block-paragraph\"><strong>\u015eeffaf branda balkon kapatma fiyatlar\u0131<\/strong> ise kullan\u0131lan malzeme kalitesi, boyutlar ve marka gibi fakt\u00f6rlere ba\u011fl\u0131 olarak de\u011fi\u015febilmektedir.<\/p>\n","protected":false},"excerpt":{"rendered":"<p>Balkonlar evlerimizin \u00f6nemli bir par\u00e7as\u0131d\u0131r ancak hava ko\u015fullar\u0131 \u00f6zellikle so\u011fuk k\u0131\u015f aylar\u0131nda ve ya\u011fmurlu g\u00fcnlerde balkon keyfini olumsuz etkileyebilmektedir. Bu gibi durumlar i\u00e7in branda balkon kapatma sistemleri olduk\u00e7a kullan\u0131\u015fl\u0131d\u0131r. Branda balkon kapatma, balkonunuzu d\u0131\u015f etkenlerden korurken, ayn\u0131 zamanda ekstra ya\u015fam alan\u0131 yaratmaktad\u0131r. Balkonunuzu hava ko\u015fullar\u0131na kar\u015f\u0131 koruyan ve ekstra bir ya\u015fam alan\u0131 sa\u011flayan bir sistemdir. [&hellip;]<\/p>\n","protected":false},"author":4,"featured_media":2313,"comment_status":"open","ping_status":"open","sticky":false,"template":"","format":"standard","meta":{"site-sidebar-layout":"default","site-content-layout":"","ast-site-content-layout":"default","site-content-style":"default","site-sidebar-style":"default","ast-global-header-display":"","ast-banner-title-visibility":"","ast-main-header-display":"","ast-hfb-above-header-display":"","ast-hfb-below-header-display":"","ast-hfb-mobile-header-display":"","site-post-title":"","ast-breadcrumbs-content":"","ast-featured-img":"","footer-sml-layout":"","theme-transparent-header-meta":"","adv-header-id-meta":"","stick-header-meta":"","header-above-stick-meta":"","header-main-stick-meta":"","header-below-stick-meta":"","astra-migrate-meta-layouts":"default","ast-page-background-enabled":"default","ast-page-background-meta":{"desktop":{"background-color":"","background-image":"","background-repeat":"repeat","background-position":"center center","background-size":"auto","background-attachment":"scroll","background-type":"","background-media":"","overlay-type":"","overlay-color":"","overlay-opacity":"","overlay-gradient":""},"tablet":{"background-color":"","background-image":"","background-repeat":"repeat","background-position":"center center","background-size":"auto","background-attachment":"scroll","background-type":"","background-media":"","overlay-type":"","overlay-color":"","overlay-opacity":"","overlay-gradient":""},"mobile":{"background-color":"","background-image":"","background-repeat":"repeat","background-position":"center center","background-size":"auto","background-attachment":"scroll","background-type":"","background-media":"","overlay-type":"","overlay-color":"","overlay-opacity":"","overlay-gradient":""}},"ast-content-background-meta":{"desktop":{"background-color":"var(--ast-global-color-5)","background-image":"","background-repeat":"repeat","background-position":"center center","background-size":"auto","background-attachment":"scroll","background-type":"","background-media":"","overlay-type":"","overlay-color":"","overlay-opacity":"","overlay-gradient":""},"tablet":{"background-color":"var(--ast-global-color-5)","background-image":"","background-repeat":"repeat","background-position":"center center","background-size":"auto","background-attachment":"scroll","background-type":"","background-media":"","overlay-type":"","overlay-color":"","overlay-opacity":"","overlay-gradient":""},"mobile":{"background-color":"var(--ast-global-color-5)","background-image":"","background-repeat":"repeat","background-position":"center center","background-size":"auto","background-attachment":"scroll","background-type":"","background-media":"","overlay-type":"","overlay-color":"","overlay-opacity":"","overlay-gradient":""}},"footnotes":""},"categories":[1],"tags":[],"class_list":["post-2312","post","type-post","status-publish","format-standard","has-post-thumbnail","hentry","category-hareketli-sabit-aluminyum-sistemler"],"_links":{"self":[{"href":"https:\/\/www.artminium.com\/tr\/wp-json\/wp\/v2\/posts\/2312","targetHints":{"allow":["GET"]}}],"collection":[{"href":"https:\/\/www.artminium.com\/tr\/wp-json\/wp\/v2\/posts"}],"about":[{"href":"https:\/\/www.artminium.com\/tr\/wp-json\/wp\/v2\/types\/post"}],"author":[{"embeddable":true,"href":"https:\/\/www.artminium.com\/tr\/wp-json\/wp\/v2\/users\/4"}],"replies":[{"embeddable":true,"href":"https:\/\/www.artminium.com\/tr\/wp-json\/wp\/v2\/comments?post=2312"}],"version-history":[{"count":0,"href":"https:\/\/www.artminium.com\/tr\/wp-json\/wp\/v2\/posts\/2312\/revisions"}],"wp:featuredmedia":[{"embeddable":true,"href":"https:\/\/www.artminium.com\/tr\/wp-json\/wp\/v2\/media\/2313"}],"wp:attachment":[{"href":"https:\/\/www.artminium.com\/tr\/wp-json\/wp\/v2\/media?parent=2312"}],"wp:term":[{"taxonomy":"category","embeddable":true,"href":"https:\/\/www.artminium.com\/tr\/wp-json\/wp\/v2\/categories?post=2312"},{"taxonomy":"post_tag","embeddable":true,"href":"https:\/\/www.artminium.com\/tr\/wp-json\/wp\/v2\/tags?post=2312"}],"curies":[{"name":"wp","href":"https:\/\/api.w.org\/{rel}","templated":true}]}}