{"id":2144,"date":"2023-09-26T19:26:13","date_gmt":"2023-09-26T19:26:13","guid":{"rendered":"https:\/\/www.artminium.com\/?p=2144"},"modified":"2024-11-07T23:58:14","modified_gmt":"2024-11-07T20:58:14","slug":"balkon-ustu-kapatma-modelleri","status":"publish","type":"post","link":"https:\/\/www.artminium.com\/tr\/balkon-ustu-kapatma-modelleri\/","title":{"rendered":"Balkon \u00dcst\u00fc Kapatma Modelleri"},"content":{"rendered":"\n<p class=\"wp-block-paragraph\">G\u00fcn\u00fcm\u00fczde s\u0131kl\u0131kla balkon alanlar\u0131 kapat\u0131larak yeni alanlar olu\u015fturulmaktad\u0131r. Olu\u015fturulan bu yeni alanlar k\u0131\u015f ve yaz aylar\u0131n\u0131n \u00e7e\u015fitli olumsuz etkilerini en aza indirgeyen, olduk\u00e7a kullan\u0131\u015fl\u0131 ve konforlu alanlar haline d\u00f6n\u00fc\u015fmektedir.<\/p>\n\n\n\n<p class=\"wp-block-paragraph\">&nbsp;<strong>Balkon \u00fcst\u00fc kapatma modelleri<\/strong> olduk\u00e7a pop\u00fcler ve s\u0131kl\u0131kla tercih edilmeye ba\u015flanmas\u0131yla birlikte yeni, modern ve olduk\u00e7a dayan\u0131kl\u0131 modeller ortaya \u00e7\u0131kmaya ba\u015flam\u0131\u015ft\u0131r. Ortaya \u00e7\u0131kan bu yeni modeller daha \u00e7ok do\u011fayla i\u00e7 i\u00e7e olmay\u0131 ya da yeni hobi alanlar\u0131 i\u00e7in kullan\u0131ma uygun hale gelmi\u015ftir. S\u0131kl\u0131kla tercih edilen balkon \u00fcst\u00fc kapatma modelleri:<\/p>\n\n\n\n<ul class=\"wp-block-list\">\n<li><em>S\u00fcrg\u00fcl\u00fc Cam Teras Kapatma<\/em><\/li>\n<\/ul>\n\n\n\n<p class=\"wp-block-paragraph\">S\u0131kl\u0131kla g\u00f6rmeye al\u0131\u015f\u0131k oldu\u011fumuz s\u00fcrg\u00fcl\u00fc cam teras kapatma modelleri, uygun fiyat\u0131, dayan\u0131kl\u0131 malzeme yap\u0131s\u0131 ve modern bir g\u00f6r\u00fcnt\u00fc sergilemesi nedeniyle s\u0131kl\u0131kla tercih edilmektedir.&nbsp; Is\u0131 ve ses yal\u0131t\u0131mlar\u0131 olduk\u00e7a g\u00fc\u00e7l\u00fc malzemelerdir.<\/p>\n\n\n\n<p class=\"wp-block-paragraph\">S\u00fcrg\u00fcl\u00fc cam teras kapatma modeli uygulanan alanlar \u00e7ok daha ferah, oldu\u011fundan daha geni\u015f ve bitkileriniz i\u00e7in muhte\u015fem bir alan olacakt\u0131r. Yaz ya da k\u0131\u015f aylar\u0131nda bu alan i\u00e7erisinde rahatl\u0131kla keyif yapabilecek, \u00e7evre manzaras\u0131n\u0131n keyfini \u00e7\u0131karabileceksiniz. Temizlik ve bak\u0131m\u0131 olduk\u00e7a kolay kapatma modelleri aras\u0131nda yer almaktad\u0131r.<\/p>\n\n\n\n<ul class=\"wp-block-list\">\n<li><em>\u00c7elik Konstr\u00fcksiyon Kapatma<\/em><\/li>\n<\/ul>\n\n\n\n<p class=\"wp-block-paragraph\">\u00c7elik konstr\u00fcksiyon kapatma, olduk\u00e7a modern ve dayan\u0131kl\u0131 balkon \u00fcst\u00fc kapatma modelleridir. Di\u011fer balkon \u00fcst\u00fc kapatma se\u00e7eneklerine g\u00f6re \u00e7ok daha dayan\u0131kl\u0131 ve uzun \u00f6m\u00fcrl\u00fc bir kullan\u0131m imk\u00e2n\u0131 sunmaktad\u0131r.<\/p>\n\n\n\n<p class=\"wp-block-paragraph\">&nbsp;Bunlar\u0131n yan\u0131 s\u0131ra \u00e7elik konstr\u00fcksiyon kapatma, paslanma, k\u0131r\u0131lma ya da a\u015f\u0131nma gibi durumlar neredeyse hi\u00e7 g\u00f6r\u00fclmez. Uzun seneler rahatl\u0131kla kullan\u0131m imk\u00e2n\u0131 sunarken ayn\u0131 zamanda modern ve yenilik\u00e7i bir tasar\u0131m olarak kar\u015f\u0131n\u0131za \u00e7\u0131kmaktad\u0131r.<\/p>\n\n\n\n<ul class=\"wp-block-list\">\n<li><em>Teras Pergola Kapatma<\/em><\/li>\n<\/ul>\n\n\n\n<p class=\"wp-block-paragraph\">Teras pergolalar, daha \u00e7ok g\u00f6r\u00fcnt\u00fc a\u00e7\u0131s\u0131ndan \u015f\u0131k ve yenilik\u00e7i birer tasar\u0131m olmaktad\u0131r. Kullan\u0131m alanlar\u0131 ise daha \u00e7ok teras, balkon ve bah\u00e7e alanlar\u0131 olarak s\u0131ralanabilir. Hangi pergolan\u0131n sizin ihtiya\u00e7 ve isteklerinize uyaca\u011f\u0131 konusu olduk\u00e7a \u00f6nemlidir.<\/p>\n\n\n\n<p class=\"wp-block-paragraph\">&nbsp;Kullan\u0131lacak alan, b\u00f6lge ve bask\u0131n iklim ko\u015fullar\u0131na g\u00f6re farkl\u0131 malzeme ve kalitede \u00fcretimi m\u00fcmk\u00fcnd\u00fcr. Do\u011fru tercih edilmi\u015f olan teras pergola, alan i\u00e7in olduk\u00e7a kullan\u0131\u015fl\u0131 ve \u015f\u0131k birer g\u00f6lgelik olu\u015fturacakt\u0131r.<\/p>\n\n\n\n<ul class=\"wp-block-list\">\n<li><em>Rollings Roof Kapatma<\/em><\/li>\n<\/ul>\n\n\n\n<p class=\"wp-block-paragraph\">\u00d6zellikle \u00e7e\u015fitli i\u015fletmeler, nispeten b\u00fcy\u00fck bah\u00e7e alanlar\u0131n\u0131 kapatmak i\u00e7in rollings roof kapatma modelini tercih etmektedir.<\/p>\n\n\n\n<p class=\"wp-block-paragraph\">Bu kapatma t\u00fcr\u00fc di\u011fer kapatma t\u00fcrlerine g\u00f6re elektronik olmas\u0131 ve \u00e7at\u0131 k\u0131sm\u0131n\u0131n a\u015fa\u011f\u0131, yukar\u0131, k\u0131smen ya da tamamen kapan\u0131p a\u00e7\u0131labilmesiyle farkl\u0131l\u0131k olu\u015fturmaktad\u0131r.&nbsp; Kullanmak istedi\u011finiz alan \u00fczerinde olumsuz hava ko\u015fuluna kar\u015f\u0131 en b\u00fcy\u00fck yard\u0131mc\u0131n\u0131z olacakt\u0131r.<\/p>\n\n\n\n<p class=\"wp-block-paragraph\"><strong>S\u0131k\u00e7a Sorulan Sorular<\/strong><\/p>\n\n\n\n<div id=\"ez-toc-container\" class=\"ez-toc-v2_0_85 counter-hierarchy ez-toc-counter ez-toc-grey ez-toc-container-direction\">\n<div class=\"ez-toc-title-container\">\n<p class=\"ez-toc-title\" style=\"cursor:inherit\">\u0130\u00e7indekiler<\/p>\n<span class=\"ez-toc-title-toggle\"><a href=\"#\" class=\"ez-toc-pull-right ez-toc-btn ez-toc-btn-xs ez-toc-btn-default ez-toc-toggle\" aria-label=\"\u0130\u00e7indekiler Tablosunu A\u00e7\/Kapat\"><span class=\"ez-toc-js-icon-con\"><span class=\"\"><span class=\"eztoc-hide\" style=\"display:none;\">Toggle<\/span><span class=\"ez-toc-icon-toggle-span\"><svg style=\"fill: #999;color:#999\" xmlns=\"http:\/\/www.w3.org\/2000\/svg\" class=\"list-377408\" width=\"20px\" height=\"20px\" viewBox=\"0 0 24 24\" fill=\"none\"><path d=\"M6 6H4v2h2V6zm14 0H8v2h12V6zM4 11h2v2H4v-2zm16 0H8v2h12v-2zM4 16h2v2H4v-2zm16 0H8v2h12v-2z\" fill=\"currentColor\"><\/path><\/svg><svg style=\"fill: #999;color:#999\" class=\"arrow-unsorted-368013\" xmlns=\"http:\/\/www.w3.org\/2000\/svg\" width=\"10px\" height=\"10px\" viewBox=\"0 0 24 24\" version=\"1.2\" baseProfile=\"tiny\"><path d=\"M18.2 9.3l-6.2-6.3-6.2 6.3c-.2.2-.3.4-.3.7s.1.5.3.7c.2.2.4.3.7.3h11c.3 0 .5-.1.7-.3.2-.2.3-.5.3-.7s-.1-.5-.3-.7zM5.8 14.7l6.2 6.3 6.2-6.3c.2-.2.3-.5.3-.7s-.1-.5-.3-.7c-.2-.2-.4-.3-.7-.3h-11c-.3 0-.5.1-.7.3-.2.2-.3.5-.3.7s.1.5.3.7z\"\/><\/svg><\/span><\/span><\/span><\/a><\/span><\/div>\n<nav><ul class='ez-toc-list ez-toc-list-level-1 ' ><li class='ez-toc-page-1 ez-toc-heading-level-2'><a class=\"ez-toc-link ez-toc-heading-1\" href=\"https:\/\/www.artminium.com\/tr\/balkon-ustu-kapatma-modelleri\/#Pvc_Balkon_Kapatma_Yasal_mi\" >Pvc Balkon Kapatma Yasal m\u0131?<\/a><\/li><li class='ez-toc-page-1 ez-toc-heading-level-2'><a class=\"ez-toc-link ez-toc-heading-2\" href=\"https:\/\/www.artminium.com\/tr\/balkon-ustu-kapatma-modelleri\/#Balkon_Kapatma_ne_Kadar_Tutar\" >Balkon Kapatma ne Kadar Tutar?<\/a><\/li><li class='ez-toc-page-1 ez-toc-heading-level-2'><a class=\"ez-toc-link ez-toc-heading-3\" href=\"https:\/\/www.artminium.com\/tr\/balkon-ustu-kapatma-modelleri\/#Teras_Ustu_Kapatma_Yasal_mi\" >Teras \u00dcst\u00fc Kapatma Yasal m\u0131?<\/a><\/li><\/ul><\/nav><\/div>\n<h2 class=\"wp-block-heading\"><span class=\"ez-toc-section\" id=\"Pvc_Balkon_Kapatma_Yasal_mi\"><\/span>Pvc Balkon Kapatma Yasal m\u0131?<span class=\"ez-toc-section-end\"><\/span><\/h2>\n\n\n\n<p class=\"wp-block-paragraph\">Bu sorunun kesin bir cevab\u0131 bulunmamakla birlikte, g\u00f6mme balkon olmas\u0131 ve mevcut taban alan\u0131n\u0131n haks\u0131z bir \u015fekilde artt\u0131r\u0131lmamas\u0131 halinde herhangi bir izne gerek olmad\u0131\u011f\u0131 s\u00f6ylenirken, kimi bilgilerde bu durumun tam tersini, yani balkon ya da teras kapat\u0131lmak istenmesi halinde bina ya da site maliklerinin izin ve gerekli ruhsat al\u0131nmas\u0131 gerekti\u011fi y\u00f6n\u00fcnde bilgiler yer almaktad\u0131r.<\/p>\n\n\n\n<figure class=\"wp-block-image size-full\"><img fetchpriority=\"high\" decoding=\"async\" width=\"640\" height=\"270\" src=\"https:\/\/www.artminium.com\/wp-content\/uploads\/2023\/08\/images-51.jpeg\" alt=\"\" class=\"wp-image-1930\" srcset=\"https:\/\/www.artminium.com\/wp-content\/uploads\/2023\/08\/images-51.jpeg 640w, https:\/\/www.artminium.com\/wp-content\/uploads\/2023\/08\/images-51-300x127.jpeg 300w\" sizes=\"(max-width: 640px) 100vw, 640px\" \/><\/figure>\n\n\n\n<h2 class=\"wp-block-heading\"><span class=\"ez-toc-section\" id=\"Balkon_Kapatma_ne_Kadar_Tutar\"><\/span>Balkon Kapatma ne Kadar Tutar?<span class=\"ez-toc-section-end\"><\/span><\/h2>\n\n\n\n<p class=\"wp-block-paragraph\"><strong>Balkon kapatma ne kadar tutar?<\/strong> sorusun yan\u0131t\u0131 bulundu\u011funuz il, il\u00e7e, tercih edece\u011finiz kapatma t\u00fcr\u00fc ve \u00fcr\u00fcnlerin kalitesine g\u00f6re de\u011fi\u015fiklik g\u00f6stermektedir. Tercih edebilece\u011finiz sistemler aras\u0131nda \u0131s\u0131yal\u0131t\u0131m performans\u0131 s\u0131ras\u0131yla;<\/p>\n\n\n\n<ul class=\"wp-block-list\">\n<li>katlan\u0131r cam balkon sistem<\/li>\n\n\n\n<li>S\u00fcrme cam sistem<\/li>\n\n\n\n<li>Otomatik giyotin cam sistem<\/li>\n\n\n\n<li>Folding (Akerdeon) sistem<\/li>\n\n\n\n<li>Kald\u0131r s\u00fcr sistem (Hiebeschiebe) <\/li>\n<\/ul>\n\n\n\n<p class=\"wp-block-paragraph\">\u015eeklindedir. Her sistem \u0131s\u0131caml\u0131 ve \u0131s\u0131cams\u0131z olarak uygulanmakta birlikte, kendine \u00f6zg\u00fc sistem avantajlar\u0131 ve dezavantajlar\u0131 vard\u0131r.<\/p>\n\n\n\n<p class=\"wp-block-paragraph\">Ortalama bir tutar olarak ise 1 metre2 ba\u015f\u0131na; 2.000- 15.000 TL aras\u0131nda olabilir.<\/p>\n\n\n\n<figure class=\"wp-block-image size-full\"><img decoding=\"async\" width=\"400\" height=\"401\" src=\"https:\/\/www.artminium.com\/wp-content\/uploads\/2023\/08\/Create-a-space-in-your-home-that-you-and-family-will-fall-in-love-with-\ud83d\ude4c\ud83d\ude4c\ud83d\ude4c.png\" alt=\"\" class=\"wp-image-1912\" srcset=\"https:\/\/www.artminium.com\/wp-content\/uploads\/2023\/08\/Create-a-space-in-your-home-that-you-and-family-will-fall-in-love-with-\ud83d\ude4c\ud83d\ude4c\ud83d\ude4c.png 400w, https:\/\/www.artminium.com\/wp-content\/uploads\/2023\/08\/Create-a-space-in-your-home-that-you-and-family-will-fall-in-love-with-\ud83d\ude4c\ud83d\ude4c\ud83d\ude4c-300x300.png 300w, https:\/\/www.artminium.com\/wp-content\/uploads\/2023\/08\/Create-a-space-in-your-home-that-you-and-family-will-fall-in-love-with-\ud83d\ude4c\ud83d\ude4c\ud83d\ude4c-150x150.png 150w\" sizes=\"(max-width: 400px) 100vw, 400px\" \/><\/figure>\n\n\n\n<h2 class=\"wp-block-heading\"><span class=\"ez-toc-section\" id=\"Teras_Ustu_Kapatma_Yasal_mi\"><\/span>Teras \u00dcst\u00fc Kapatma Yasal m\u0131?<span class=\"ez-toc-section-end\"><\/span><\/h2>\n\n\n\n<p class=\"wp-block-paragraph\">Gerekli izin ve ruhsat\u0131n al\u0131nmas\u0131 halinde evet, <strong>teras \u00fcst\u00fc kapatma yasal<\/strong> hale gelmektedir. Herhangi bir izin ya da ruhsat al\u0131nmadan halde yap\u0131lan teras \u00fcst\u00fc kapatmalar da para cezalar\u0131 uygulanabilir.<\/p>\n\n\n\n<figure class=\"wp-block-image size-full\"><img decoding=\"async\" width=\"443\" height=\"443\" src=\"https:\/\/www.artminium.com\/wp-content\/uploads\/2023\/08\/images-55.jpeg\" alt=\"\" class=\"wp-image-1917\" srcset=\"https:\/\/www.artminium.com\/wp-content\/uploads\/2023\/08\/images-55.jpeg 443w, https:\/\/www.artminium.com\/wp-content\/uploads\/2023\/08\/images-55-300x300.jpeg 300w, https:\/\/www.artminium.com\/wp-content\/uploads\/2023\/08\/images-55-150x150.jpeg 150w\" sizes=\"(max-width: 443px) 100vw, 443px\" \/><\/figure>\n","protected":false},"excerpt":{"rendered":"<p>G\u00fcn\u00fcm\u00fczde s\u0131kl\u0131kla balkon alanlar\u0131 kapat\u0131larak yeni alanlar olu\u015fturulmaktad\u0131r. Olu\u015fturulan bu yeni alanlar k\u0131\u015f ve yaz aylar\u0131n\u0131n \u00e7e\u015fitli olumsuz etkilerini en aza indirgeyen, olduk\u00e7a kullan\u0131\u015fl\u0131 ve konforlu alanlar haline d\u00f6n\u00fc\u015fmektedir. &nbsp;Balkon \u00fcst\u00fc kapatma modelleri olduk\u00e7a pop\u00fcler ve s\u0131kl\u0131kla tercih edilmeye ba\u015flanmas\u0131yla birlikte yeni, modern ve olduk\u00e7a dayan\u0131kl\u0131 modeller ortaya \u00e7\u0131kmaya ba\u015flam\u0131\u015ft\u0131r. Ortaya \u00e7\u0131kan bu yeni modeller [&hellip;]<\/p>\n","protected":false},"author":4,"featured_media":1930,"comment_status":"open","ping_status":"open","sticky":false,"template":"","format":"standard","meta":{"site-sidebar-layout":"default","site-content-layout":"","ast-site-content-layout":"default","site-content-style":"default","site-sidebar-style":"default","ast-global-header-display":"","ast-banner-title-visibility":"","ast-main-header-display":"","ast-hfb-above-header-display":"","ast-hfb-below-header-display":"","ast-hfb-mobile-header-display":"","site-post-title":"","ast-breadcrumbs-content":"","ast-featured-img":"","footer-sml-layout":"","theme-transparent-header-meta":"","adv-header-id-meta":"","stick-header-meta":"","header-above-stick-meta":"","header-main-stick-meta":"","header-below-stick-meta":"","astra-migrate-meta-layouts":"default","ast-page-background-enabled":"default","ast-page-background-meta":{"desktop":{"background-color":"","background-image":"","background-repeat":"repeat","background-position":"center center","background-size":"auto","background-attachment":"scroll","background-type":"","background-media":"","overlay-type":"","overlay-color":"","overlay-opacity":"","overlay-gradient":""},"tablet":{"background-color":"","background-image":"","background-repeat":"repeat","background-position":"center center","background-size":"auto","background-attachment":"scroll","background-type":"","background-media":"","overlay-type":"","overlay-color":"","overlay-opacity":"","overlay-gradient":""},"mobile":{"background-color":"","background-image":"","background-repeat":"repeat","background-position":"center center","background-size":"auto","background-attachment":"scroll","background-type":"","background-media":"","overlay-type":"","overlay-color":"","overlay-opacity":"","overlay-gradient":""}},"ast-content-background-meta":{"desktop":{"background-color":"var(--ast-global-color-5)","background-image":"","background-repeat":"repeat","background-position":"center center","background-size":"auto","background-attachment":"scroll","background-type":"","background-media":"","overlay-type":"","overlay-color":"","overlay-opacity":"","overlay-gradient":""},"tablet":{"background-color":"var(--ast-global-color-5)","background-image":"","background-repeat":"repeat","background-position":"center center","background-size":"auto","background-attachment":"scroll","background-type":"","background-media":"","overlay-type":"","overlay-color":"","overlay-opacity":"","overlay-gradient":""},"mobile":{"background-color":"var(--ast-global-color-5)","background-image":"","background-repeat":"repeat","background-position":"center center","background-size":"auto","background-attachment":"scroll","background-type":"","background-media":"","overlay-type":"","overlay-color":"","overlay-opacity":"","overlay-gradient":""}},"footnotes":""},"categories":[1],"tags":[],"class_list":["post-2144","post","type-post","status-publish","format-standard","has-post-thumbnail","hentry","category-hareketli-sabit-aluminyum-sistemler"],"_links":{"self":[{"href":"https:\/\/www.artminium.com\/tr\/wp-json\/wp\/v2\/posts\/2144","targetHints":{"allow":["GET"]}}],"collection":[{"href":"https:\/\/www.artminium.com\/tr\/wp-json\/wp\/v2\/posts"}],"about":[{"href":"https:\/\/www.artminium.com\/tr\/wp-json\/wp\/v2\/types\/post"}],"author":[{"embeddable":true,"href":"https:\/\/www.artminium.com\/tr\/wp-json\/wp\/v2\/users\/4"}],"replies":[{"embeddable":true,"href":"https:\/\/www.artminium.com\/tr\/wp-json\/wp\/v2\/comments?post=2144"}],"version-history":[{"count":0,"href":"https:\/\/www.artminium.com\/tr\/wp-json\/wp\/v2\/posts\/2144\/revisions"}],"wp:featuredmedia":[{"embeddable":true,"href":"https:\/\/www.artminium.com\/tr\/wp-json\/wp\/v2\/media\/1930"}],"wp:attachment":[{"href":"https:\/\/www.artminium.com\/tr\/wp-json\/wp\/v2\/media?parent=2144"}],"wp:term":[{"taxonomy":"category","embeddable":true,"href":"https:\/\/www.artminium.com\/tr\/wp-json\/wp\/v2\/categories?post=2144"},{"taxonomy":"post_tag","embeddable":true,"href":"https:\/\/www.artminium.com\/tr\/wp-json\/wp\/v2\/tags?post=2144"}],"curies":[{"name":"wp","href":"https:\/\/api.w.org\/{rel}","templated":true}]}}