{"id":2461,"date":"2024-10-12T22:26:26","date_gmt":"2024-10-12T19:26:26","guid":{"rendered":"https:\/\/www.artminium.com\/?p=2461"},"modified":"2026-01-15T17:29:55","modified_gmt":"2026-01-15T14:29:55","slug":"sa-kushton-kopshti-dimeror-cmimet-dhe-faktoret-e-kostos","status":"publish","type":"post","link":"https:\/\/www.artminium.com\/sq\/sa-kushton-kopshti-dimeror-cmimet-dhe-faktoret-e-kostos\/","title":{"rendered":"Sa kushton nj\u00eb kopsht dim\u00ebror? \u00c7mimet e kopshtit dim\u00ebror n\u00eb vitin 2026"},"content":{"rendered":"<div id=\"ez-toc-container\" class=\"ez-toc-v2_0_85 counter-hierarchy ez-toc-counter ez-toc-grey ez-toc-container-direction\">\n<div class=\"ez-toc-title-container\">\n<p class=\"ez-toc-title\" style=\"cursor:inherit\">P\u00ebrmbajtja<\/p>\n<span class=\"ez-toc-title-toggle\"><a href=\"#\" class=\"ez-toc-pull-right ez-toc-btn ez-toc-btn-xs ez-toc-btn-default ez-toc-toggle\" aria-label=\"Ndrysho Tabel\u00ebn e P\u00ebrmbajtjes\"><span class=\"ez-toc-js-icon-con\"><span class=\"\"><span class=\"eztoc-hide\" style=\"display:none;\">nd\u00ebrroj<\/span><span class=\"ez-toc-icon-toggle-span\"><svg style=\"fill: #999;color:#999\" xmlns=\"http:\/\/www.w3.org\/2000\/svg\" class=\"list-377408\" width=\"20px\" height=\"20px\" viewbox=\"0 0 24 24\" fill=\"none\"><path d=\"M6 6H4v2h2V6zm14 0H8v2h12V6zM4 11h2v2H4v-2zm16 0H8v2h12v-2zM4 16h2v2H4v-2zm16 0H8v2h12v-2z\" fill=\"currentColor\"><\/path><\/svg><svg style=\"fill: #999;color:#999\" class=\"arrow-unsorted-368013\" xmlns=\"http:\/\/www.w3.org\/2000\/svg\" width=\"10px\" height=\"10px\" viewbox=\"0 0 24 24\" version=\"1.2\" baseprofile=\"tiny\"><path d=\"M18.2 9.3l-6.2-6.3-6.2 6.3c-.2.2-.3.4-.3.7s.1.5.3.7c.2.2.4.3.7.3h11c.3 0 .5-.1.7-.3.2-.2.3-.5.3-.7s-.1-.5-.3-.7zM5.8 14.7l6.2 6.3 6.2-6.3c.2-.2.3-.5.3-.7s-.1-.5-.3-.7c-.2-.2-.4-.3-.7-.3h-11c-.3 0-.5.1-.7.3-.2.2-.3.5-.3.7s.1.5.3.7z\"\/><\/svg><\/span><\/span><\/span><\/a><\/span><\/div>\n<nav><ul class='ez-toc-list ez-toc-list-level-1' ><li class='ez-toc-page-1 ez-toc-heading-level-2'><a class=\"ez-toc-link ez-toc-heading-1\" href=\"https:\/\/www.artminium.com\/sq\/sa-kushton-kopshti-dimeror-cmimet-dhe-faktoret-e-kostos\/#Kis_Bahcesi_Maliyeti\" >Kostoja e Kopshtit t\u00eb Dimrit<\/a><\/li><li class='ez-toc-page-1 ez-toc-heading-level-2'><a class=\"ez-toc-link ez-toc-heading-2\" href=\"https:\/\/www.artminium.com\/sq\/sa-kushton-kopshti-dimeror-cmimet-dhe-faktoret-e-kostos\/#Kis_Bahcesi_Maliyetlerini_Belirleyen_Faktorler\" >Faktor\u00ebt q\u00eb p\u00ebrcaktojn\u00eb kostot e Kopshtit Dim\u00ebror<\/a><ul class='ez-toc-list-level-3' ><li class='ez-toc-heading-level-3'><a class=\"ez-toc-link ez-toc-heading-3\" href=\"https:\/\/www.artminium.com\/sq\/sa-kushton-kopshti-dimeror-cmimet-dhe-faktoret-e-kostos\/#1_Kullanilan_Malzeme_Turu\" >1. Lloji i materialit t\u00eb p\u00ebrdorur<\/a><\/li><li class='ez-toc-page-1 ez-toc-heading-level-3'><a class=\"ez-toc-link ez-toc-heading-4\" href=\"https:\/\/www.artminium.com\/sq\/sa-kushton-kopshti-dimeror-cmimet-dhe-faktoret-e-kostos\/#2_Aluminyum_Secenekleri\" >2. Opsionet e aluminit<\/a><\/li><li class='ez-toc-page-1 ez-toc-heading-level-3'><a class=\"ez-toc-link ez-toc-heading-5\" href=\"https:\/\/www.artminium.com\/sq\/sa-kushton-kopshti-dimeror-cmimet-dhe-faktoret-e-kostos\/#3_Kis_Bahcesinin_Buyuklugu\" >3. Madh\u00ebsia e Kopshtit t\u00eb Dimrit<\/a><\/li><li class='ez-toc-page-1 ez-toc-heading-level-3'><a class=\"ez-toc-link ez-toc-heading-6\" href=\"https:\/\/www.artminium.com\/sq\/sa-kushton-kopshti-dimeror-cmimet-dhe-faktoret-e-kostos\/#4_Izolasyon_ve_Isitma_Sistemleri\" >4. Sisteme Izolimi dhe Ngrohjeje<\/a><\/li><li class='ez-toc-page-1 ez-toc-heading-level-3'><a class=\"ez-toc-link ez-toc-heading-7\" href=\"https:\/\/www.artminium.com\/sq\/sa-kushton-kopshti-dimeror-cmimet-dhe-faktoret-e-kostos\/#5_Ekstralar_ve_Ozellestirmeler\" >5. Shtesa dhe Personalizime<\/a><\/li><\/ul><\/li><li class='ez-toc-page-1 ez-toc-heading-level-2'><a class=\"ez-toc-link ez-toc-heading-8\" href=\"https:\/\/www.artminium.com\/sq\/sa-kushton-kopshti-dimeror-cmimet-dhe-faktoret-e-kostos\/#Kis_Bahcesi_Fiyatlari_Ne_Kadar\" >Sa kushtojn\u00eb Kopshtet e Dimrit?<\/a><ul class='ez-toc-list-level-3' ><li class='ez-toc-heading-level-3'><a class=\"ez-toc-link ez-toc-heading-9\" href=\"https:\/\/www.artminium.com\/sq\/sa-kushton-kopshti-dimeror-cmimet-dhe-faktoret-e-kostos\/#Kis_Bahcesi_m2_Maliyeti_Icin_Ornek_Hesapla\" >Shembull Llogaritjeje t\u00eb Kostos s\u00eb Kopshtit Dim\u00ebror p\u00ebr m2<\/a><\/li><\/ul><\/li><li class='ez-toc-page-1 ez-toc-heading-level-2'><a class=\"ez-toc-link ez-toc-heading-10\" href=\"https:\/\/www.artminium.com\/sq\/sa-kushton-kopshti-dimeror-cmimet-dhe-faktoret-e-kostos\/#Kis_Bahcesi_Yaptirirken_Dikkat_Edilmesi_Gerekenler\" >Gj\u00ebrat q\u00eb duhen marr\u00eb n\u00eb konsiderat\u00eb kur nd\u00ebrtoni nj\u00eb kopsht dim\u00ebror<\/a><\/li><\/ul><\/nav><\/div>\n<h2 class=\"wp-block-heading\"><span class=\"ez-toc-section\" id=\"Kis_Bahcesi_Maliyeti\"><\/span>Kostoja e Kopshtit t\u00eb Dimrit<span class=\"ez-toc-section-end\"><\/span><\/h2>\n\n\n\n<p class=\"wp-block-paragraph\">Kopshti dim\u00ebror rrit vler\u00ebn e sht\u00ebpis\u00eb suaj dhe ofron nj\u00eb hap\u00ebsir\u00eb jetese t\u00eb bollshme dhe estetike t\u00eb nd\u00ebrthurur me natyr\u00ebn. Megjithat\u00eb, n\u00ebse po mendoni t\u00eb nd\u00ebrtoni nj\u00eb kopsht dim\u00ebror, t\u00eb dini se sa do t\u00eb kushtoj\u00eb \u00ebsht\u00eb nj\u00eb hap i r\u00ebnd\u00ebsish\u00ebm. &quot;Sa kushton nj\u00eb serr\u00eb dim\u00ebrore?&quot; P\u00ebrgjigja e pyetjes varet nga shum\u00eb faktor\u00eb, nga materialet e p\u00ebrdorura deri te preferencat e dizajnit dhe madh\u00ebsia e projektit. N\u00eb k\u00ebt\u00eb artikull, ne do t&#039;ju udh\u00ebzojm\u00eb duke shqyrtuar n\u00eb detaje faktor\u00ebt q\u00eb ndikojn\u00eb n\u00eb kostot e kopshtit dim\u00ebror.<\/p>\n\n\n\n<h2 class=\"wp-block-heading\"><span class=\"ez-toc-section\" id=\"Kis_Bahcesi_Maliyetlerini_Belirleyen_Faktorler\"><\/span>Faktor\u00ebt q\u00eb p\u00ebrcaktojn\u00eb kostot e Kopshtit Dim\u00ebror<span class=\"ez-toc-section-end\"><\/span><\/h2>\n\n\n\n<p class=\"wp-block-paragraph\">Ka shum\u00eb variabla q\u00eb p\u00ebrcaktojn\u00eb \u00e7mimet e kopshteve dim\u00ebrore. K\u00ebto variabla mund t\u00eb ndikojn\u00eb seriozisht n\u00eb koston e p\u00ebrgjithshme. K\u00ebtu jan\u00eb faktor\u00ebt kryesor\u00eb q\u00eb duhen marr\u00eb n\u00eb konsiderat\u00eb:<\/p>\n\n\n\n<h3 class=\"wp-block-heading\"><span class=\"ez-toc-section\" id=\"1_Kullanilan_Malzeme_Turu\"><\/span>1. <strong>Lloji i materialit t\u00eb p\u00ebrdorur<\/strong><span class=\"ez-toc-section-end\"><\/span><\/h3>\n\n\n\n<p class=\"wp-block-paragraph\">Pjesa m\u00eb e madhe n\u00eb kostot e kopshtit dim\u00ebror \u00ebsht\u00eb n\u00eb materialet e p\u00ebrdorura. Profilet e qelqit dhe aluminit preferohen n\u00eb shumic\u00ebn e projekteve t\u00eb kopshtit dim\u00ebror. Faktor\u00eb t\u00eb till\u00eb si cil\u00ebsia e qelqit q\u00eb do t\u00eb p\u00ebrdoret, mbrojtja nga rrezet UV, izolimi termik dhe karakteristikat e siguris\u00eb ndikojn\u00eb drejtp\u00ebrdrejt n\u00eb \u00e7mim. P\u00ebr shembull, <strong>xham i dyfisht\u00eb<\/strong> Nd\u00ebrsa nj\u00eb kopsht dim\u00ebror i p\u00ebrdorur ka nj\u00eb kosto m\u00eb t\u00eb lart\u00eb, ai mund t\u00eb kursej\u00eb energji n\u00eb planin afatgjat\u00eb.<\/p>\n\n\n\n<ul class=\"wp-block-list\">\n<li><strong>Kopsht dim\u00ebror me xham t\u00eb dyfisht\u00eb<\/strong>: 4000 TL\/m\u00b2 \u2013 6000 TL\/m\u00b2<\/li>\n\n\n\n<li><strong>Xhami standard<\/strong>: 2500 TL\/m\u00b2 \u2013 4000 TL\/m\u00b2<\/li>\n<\/ul>\n\n\n\n<h3 class=\"wp-block-heading\"><span class=\"ez-toc-section\" id=\"2_Aluminyum_Secenekleri\"><\/span>2. <strong>Opsionet e aluminit<\/strong><span class=\"ez-toc-section-end\"><\/span><\/h3>\n\n\n\n<p class=\"wp-block-paragraph\">Materialet e aluminit p\u00ebrdoren p\u00ebrgjith\u00ebsisht n\u00eb struktur\u00ebn skeletore t\u00eb kopshtit dim\u00ebror. Alumini \u00ebsht\u00eb nj\u00eb material i leht\u00eb dhe i q\u00ebndruesh\u00ebm, prandaj shpesh preferohet.<\/p>\n\n\n\n<ul class=\"wp-block-list\">\n<li><strong>Profile alumini<\/strong>: 3000 TL\/m\u00b2 \u2013 5000 TL\/m\u00b2<\/li>\n<\/ul>\n\n\n\n<h3 class=\"wp-block-heading\"><span class=\"ez-toc-section\" id=\"3_Kis_Bahcesinin_Buyuklugu\"><\/span>3. <strong>Madh\u00ebsia e Kopshtit t\u00eb Dimrit<\/strong><span class=\"ez-toc-section-end\"><\/span><\/h3>\n\n\n\n<p class=\"wp-block-paragraph\">Metri katror i kopshtit dim\u00ebror \u00ebsht\u00eb nj\u00eb nga faktor\u00ebt q\u00eb ndikon m\u00eb shum\u00eb n\u00eb koston totale. Diferenca n\u00eb \u00e7mim midis nj\u00eb serre t\u00eb vog\u00ebl dhe nj\u00eb strukture t\u00eb madhe mund t\u00eb jet\u00eb mjaft e madhe. Nj\u00eb kopsht dim\u00ebror mesatar nd\u00ebrtohet n\u00eb sip\u00ebrfaqe q\u00eb variojn\u00eb nga 20 m\u00b2 deri n\u00eb 50 m\u00b2.<\/p>\n\n\n\n<ul class=\"wp-block-list\">\n<li><strong>Kostoja e kopshtit dim\u00ebror prej 20 m\u00b2<\/strong>: 50,000 TL \u2013 120,000 TL<\/li>\n\n\n\n<li><strong>Kostoja e kopshtit dim\u00ebror prej 50 m\u00b2<\/strong>: 150,000 TL \u2013 300,000 TL<\/li>\n<\/ul>\n\n\n\n<h3 class=\"wp-block-heading\"><span class=\"ez-toc-section\" id=\"4_Izolasyon_ve_Isitma_Sistemleri\"><\/span>4. <strong>Sisteme Izolimi dhe Ngrohjeje<\/strong><span class=\"ez-toc-section-end\"><\/span><\/h3>\n\n\n\n<p class=\"wp-block-paragraph\">Sa m\u00eb i mir\u00eb t\u00eb jet\u00eb izolimi termik i kopshtit tuaj dim\u00ebror, aq m\u00eb shum\u00eb mund ta mbani humbjen e nxeht\u00ebsis\u00eb n\u00eb minimum n\u00eb mot t\u00eb ftoht\u00eb. Kjo do t\u00eb thot\u00eb q\u00eb investimi n\u00eb izolimin termik mund t\u00eb ndikoj\u00eb n\u00eb kosto. P\u00ebr m\u00eb tep\u00ebr, sistemet e ngrohjes n\u00ebn dysheme ose ngroh\u00ebsit portativ\u00eb gjithashtu mund t\u00eb rrisin kostot.<\/p>\n\n\n\n<ul class=\"wp-block-list\">\n<li><strong>Sistemi i izolimit termik<\/strong>: 5,000 TL \u2013 15,000 TL<\/li>\n\n\n\n<li><strong>Ngrohje n\u00ebn dysheme<\/strong>: 7,500 TL \u2013 20,000 TL<\/li>\n<\/ul>\n\n\n\n<h3 class=\"wp-block-heading\"><span class=\"ez-toc-section\" id=\"5_Ekstralar_ve_Ozellestirmeler\"><\/span>5. <strong>Shtesa dhe Personalizime<\/strong><span class=\"ez-toc-section-end\"><\/span><\/h3>\n\n\n\n<p class=\"wp-block-paragraph\">N\u00ebse doni ta b\u00ebni verand\u00ebn tuaj plot\u00ebsisht personale, duhet t\u00eb merrni n\u00eb konsiderat\u00eb disa element\u00eb shtes\u00eb q\u00eb mund t\u00eb rrisin koston. P\u00ebr shembull, personalizimet si sistemet e qepenave me motor, zgjidhjet e mbrojtjes nga drita, ndri\u00e7imi LED ndikojn\u00eb drejtp\u00ebrdrejt n\u00eb kosto.<\/p>\n\n\n\n<ul class=\"wp-block-list\">\n<li><strong>Sisteme t\u00eb motorizuara t\u00eb qepenave<\/strong>: 10,000 TL \u2013 25,000 TL<\/li>\n\n\n\n<li><strong>Zgjidhje p\u00ebr hijezim<\/strong>: 3,000 TL \u2013 10,000 TL<\/li>\n<\/ul>\n\n\n\n<figure class=\"wp-block-image size-full\"><img fetchpriority=\"high\" decoding=\"async\" width=\"600\" height=\"600\" src=\"https:\/\/www.artminium.com\/wp-content\/uploads\/2024\/10\/kis-bahcesi-2.jpg\" alt=\"\" class=\"wp-image-2462\" srcset=\"https:\/\/www.artminium.com\/wp-content\/uploads\/2024\/10\/kis-bahcesi-2.jpg 600w, https:\/\/www.artminium.com\/wp-content\/uploads\/2024\/10\/kis-bahcesi-2-300x300.jpg 300w, https:\/\/www.artminium.com\/wp-content\/uploads\/2024\/10\/kis-bahcesi-2-150x150.jpg 150w, https:\/\/www.artminium.com\/wp-content\/uploads\/2024\/10\/kis-bahcesi-2-12x12.jpg 12w\" sizes=\"(max-width: 600px) 100vw, 600px\" \/><\/figure>\n\n\n\n<h2 class=\"wp-block-heading\"><span class=\"ez-toc-section\" id=\"Kis_Bahcesi_Fiyatlari_Ne_Kadar\"><\/span>Sa kushtojn\u00eb Kopshtet e Dimrit?<span class=\"ez-toc-section-end\"><\/span><\/h2>\n\n\n\n<p class=\"wp-block-paragraph\">Duke marr\u00eb parasysh t\u00eb gjith\u00eb faktor\u00ebt e listuar m\u00eb sip\u00ebr, kostot e kopshtit dim\u00ebror variojn\u00eb mesatarisht midis 3,000 dhe 6,000 TL p\u00ebr met\u00ebr katror. Megjithat\u00eb, k\u00ebto \u00e7mime mund t\u00eb rriten n\u00eb projekte t\u00eb personalizuara.<\/p>\n\n\n\n<h3 class=\"wp-block-heading\"><span class=\"ez-toc-section\" id=\"Kis_Bahcesi_m2_Maliyeti_Icin_Ornek_Hesapla\"><\/span>Shembull Llogaritjeje t\u00eb Kostos s\u00eb Kopshtit Dim\u00ebror p\u00ebr m2<span class=\"ez-toc-section-end\"><\/span><\/h3>\n\n\n\n<p class=\"wp-block-paragraph\">P\u00ebr shembull, le t\u00eb themi se doni t\u00eb nd\u00ebrtoni nj\u00eb kopsht dim\u00ebror prej 25 m\u00b2. N\u00eb var\u00ebsi t\u00eb materialeve dhe opsioneve t\u00eb projektimit t\u00eb p\u00ebrdorura, kostoja totale e k\u00ebtij projekti mund t\u00eb jet\u00eb si m\u00eb posht\u00eb:<\/p>\n\n\n\n<ul class=\"wp-block-list\">\n<li><strong>Korniz\u00eb alumini + xham i dyfisht\u00eb<\/strong>: 25 m\u00b2 x 5,000 TL\/m\u00b2 = 125,000 TL<\/li>\n\n\n\n<li><strong>Izolim shtes\u00eb dhe ngrohje n\u00ebn dysheme<\/strong>: 15,000 TL<\/li>\n\n\n\n<li><strong>Sistem i motorizuar i hijes<\/strong>: 10,000 TL<\/li>\n<\/ul>\n\n\n\n<p class=\"wp-block-paragraph\">N\u00eb k\u00ebt\u00eb rast, kostoja totale do t\u00eb jet\u00eb rreth 150,000 TL. Megjithat\u00eb, me nj\u00eb dizajn m\u00eb t\u00eb thjesht\u00eb dhe m\u00eb t\u00eb vog\u00ebl, mund ta ulni k\u00ebt\u00eb kosto n\u00eb 60,000 TL.<\/p>\n\n\n\n<figure class=\"wp-block-image size-large\"><img decoding=\"async\" width=\"1024\" height=\"682\" src=\"https:\/\/www.artminium.com\/wp-content\/uploads\/2024\/10\/referans-1-1024x682.jpg\" alt=\"\" class=\"wp-image-2463\" srcset=\"https:\/\/www.artminium.com\/wp-content\/uploads\/2024\/10\/referans-1-1024x682.jpg 1024w, https:\/\/www.artminium.com\/wp-content\/uploads\/2024\/10\/referans-1-300x200.jpg 300w, https:\/\/www.artminium.com\/wp-content\/uploads\/2024\/10\/referans-1-768x512.jpg 768w, https:\/\/www.artminium.com\/wp-content\/uploads\/2024\/10\/referans-1-1536x1024.jpg 1536w, https:\/\/www.artminium.com\/wp-content\/uploads\/2024\/10\/referans-1-2048x1365.jpg 2048w, https:\/\/www.artminium.com\/wp-content\/uploads\/2024\/10\/referans-1-18x12.jpg 18w\" sizes=\"(max-width: 1024px) 100vw, 1024px\" \/><\/figure>\n\n\n\n<h2 class=\"wp-block-heading\"><span class=\"ez-toc-section\" id=\"Kis_Bahcesi_Yaptirirken_Dikkat_Edilmesi_Gerekenler\"><\/span>Gj\u00ebrat q\u00eb duhen marr\u00eb n\u00eb konsiderat\u00eb kur nd\u00ebrtoni nj\u00eb kopsht dim\u00ebror<span class=\"ez-toc-section-end\"><\/span><\/h2>\n\n\n\n<p class=\"wp-block-paragraph\">Kur nd\u00ebrtoni nj\u00eb kopsht dim\u00ebror, duhet t\u00eb merrni n\u00eb konsiderat\u00eb disa faktor\u00eb t\u00eb r\u00ebnd\u00ebsish\u00ebm q\u00eb ndikojn\u00eb n\u00eb kosto. Me planifikim t\u00eb duhur dhe materiale cil\u00ebsore, mund t\u00eb arrini nj\u00eb kopsht dim\u00ebror afatgjat\u00eb dhe efikas.<\/p>\n\n\n\n<ol class=\"wp-block-list\">\n<li><strong>Zgjedhja e nj\u00eb kompanie eksperte<\/strong>Q\u00eb projekti juaj t\u00eb ket\u00eb sukses, \u00ebsht\u00eb shum\u00eb e r\u00ebnd\u00ebsishme t\u00eb bashk\u00ebpunoni me nj\u00eb kompani eksperte.<\/li>\n\n\n\n<li><strong>P\u00ebrdorimi i materialeve cil\u00ebsore<\/strong>N\u00eb vend q\u00eb t\u00eb p\u00ebrfitoni afatshkurt\u00ebr me materiale t\u00eb lira, zgjidhni materiale cil\u00ebsore p\u00ebr p\u00ebrdorim afatgjat\u00eb.<\/li>\n\n\n\n<li><strong>Dizajn sipas nevojave tuaja<\/strong>P\u00ebrcaktoni se p\u00ebr \u00e7far\u00eb do ta p\u00ebrdorni kopshtin tuaj dim\u00ebror dhe zgjidhni nj\u00eb dizajn q\u00eb i p\u00ebrshtatet. A do ta p\u00ebrdorni si zon\u00eb relaksi, zyr\u00eb apo zon\u00eb p\u00ebr rritjen e bim\u00ebve?<\/li>\n<\/ol>\n\n\n\n<p class=\"wp-block-paragraph\">&quot;Sa kushton nj\u00eb serr\u00eb dim\u00ebrore?&quot; P\u00ebrgjigja e pyetjes mund t\u00eb ndryshoj\u00eb n\u00eb var\u00ebsi t\u00eb shum\u00eb variablave. Shtrirja e projektit tuaj, materialet q\u00eb do t\u00eb p\u00ebrdoren, preferencat tuaja t\u00eb dizajnit dhe karakteristikat shtes\u00eb jan\u00eb faktor\u00ebt m\u00eb t\u00eb r\u00ebnd\u00ebsish\u00ebm q\u00eb p\u00ebrcaktojn\u00eb koston. N\u00ebse doni t\u2019i shtoni vler\u00eb sht\u00ebpis\u00eb suaj dhe t\u00eb krijoni nj\u00eb hap\u00ebsir\u00eb jetese t\u00eb rrethuar nga natyra, nj\u00eb kopsht dim\u00ebror do t\u00eb jet\u00eb nj\u00eb investim i shk\u00eblqyer n\u00eb planin afatgjat\u00eb.<\/p>\n\n\n\n<figure class=\"wp-block-gallery has-nested-images columns-default is-cropped wp-block-gallery-1 is-layout-flex wp-block-gallery-is-layout-flex\">\n<figure class=\"wp-block-image size-large\"><img decoding=\"async\" width=\"1024\" height=\"637\" data-id=\"2457\" src=\"https:\/\/www.artminium.com\/wp-content\/uploads\/2024\/10\/wintergarden-kis-bahcesi-13-1024x637.png\" alt=\"\" class=\"wp-image-2457\" srcset=\"https:\/\/www.artminium.com\/wp-content\/uploads\/2024\/10\/wintergarden-kis-bahcesi-13-1024x637.png 1024w, https:\/\/www.artminium.com\/wp-content\/uploads\/2024\/10\/wintergarden-kis-bahcesi-13-300x187.png 300w, https:\/\/www.artminium.com\/wp-content\/uploads\/2024\/10\/wintergarden-kis-bahcesi-13-768x478.png 768w, https:\/\/www.artminium.com\/wp-content\/uploads\/2024\/10\/wintergarden-kis-bahcesi-13-1536x956.png 1536w, https:\/\/www.artminium.com\/wp-content\/uploads\/2024\/10\/wintergarden-kis-bahcesi-13-18x12.png 18w, https:\/\/www.artminium.com\/wp-content\/uploads\/2024\/10\/wintergarden-kis-bahcesi-13.png 1920w\" sizes=\"(max-width: 1024px) 100vw, 1024px\" \/><figcaption class=\"wp-element-caption\">\u00e7mimi i kopshtit dim\u00ebror<\/figcaption><\/figure>\n\n\n\n<figure class=\"wp-block-image size-large\"><img loading=\"lazy\" decoding=\"async\" width=\"1024\" height=\"724\" data-id=\"2458\" src=\"https:\/\/www.artminium.com\/wp-content\/uploads\/2024\/10\/kis-bahcesi-wintergarden-9-1024x724.jpg\" alt=\"\" class=\"wp-image-2458\" srcset=\"https:\/\/www.artminium.com\/wp-content\/uploads\/2024\/10\/kis-bahcesi-wintergarden-9-1024x724.jpg 1024w, https:\/\/www.artminium.com\/wp-content\/uploads\/2024\/10\/kis-bahcesi-wintergarden-9-300x212.jpg 300w, https:\/\/www.artminium.com\/wp-content\/uploads\/2024\/10\/kis-bahcesi-wintergarden-9-768x543.jpg 768w, https:\/\/www.artminium.com\/wp-content\/uploads\/2024\/10\/kis-bahcesi-wintergarden-9-1536x1086.jpg 1536w, https:\/\/www.artminium.com\/wp-content\/uploads\/2024\/10\/kis-bahcesi-wintergarden-9-18x12.jpg 18w, https:\/\/www.artminium.com\/wp-content\/uploads\/2024\/10\/kis-bahcesi-wintergarden-9.jpg 1920w\" sizes=\"(max-width: 1024px) 100vw, 1024px\" \/><figcaption class=\"wp-element-caption\">Kostoja e kopshtit dim\u00ebror<\/figcaption><\/figure>\n\n\n\n<figure class=\"wp-block-image size-large\"><img loading=\"lazy\" decoding=\"async\" width=\"1024\" height=\"622\" data-id=\"2459\" src=\"https:\/\/www.artminium.com\/wp-content\/uploads\/2024\/10\/kis-bahcesi-wintergarden22-1024x622.webp\" alt=\"\" class=\"wp-image-2459\" srcset=\"https:\/\/www.artminium.com\/wp-content\/uploads\/2024\/10\/kis-bahcesi-wintergarden22-1024x622.webp 1024w, https:\/\/www.artminium.com\/wp-content\/uploads\/2024\/10\/kis-bahcesi-wintergarden22-300x182.webp 300w, https:\/\/www.artminium.com\/wp-content\/uploads\/2024\/10\/kis-bahcesi-wintergarden22-768x467.webp 768w, https:\/\/www.artminium.com\/wp-content\/uploads\/2024\/10\/kis-bahcesi-wintergarden22-18x12.webp 18w, https:\/\/www.artminium.com\/wp-content\/uploads\/2024\/10\/kis-bahcesi-wintergarden22.webp 1075w\" sizes=\"(max-width: 1024px) 100vw, 1024px\" \/><figcaption class=\"wp-element-caption\">\u00c7mimi i metrit katror t\u00eb kopshtit dim\u00ebror<\/figcaption><\/figure>\n\n\n\n<figure class=\"wp-block-image size-large\"><img loading=\"lazy\" decoding=\"async\" width=\"400\" height=\"401\" data-id=\"1912\" src=\"https:\/\/www.artminium.com\/wp-content\/uploads\/2023\/08\/Create-a-space-in-your-home-that-you-and-family-will-fall-in-love-with-\ud83d\ude4c\ud83d\ude4c\ud83d\ude4c.png\" alt=\"\" class=\"wp-image-1912\" srcset=\"https:\/\/www.artminium.com\/wp-content\/uploads\/2023\/08\/Create-a-space-in-your-home-that-you-and-family-will-fall-in-love-with-\ud83d\ude4c\ud83d\ude4c\ud83d\ude4c.png 400w, https:\/\/www.artminium.com\/wp-content\/uploads\/2023\/08\/Create-a-space-in-your-home-that-you-and-family-will-fall-in-love-with-\ud83d\ude4c\ud83d\ude4c\ud83d\ude4c-300x300.png 300w, https:\/\/www.artminium.com\/wp-content\/uploads\/2023\/08\/Create-a-space-in-your-home-that-you-and-family-will-fall-in-love-with-\ud83d\ude4c\ud83d\ude4c\ud83d\ude4c-150x150.png 150w\" sizes=\"(max-width: 400px) 100vw, 400px\" \/><figcaption class=\"wp-element-caption\">Llogaritja e kostos s\u00eb kopshtit dim\u00ebror<\/figcaption><\/figure>\n\n\n\n<figure class=\"wp-block-image size-large\"><img loading=\"lazy\" decoding=\"async\" width=\"736\" height=\"779\" data-id=\"1903\" src=\"https:\/\/www.artminium.com\/wp-content\/uploads\/2023\/08\/Outdoor-Living-room-design-and-style-ideas_Home-decoration-Ideas-living-room-decor-living-room.jpeg\" alt=\"\" class=\"wp-image-1903\" srcset=\"https:\/\/www.artminium.com\/wp-content\/uploads\/2023\/08\/Outdoor-Living-room-design-and-style-ideas_Home-decoration-Ideas-living-room-decor-living-room.jpeg 736w, https:\/\/www.artminium.com\/wp-content\/uploads\/2023\/08\/Outdoor-Living-room-design-and-style-ideas_Home-decoration-Ideas-living-room-decor-living-room-283x300.jpeg 283w\" sizes=\"(max-width: 736px) 100vw, 736px\" \/><figcaption class=\"wp-element-caption\">Cili \u00ebsht\u00eb \u00e7mimi p\u00ebr m2 i nj\u00eb kopshti dim\u00ebror?<\/figcaption><\/figure>\n\n\n\n<figure class=\"wp-block-image size-large\"><img loading=\"lazy\" decoding=\"async\" width=\"1000\" height=\"1000\" data-id=\"1902\" src=\"https:\/\/www.artminium.com\/wp-content\/uploads\/2023\/08\/Moderne-vrijstaande-antraciete-overkapping-met-glazen-schuifwanden-en-glasdak-_-Profiline-Tuinkamer-1.jpeg\" alt=\"\" class=\"wp-image-1902\" srcset=\"https:\/\/www.artminium.com\/wp-content\/uploads\/2023\/08\/Moderne-vrijstaande-antraciete-overkapping-met-glazen-schuifwanden-en-glasdak-_-Profiline-Tuinkamer-1.jpeg 1000w, https:\/\/www.artminium.com\/wp-content\/uploads\/2023\/08\/Moderne-vrijstaande-antraciete-overkapping-met-glazen-schuifwanden-en-glasdak-_-Profiline-Tuinkamer-1-300x300.jpeg 300w, https:\/\/www.artminium.com\/wp-content\/uploads\/2023\/08\/Moderne-vrijstaande-antraciete-overkapping-met-glazen-schuifwanden-en-glasdak-_-Profiline-Tuinkamer-1-150x150.jpeg 150w, https:\/\/www.artminium.com\/wp-content\/uploads\/2023\/08\/Moderne-vrijstaande-antraciete-overkapping-met-glazen-schuifwanden-en-glasdak-_-Profiline-Tuinkamer-1-768x768.jpeg 768w\" sizes=\"(max-width: 1000px) 100vw, 1000px\" \/><figcaption class=\"wp-element-caption\">\u00c7mimi i qelqit dhe aluminit p\u00ebr kopshtin dim\u00ebror <\/figcaption><\/figure>\n\n\n\n<figure class=\"wp-block-image size-large\"><img loading=\"lazy\" decoding=\"async\" width=\"860\" height=\"861\" data-id=\"1901\" src=\"https:\/\/www.artminium.com\/wp-content\/uploads\/2023\/08\/Moderne-Schwarze-Alu-Uberdachung-terrasse-_-Profiline-Gartenzimmer-Kaltwintergarten.jpeg\" alt=\"\" class=\"wp-image-1901\" srcset=\"https:\/\/www.artminium.com\/wp-content\/uploads\/2023\/08\/Moderne-Schwarze-Alu-Uberdachung-terrasse-_-Profiline-Gartenzimmer-Kaltwintergarten.jpeg 860w, https:\/\/www.artminium.com\/wp-content\/uploads\/2023\/08\/Moderne-Schwarze-Alu-Uberdachung-terrasse-_-Profiline-Gartenzimmer-Kaltwintergarten-300x300.jpeg 300w, https:\/\/www.artminium.com\/wp-content\/uploads\/2023\/08\/Moderne-Schwarze-Alu-Uberdachung-terrasse-_-Profiline-Gartenzimmer-Kaltwintergarten-150x150.jpeg 150w, https:\/\/www.artminium.com\/wp-content\/uploads\/2023\/08\/Moderne-Schwarze-Alu-Uberdachung-terrasse-_-Profiline-Gartenzimmer-Kaltwintergarten-768x769.jpeg 768w, https:\/\/www.artminium.com\/wp-content\/uploads\/2023\/08\/elementor\/thumbs\/Moderne-Schwarze-Alu-Uberdachung-terrasse-_-Profiline-Gartenzimmer-Kaltwintergarten-qb8b2mnlezersy58gelo5hi2esa3itiv9kbewhw6ys.jpeg 250w\" sizes=\"(max-width: 860px) 100vw, 860px\" \/><figcaption class=\"wp-element-caption\">Kopsht dim\u00ebror ekonomik<\/figcaption><\/figure>\n\n\n\n<figure class=\"wp-block-image size-large\"><img loading=\"lazy\" decoding=\"async\" width=\"530\" height=\"530\" data-id=\"1905\" src=\"https:\/\/www.artminium.com\/wp-content\/uploads\/2023\/08\/Puxadinho-no-quintal_-como-fazer-dicas-de-decoracao-_-Fashion-Bubbles.jpeg\" alt=\"\" class=\"wp-image-1905\" srcset=\"https:\/\/www.artminium.com\/wp-content\/uploads\/2023\/08\/Puxadinho-no-quintal_-como-fazer-dicas-de-decoracao-_-Fashion-Bubbles.jpeg 530w, https:\/\/www.artminium.com\/wp-content\/uploads\/2023\/08\/Puxadinho-no-quintal_-como-fazer-dicas-de-decoracao-_-Fashion-Bubbles-300x300.jpeg 300w, https:\/\/www.artminium.com\/wp-content\/uploads\/2023\/08\/Puxadinho-no-quintal_-como-fazer-dicas-de-decoracao-_-Fashion-Bubbles-150x150.jpeg 150w\" sizes=\"(max-width: 530px) 100vw, 530px\" \/><figcaption class=\"wp-element-caption\">\u00c7mimi i qelqit t\u00eb kopshtit dim\u00ebror<\/figcaption><\/figure>\n\n\n\n<figure class=\"wp-block-image size-large\"><img loading=\"lazy\" decoding=\"async\" width=\"601\" height=\"600\" data-id=\"1906\" src=\"https:\/\/www.artminium.com\/wp-content\/uploads\/2023\/08\/Referenzen-1.jpeg\" alt=\"\" class=\"wp-image-1906\" srcset=\"https:\/\/www.artminium.com\/wp-content\/uploads\/2023\/08\/Referenzen-1.jpeg 601w, https:\/\/www.artminium.com\/wp-content\/uploads\/2023\/08\/Referenzen-1-300x300.jpeg 300w, https:\/\/www.artminium.com\/wp-content\/uploads\/2023\/08\/Referenzen-1-150x150.jpeg 150w\" sizes=\"(max-width: 601px) 100vw, 601px\" \/><figcaption class=\"wp-element-caption\">\u00c7mimi i kopshtit dim\u00ebror 2024<\/figcaption><\/figure>\n<\/figure>\n\n\n\n<p class=\"wp-block-paragraph\"><\/p>","protected":false},"excerpt":{"rendered":"<p>K\u0131\u015f Bah\u00e7esi Maliyeti K\u0131\u015f bah\u00e7esi, evinizin de\u011ferini art\u0131r\u0131rken do\u011fa ile i\u00e7 i\u00e7e, ferah ve estetik bir ya\u015fam alan\u0131 sunar. Ancak, k\u0131\u015f bah\u00e7esi yapt\u0131rmay\u0131 d\u00fc\u015f\u00fcn\u00fcyorsan\u0131z maliyetlerin ne kadar olaca\u011f\u0131n\u0131 bilmek \u00f6nemli bir ad\u0131md\u0131r. &#8220;K\u0131\u015f bah\u00e7esi ne kadara mal olur?&#8221; sorusunun cevab\u0131, kullan\u0131lan malzemelerden, tasar\u0131m tercihlerine ve projenin b\u00fcy\u00fckl\u00fc\u011f\u00fcne kadar bir\u00e7ok fakt\u00f6re ba\u011fl\u0131d\u0131r. Bu yaz\u0131m\u0131zda, k\u0131\u015f bah\u00e7esi [&hellip;]<\/p>","protected":false},"author":1,"featured_media":1940,"comment_status":"open","ping_status":"open","sticky":false,"template":"","format":"standard","meta":{"site-sidebar-layout":"default","site-content-layout":"","ast-site-content-layout":"default","site-content-style":"default","site-sidebar-style":"default","ast-global-header-display":"","ast-banner-title-visibility":"","ast-main-header-display":"","ast-hfb-above-header-display":"","ast-hfb-below-header-display":"","ast-hfb-mobile-header-display":"","site-post-title":"","ast-breadcrumbs-content":"","ast-featured-img":"","footer-sml-layout":"","theme-transparent-header-meta":"","adv-header-id-meta":"","stick-header-meta":"","header-above-stick-meta":"","header-main-stick-meta":"","header-below-stick-meta":"","astra-migrate-meta-layouts":"set","ast-page-background-enabled":"default","ast-page-background-meta":{"desktop":{"background-color":"","background-image":"","background-repeat":"repeat","background-position":"center center","background-size":"auto","background-attachment":"scroll","background-type":"","background-media":"","overlay-type":"","overlay-color":"","overlay-opacity":"","overlay-gradient":""},"tablet":{"background-color":"","background-image":"","background-repeat":"repeat","background-position":"center center","background-size":"auto","background-attachment":"scroll","background-type":"","background-media":"","overlay-type":"","overlay-color":"","overlay-opacity":"","overlay-gradient":""},"mobile":{"background-color":"","background-image":"","background-repeat":"repeat","background-position":"center center","background-size":"auto","background-attachment":"scroll","background-type":"","background-media":"","overlay-type":"","overlay-color":"","overlay-opacity":"","overlay-gradient":""}},"ast-content-background-meta":{"desktop":{"background-color":"var(--ast-global-color-5)","background-image":"","background-repeat":"repeat","background-position":"center center","background-size":"auto","background-attachment":"scroll","background-type":"","background-media":"","overlay-type":"","overlay-color":"","overlay-opacity":"","overlay-gradient":""},"tablet":{"background-color":"var(--ast-global-color-5)","background-image":"","background-repeat":"repeat","background-position":"center center","background-size":"auto","background-attachment":"scroll","background-type":"","background-media":"","overlay-type":"","overlay-color":"","overlay-opacity":"","overlay-gradient":""},"mobile":{"background-color":"var(--ast-global-color-5)","background-image":"","background-repeat":"repeat","background-position":"center center","background-size":"auto","background-attachment":"scroll","background-type":"","background-media":"","overlay-type":"","overlay-color":"","overlay-opacity":"","overlay-gradient":""}},"footnotes":""},"categories":[1],"tags":[],"class_list":["post-2461","post","type-post","status-publish","format-standard","has-post-thumbnail","hentry","category-hareketli-sabit-aluminyum-sistemler"],"_links":{"self":[{"href":"https:\/\/www.artminium.com\/sq\/wp-json\/wp\/v2\/posts\/2461","targetHints":{"allow":["GET"]}}],"collection":[{"href":"https:\/\/www.artminium.com\/sq\/wp-json\/wp\/v2\/posts"}],"about":[{"href":"https:\/\/www.artminium.com\/sq\/wp-json\/wp\/v2\/types\/post"}],"author":[{"embeddable":true,"href":"https:\/\/www.artminium.com\/sq\/wp-json\/wp\/v2\/users\/1"}],"replies":[{"embeddable":true,"href":"https:\/\/www.artminium.com\/sq\/wp-json\/wp\/v2\/comments?post=2461"}],"version-history":[{"count":1,"href":"https:\/\/www.artminium.com\/sq\/wp-json\/wp\/v2\/posts\/2461\/revisions"}],"predecessor-version":[{"id":5368,"href":"https:\/\/www.artminium.com\/sq\/wp-json\/wp\/v2\/posts\/2461\/revisions\/5368"}],"wp:featuredmedia":[{"embeddable":true,"href":"https:\/\/www.artminium.com\/sq\/wp-json\/wp\/v2\/media\/1940"}],"wp:attachment":[{"href":"https:\/\/www.artminium.com\/sq\/wp-json\/wp\/v2\/media?parent=2461"}],"wp:term":[{"taxonomy":"category","embeddable":true,"href":"https:\/\/www.artminium.com\/sq\/wp-json\/wp\/v2\/categories?post=2461"},{"taxonomy":"post_tag","embeddable":true,"href":"https:\/\/www.artminium.com\/sq\/wp-json\/wp\/v2\/tags?post=2461"}],"curies":[{"name":"wp","href":"https:\/\/api.w.org\/{rel}","templated":true}]}}