{"id":2372,"date":"2023-11-15T19:27:52","date_gmt":"2023-11-15T16:27:52","guid":{"rendered":"https:\/\/www.artminium.com\/?p=2372"},"modified":"2024-11-04T00:54:18","modified_gmt":"2024-11-03T21:54:18","slug":"modele-de-copertine-automate-si-preturi","status":"publish","type":"post","link":"https:\/\/www.artminium.com\/ro\/modele-de-copertine-automate-si-preturi\/","title":{"rendered":"Modele \u0219i pre\u021buri de copertine automate"},"content":{"rendered":"<p class=\"wp-block-paragraph\"><strong>Modele de copertine automate<\/strong>este o mare inova\u021bie care aduce confortul \u0219i func\u021bionalitatea vie\u021bii moderne \u00een spa\u021biile exterioare. Este folosit pentru a proteja zonele exterioare ale caselor \u0219i locurilor de munc\u0103 de lumina soarelui \u0219i de ploaie. Copertinele automate atrag aten\u021bia prin u\u0219urin\u021ba \u00een utilizare, designul estetic \u0219i durabilitatea.<\/p>\n\n\n\n<figure class=\"wp-block-image size-large\"><img fetchpriority=\"high\" decoding=\"async\" width=\"1024\" height=\"576\" src=\"https:\/\/www.artminium.com\/wp-content\/uploads\/2023\/11\/Otomatik-Tente-Modelleri-ve-Fiyatlari-1024x576.png\" alt=\"Modele \u0219i pre\u021buri de copertine automate\" class=\"wp-image-2373\" srcset=\"https:\/\/www.artminium.com\/wp-content\/uploads\/2023\/11\/Otomatik-Tente-Modelleri-ve-Fiyatlari-1024x576.png 1024w, https:\/\/www.artminium.com\/wp-content\/uploads\/2023\/11\/Otomatik-Tente-Modelleri-ve-Fiyatlari-300x169.png 300w, https:\/\/www.artminium.com\/wp-content\/uploads\/2023\/11\/Otomatik-Tente-Modelleri-ve-Fiyatlari-768x432.png 768w, https:\/\/www.artminium.com\/wp-content\/uploads\/2023\/11\/Otomatik-Tente-Modelleri-ve-Fiyatlari.png 1280w\" sizes=\"(max-width: 1024px) 100vw, 1024px\" \/><figcaption class=\"wp-element-caption\">Modele \u0219i pre\u021buri de copertine automate<\/figcaption><\/figure>\n\n\n\n<p class=\"wp-block-paragraph\">Modelele de copertine automate pot fi personalizate in functie de dimensiune si necesitate. Prin urmare, exist\u0103 mul\u021bi factori pe care trebuie s\u0103 \u00eei lua\u021bi \u00een considerare atunci c\u00e2nd cump\u0103ra\u021bi o copert\u0103 auto. \u00cen primul r\u00e2nd, este important\u0103 dimensiunea \u0219i forma zonei \u00een care va fi utilizat.<\/p>\n\n\n\n<p class=\"wp-block-paragraph\">De\u0219i este potrivit s\u0103 alege\u021bi o marchiz\u0103 larg\u0103 pentru o verand\u0103 \u0219i o gr\u0103din\u0103 mare, aceasta nu este potrivit\u0103 pentru un balcon sau o teras\u0103 mic\u0103. Mecanismele de deschidere \u0219i \u00eenchidere ale copertinelor automate variaz\u0103 \u0219i ele. Unele pot fi controlate prin telecomand\u0103, \u00een timp ce altele sunt reglate manual.<\/p>\n\n\n\n<p class=\"wp-block-paragraph\">Preturile sunt si ele un factor important in alegerea unei copertine automate. <strong>Preturi copertine automate<\/strong> Acesta variaz\u0103 \u00een func\u021bie de o serie de factori, cum ar fi modelul, calitatea materialului \u0219i dimensiunea. Este oferit\u0103 o gam\u0103 larg\u0103 de pre\u021buri, de la simple copertine manuale p\u00e2n\u0103 la modele motorizate mai complexe.<\/p>\n\n\n\n<div id=\"ez-toc-container\" class=\"ez-toc-v2_0_85 counter-hierarchy ez-toc-counter ez-toc-grey ez-toc-container-direction\">\n<div class=\"ez-toc-title-container\">\n<p class=\"ez-toc-title\" style=\"cursor:inherit\">Cuprins<\/p>\n<span class=\"ez-toc-title-toggle\"><a href=\"#\" class=\"ez-toc-pull-right ez-toc-btn ez-toc-btn-xs ez-toc-btn-default ez-toc-toggle\" aria-label=\"Comuta\u021bi Tabelul de con\u021binut\"><span class=\"ez-toc-js-icon-con\"><span class=\"\"><span class=\"eztoc-hide\" style=\"display:none;\">comutare<\/span><span class=\"ez-toc-icon-toggle-span\"><svg style=\"fill: #999;color:#999\" xmlns=\"http:\/\/www.w3.org\/2000\/svg\" class=\"list-377408\" width=\"20px\" height=\"20px\" viewbox=\"0 0 24 24\" fill=\"none\"><path d=\"M6 6H4v2h2V6zm14 0H8v2h12V6zM4 11h2v2H4v-2zm16 0H8v2h12v-2zM4 16h2v2H4v-2zm16 0H8v2h12v-2z\" fill=\"currentColor\"><\/path><\/svg><svg style=\"fill: #999;color:#999\" class=\"arrow-unsorted-368013\" xmlns=\"http:\/\/www.w3.org\/2000\/svg\" width=\"10px\" height=\"10px\" viewbox=\"0 0 24 24\" version=\"1.2\" baseprofile=\"tiny\"><path d=\"M18.2 9.3l-6.2-6.3-6.2 6.3c-.2.2-.3.4-.3.7s.1.5.3.7c.2.2.4.3.7.3h11c.3 0 .5-.1.7-.3.2-.2.3-.5.3-.7s-.1-.5-.3-.7zM5.8 14.7l6.2 6.3 6.2-6.3c.2-.2.3-.5.3-.7s-.1-.5-.3-.7c-.2-.2-.4-.3-.7-.3h-11c-.3 0-.5.1-.7.3-.2.2-.3.5-.3.7s.1.5.3.7z\"\/><\/svg><\/span><\/span><\/span><\/a><\/span><\/div>\n<nav><ul class='ez-toc-list ez-toc-list-level-1' ><li class='ez-toc-page-1 ez-toc-heading-level-2'><a class=\"ez-toc-link ez-toc-heading-1\" href=\"https:\/\/www.artminium.com\/ro\/modele-de-copertine-automate-si-preturi\/#Otomatik_Acilir_Kapanir_Tente_Fiyatlari\" >Preturi copertine retractabile automate<\/a><\/li><li class='ez-toc-page-1 ez-toc-heading-level-2'><a class=\"ez-toc-link ez-toc-heading-2\" href=\"https:\/\/www.artminium.com\/ro\/modele-de-copertine-automate-si-preturi\/#Mafsalli_Tente_Fiyatlari\" >Preturi Copertine Articulate<\/a><\/li><li class='ez-toc-page-1 ez-toc-heading-level-2'><a class=\"ez-toc-link ez-toc-heading-3\" href=\"https:\/\/www.artminium.com\/ro\/modele-de-copertine-automate-si-preturi\/#Kasetli_Tente_Fiyatlari\" >Preturi Copertine Casete<\/a><\/li><\/ul><\/nav><\/div>\n<h2 class=\"wp-block-heading\"><span class=\"ez-toc-section\" id=\"Otomatik_Acilir_Kapanir_Tente_Fiyatlari\"><\/span>Preturi copertine retractabile automate<span class=\"ez-toc-section-end\"><\/span><\/h2>\n\n\n\n<p class=\"wp-block-paragraph\"><strong>Sisteme automate de copertine retractabile<\/strong>a devenit o op\u021biune popular\u0103 pentru multe persoane care doresc s\u0103 fie protejate de c\u0103ldura soarelui sau de efectele ploii \u00een aer liber. <strong>Copertina automat\u0103 retractabil\u0103<\/strong>sunt sisteme inteligente care se pot adapta rapid condi\u021biilor meteorologice \u00een schimbare \u00een diferite momente ale zilei.<\/p>\n\n\n\n<p class=\"wp-block-paragraph\">\u00cen plus, unele modele sunt echipate cu senzori de lumin\u0103 \u0219i v\u00e2nt \u0219i se adapteaz\u0103 automat condi\u021biilor meteo. Acest lucru \u00eei ajut\u0103 pe utilizatori s\u0103 \u00ee\u0219i fac\u0103 spa\u021biile exterioare mai confortabile \u0219i mai func\u021bionale.<\/p>\n\n\n\n<p class=\"wp-block-paragraph\"><strong>Preturi copertine retractabile automate<\/strong> variaz\u0103 \u00een func\u021bie de mul\u021bi factori. \u00cen primul r\u00e2nd, dimensiunea \u0219i caracteristicile copertinei determin\u0103 pre\u021bul. Mai multe materiale sunt folosite \u00een construc\u021bia unei copertine mai mari. \u00cen plus, calitatea materialului copertinei este, de asemenea, un factor care afecteaz\u0103 pre\u021bul. Copertinele care folosesc materiale de calitate tind s\u0103 fie de lung\u0103 durat\u0103.<\/p>\n\n\n\n<h2 class=\"wp-block-heading\"><span class=\"ez-toc-section\" id=\"Mafsalli_Tente_Fiyatlari\"><\/span>Preturi Copertine Articulate<span class=\"ez-toc-section-end\"><\/span><\/h2>\n\n\n\n<p class=\"wp-block-paragraph\"><strong>Modele de copertine articulate<\/strong>Este o alegere popular\u0103 pentru a oferi at\u00e2t umbr\u0103, c\u00e2t \u0219i aspect estetic \u00een zonele exterioare. Copertinele articulate pot fi reglate la unghiul dorit datorit\u0103 structurii bra\u021bului articulat din designul lor. Acest lucru ofer\u0103 umbr\u0103 ideal\u0103 chiar \u0219i atunci c\u00e2nd soarele vine din unghiuri diferite. Copertinele articulate sunt folosite in general in spatii deschise precum terase, gradini sau restaurante.<\/p>\n\n\n\n<p class=\"wp-block-paragraph\"><strong>Preturi copertine articulate <\/strong>Ca \u0219i \u00een cazul altor modele de copertine, dimensiunea copertinei \u0219i materialele folosite sunt eficiente. Copertinele articulate ofer\u0103 o mare comoditate utilizatorilor datorit\u0103 caracteristicilor lor retractabile. Aceast\u0103 caracteristic\u0103 \u00eenseamn\u0103 c\u0103 copertina poate fi \u00eenchis\u0103 sau deschis\u0103 cu u\u0219urin\u021b\u0103 oric\u00e2nd se dore\u0219te. Astfel, este posibil s\u0103 face\u021bi rapid ajust\u0103ri \u00een func\u021bie de condi\u021biile meteo. &nbsp;<\/p>\n\n\n\n<h2 class=\"wp-block-heading\"><span class=\"ez-toc-section\" id=\"Kasetli_Tente_Fiyatlari\"><\/span>Preturi Copertine Casete<span class=\"ez-toc-section-end\"><\/span><\/h2>\n\n\n\n<p class=\"wp-block-paragraph\"><strong>copertina caseta<\/strong>sunt sisteme de umbrele de soare \u0219i haine de ploaie care ofer\u0103 un design elegant \u0219i ofer\u0103 umbr\u0103 \u00een aer liber. <strong>Modele de copertine casete <\/strong>Ofer\u0103 o solu\u021bie de lung\u0103 durat\u0103 \u0219i durabil\u0103 fiind ambalat\u0103 \u00eentr-o carcas\u0103 sau caset\u0103 special\u0103 care protejeaz\u0103 materialul marchizei. &nbsp;<\/p>\n\n\n\n<p class=\"wp-block-paragraph\">Latimea copertinei <strong>preturi copertine casete <\/strong>Este foarte eficient asupra. Materialele folosite la realizarea unei copertine mai late sunt, de asemenea, mai multe. \u00cen acela\u0219i timp, copertinele cu caset\u0103 func\u021bioneaz\u0103 cu un mecanism. Construc\u021bia acestui mecanism afecteaz\u0103 \u0219i pre\u021bul.<\/p>\n\n\n\n<p class=\"wp-block-paragraph\">Copertinele cu caset\u0103 sunt printre cele mai u\u0219or de utilizat modele de copertine. Copertinele casete pot fi deschise \u0219i \u00eenchise cu u\u0219urin\u021b\u0103 cu o telecomand\u0103 sau un simplu comutator. Deoarece unele modele au \u0219i senzori de v\u00e2nt, acestea sunt rezistente la condi\u021biile meteorologice.<\/p>\n\n\n\n<p class=\"wp-block-paragraph\">Sunt modele extrem de potrivite mai ales pentru utilizare in gradini. Pentru c\u0103 se num\u0103r\u0103 printre modelele de copertine care sunt cele mai sensibile la condi\u021biile meteorologice precum ploaie \u0219i v\u00e2nt. Este unul dintre cele mai preferate \u0219i mai accesibile modele de copertine dintre modelele de copertine pe care vi le oferim.<\/p>","protected":false},"excerpt":{"rendered":"<p>Copertinele automate sunt o inova\u021bie minunat\u0103 care aduce confortul \u0219i func\u021bionalitatea vie\u021bii moderne \u00een spa\u021biile exterioare. Sunt folosite pentru a proteja exteriorul at\u00e2t al caselor, c\u00e2t \u0219i al afacerilor de lumina soarelui \u0219i ploaie. Copertinele automate sunt remarcabile pentru u\u0219urin\u021ba \u00een utilizare, designul estetic \u0219i durabilitatea. Copertinele automate pot fi personalizate \u00een func\u021bie de dimensiunea \u0219i nevoile dumneavoastr\u0103. Prin urmare, atunci c\u00e2nd achizi\u021biona\u021bi o copertin\u0103 automat\u0103, ar trebui s\u0103 lua\u021bi \u00een considerare [\u2026]<\/p>","protected":false},"author":4,"featured_media":2373,"comment_status":"open","ping_status":"open","sticky":false,"template":"","format":"standard","meta":{"site-sidebar-layout":"default","site-content-layout":"","ast-site-content-layout":"default","site-content-style":"default","site-sidebar-style":"default","ast-global-header-display":"","ast-banner-title-visibility":"","ast-main-header-display":"","ast-hfb-above-header-display":"","ast-hfb-below-header-display":"","ast-hfb-mobile-header-display":"","site-post-title":"","ast-breadcrumbs-content":"","ast-featured-img":"","footer-sml-layout":"","theme-transparent-header-meta":"","adv-header-id-meta":"","stick-header-meta":"","header-above-stick-meta":"","header-main-stick-meta":"","header-below-stick-meta":"","astra-migrate-meta-layouts":"default","ast-page-background-enabled":"default","ast-page-background-meta":{"desktop":{"background-color":"","background-image":"","background-repeat":"repeat","background-position":"center center","background-size":"auto","background-attachment":"scroll","background-type":"","background-media":"","overlay-type":"","overlay-color":"","overlay-opacity":"","overlay-gradient":""},"tablet":{"background-color":"","background-image":"","background-repeat":"repeat","background-position":"center center","background-size":"auto","background-attachment":"scroll","background-type":"","background-media":"","overlay-type":"","overlay-color":"","overlay-opacity":"","overlay-gradient":""},"mobile":{"background-color":"","background-image":"","background-repeat":"repeat","background-position":"center center","background-size":"auto","background-attachment":"scroll","background-type":"","background-media":"","overlay-type":"","overlay-color":"","overlay-opacity":"","overlay-gradient":""}},"ast-content-background-meta":{"desktop":{"background-color":"var(--ast-global-color-5)","background-image":"","background-repeat":"repeat","background-position":"center center","background-size":"auto","background-attachment":"scroll","background-type":"","background-media":"","overlay-type":"","overlay-color":"","overlay-opacity":"","overlay-gradient":""},"tablet":{"background-color":"var(--ast-global-color-5)","background-image":"","background-repeat":"repeat","background-position":"center center","background-size":"auto","background-attachment":"scroll","background-type":"","background-media":"","overlay-type":"","overlay-color":"","overlay-opacity":"","overlay-gradient":""},"mobile":{"background-color":"var(--ast-global-color-5)","background-image":"","background-repeat":"repeat","background-position":"center center","background-size":"auto","background-attachment":"scroll","background-type":"","background-media":"","overlay-type":"","overlay-color":"","overlay-opacity":"","overlay-gradient":""}},"footnotes":""},"categories":[1],"tags":[],"class_list":["post-2372","post","type-post","status-publish","format-standard","has-post-thumbnail","hentry","category-hareketli-sabit-aluminyum-sistemler"],"_links":{"self":[{"href":"https:\/\/www.artminium.com\/ro\/wp-json\/wp\/v2\/posts\/2372","targetHints":{"allow":["GET"]}}],"collection":[{"href":"https:\/\/www.artminium.com\/ro\/wp-json\/wp\/v2\/posts"}],"about":[{"href":"https:\/\/www.artminium.com\/ro\/wp-json\/wp\/v2\/types\/post"}],"author":[{"embeddable":true,"href":"https:\/\/www.artminium.com\/ro\/wp-json\/wp\/v2\/users\/4"}],"replies":[{"embeddable":true,"href":"https:\/\/www.artminium.com\/ro\/wp-json\/wp\/v2\/comments?post=2372"}],"version-history":[{"count":0,"href":"https:\/\/www.artminium.com\/ro\/wp-json\/wp\/v2\/posts\/2372\/revisions"}],"wp:featuredmedia":[{"embeddable":true,"href":"https:\/\/www.artminium.com\/ro\/wp-json\/wp\/v2\/media\/2373"}],"wp:attachment":[{"href":"https:\/\/www.artminium.com\/ro\/wp-json\/wp\/v2\/media?parent=2372"}],"wp:term":[{"taxonomy":"category","embeddable":true,"href":"https:\/\/www.artminium.com\/ro\/wp-json\/wp\/v2\/categories?post=2372"},{"taxonomy":"post_tag","embeddable":true,"href":"https:\/\/www.artminium.com\/ro\/wp-json\/wp\/v2\/tags?post=2372"}],"curies":[{"name":"wp","href":"https:\/\/api.w.org\/{rel}","templated":true}]}}