{"id":2348,"date":"2023-11-08T21:08:24","date_gmt":"2023-11-08T18:08:24","guid":{"rendered":"https:\/\/www.artminium.com\/?p=2348"},"modified":"2024-11-04T00:54:26","modified_gmt":"2024-11-03T21:54:26","slug":"parasolar-fatada-mobila-modele-si-preturi","status":"publish","type":"post","link":"https:\/\/www.artminium.com\/ro\/parasolar-fatada-mobila-modele-si-preturi\/","title":{"rendered":"Modele \u0219i pre\u021buri de fa\u021bad\u0103 mobil\u0103 pentru umbrire solar\u0103"},"content":{"rendered":"<p class=\"wp-block-paragraph\">Mai ales \u00een lunile fierbin\u021bi de var\u0103, multe cl\u0103diri pot \u00eent\u00e2mpina probleme de temperatur\u0103 ridicat\u0103. De\u0219i sistemele de aer condi\u021bionat \u0219i ventila\u021bie ofer\u0103 solu\u021bii la aceast\u0103 problem\u0103, ele sunt aplicate la exteriorul cl\u0103dirilor. <strong>sisteme de umbrire solar\u0103<\/strong> poate oferi o solu\u021bie mai practic\u0103 \u0219i mai eficient\u0103. Aceste sisteme nu ofer\u0103 doar o estetic\u0103 pl\u0103cut\u0103 prin desenele lor geometrice; De asemenea, aduce contribu\u021bii semnificative la cl\u0103diri \u0219i interioare, aduc\u00e2nd avantaje de izolare.<\/p>\n\n\n\n<figure class=\"wp-block-image size-large\"><img fetchpriority=\"high\" decoding=\"async\" width=\"1024\" height=\"576\" src=\"https:\/\/www.artminium.com\/wp-content\/uploads\/2023\/11\/Gunes-Kirici-Hareketli-Cephe-Modelleri-ve-Fiyatlari-1024x576.png\" alt=\"Modele \u0219i pre\u021buri de fa\u021bad\u0103 mobil\u0103 pentru umbrire solar\u0103\" class=\"wp-image-2349\" srcset=\"https:\/\/www.artminium.com\/wp-content\/uploads\/2023\/11\/Gunes-Kirici-Hareketli-Cephe-Modelleri-ve-Fiyatlari-1024x576.png 1024w, https:\/\/www.artminium.com\/wp-content\/uploads\/2023\/11\/Gunes-Kirici-Hareketli-Cephe-Modelleri-ve-Fiyatlari-300x169.png 300w, https:\/\/www.artminium.com\/wp-content\/uploads\/2023\/11\/Gunes-Kirici-Hareketli-Cephe-Modelleri-ve-Fiyatlari-768x432.png 768w, https:\/\/www.artminium.com\/wp-content\/uploads\/2023\/11\/Gunes-Kirici-Hareketli-Cephe-Modelleri-ve-Fiyatlari.png 1280w\" sizes=\"(max-width: 1024px) 100vw, 1024px\" \/><figcaption class=\"wp-element-caption\">Modele \u0219i pre\u021buri de fa\u021bad\u0103 mobil\u0103 pentru umbrire solar\u0103<\/figcaption><\/figure>\n\n\n\n<p class=\"wp-block-paragraph\"><strong>Modele de fatada de parasolar mobil <\/strong>Ofer\u0103 modele exterioare care se pot mi\u0219ca \u00een unghiuri diferite \u00een func\u021bie de \u00een\u0103l\u021bimea soarelui. Aceste sisteme joac\u0103 un rol important pentru cei care doresc s\u0103 fac\u0103 interioarele mai reci \u0219i mai confortabile. Prin urmare, umbrirea solar\u0103 ofer\u0103 mari avantaje cl\u0103dirilor, at\u00e2t din punct de vedere estetic, c\u00e2t \u0219i func\u021bional.<\/p>\n\n\n\n<div id=\"ez-toc-container\" class=\"ez-toc-v2_0_85 counter-hierarchy ez-toc-counter ez-toc-grey ez-toc-container-direction\">\n<div class=\"ez-toc-title-container\">\n<p class=\"ez-toc-title\" style=\"cursor:inherit\">Cuprins<\/p>\n<span class=\"ez-toc-title-toggle\"><a href=\"#\" class=\"ez-toc-pull-right ez-toc-btn ez-toc-btn-xs ez-toc-btn-default ez-toc-toggle\" aria-label=\"Comuta\u021bi Tabelul de con\u021binut\"><span class=\"ez-toc-js-icon-con\"><span class=\"\"><span class=\"eztoc-hide\" style=\"display:none;\">comutare<\/span><span class=\"ez-toc-icon-toggle-span\"><svg style=\"fill: #999;color:#999\" xmlns=\"http:\/\/www.w3.org\/2000\/svg\" class=\"list-377408\" width=\"20px\" height=\"20px\" viewbox=\"0 0 24 24\" fill=\"none\"><path d=\"M6 6H4v2h2V6zm14 0H8v2h12V6zM4 11h2v2H4v-2zm16 0H8v2h12v-2zM4 16h2v2H4v-2zm16 0H8v2h12v-2z\" fill=\"currentColor\"><\/path><\/svg><svg style=\"fill: #999;color:#999\" class=\"arrow-unsorted-368013\" xmlns=\"http:\/\/www.w3.org\/2000\/svg\" width=\"10px\" height=\"10px\" viewbox=\"0 0 24 24\" version=\"1.2\" baseprofile=\"tiny\"><path d=\"M18.2 9.3l-6.2-6.3-6.2 6.3c-.2.2-.3.4-.3.7s.1.5.3.7c.2.2.4.3.7.3h11c.3 0 .5-.1.7-.3.2-.2.3-.5.3-.7s-.1-.5-.3-.7zM5.8 14.7l6.2 6.3 6.2-6.3c.2-.2.3-.5.3-.7s-.1-.5-.3-.7c-.2-.2-.4-.3-.7-.3h-11c-.3 0-.5.1-.7.3-.2.2-.3.5-.3.7s.1.5.3.7z\"\/><\/svg><\/span><\/span><\/span><\/a><\/span><\/div>\n<nav><ul class='ez-toc-list ez-toc-list-level-1' ><li class='ez-toc-page-1 ez-toc-heading-level-2'><a class=\"ez-toc-link ez-toc-heading-1\" href=\"https:\/\/www.artminium.com\/ro\/parasolar-fatada-mobila-modele-si-preturi\/#Gunes_Kirici_Hareketli_Cephe_Modellerinin_Avantajlari\" >Avantajele modelelor de fa\u021bad\u0103 mobil\u0103 pentru umbrirea soarelui<\/a><\/li><li class='ez-toc-page-1 ez-toc-heading-level-2'><a class=\"ez-toc-link ez-toc-heading-2\" href=\"https:\/\/www.artminium.com\/ro\/parasolar-fatada-mobila-modele-si-preturi\/#Gunes_Kirici_Turleri_Nelerdir\" >Care sunt tipurile de umbrele de soare?<\/a><\/li><li class='ez-toc-page-1 ez-toc-heading-level-2'><a class=\"ez-toc-link ez-toc-heading-3\" href=\"https:\/\/www.artminium.com\/ro\/parasolar-fatada-mobila-modele-si-preturi\/#Gunes_Kirici_Hareketli_Cephe_Fiyatlari_Ne_Kadar\" >Care sunt pre\u021burile fa\u021badelor mobile pentru umbrirea soarelui?<\/a><\/li><\/ul><\/nav><\/div>\n<h2 class=\"wp-block-heading\"><span class=\"ez-toc-section\" id=\"Gunes_Kirici_Hareketli_Cephe_Modellerinin_Avantajlari\"><\/span>Avantajele modelelor de fa\u021bad\u0103 mobil\u0103 pentru umbrirea soarelui<span class=\"ez-toc-section-end\"><\/span><\/h2>\n\n\n\n<p class=\"wp-block-paragraph\"><strong>Modele de fatada de parasolar mobil <\/strong>Are o structur\u0103 care poate fi folosit\u0103 nu numai \u00een case, ci \u0219i \u00een cl\u0103diri comerciale. Aceste produse sunt sisteme implementate pentru a utiliza sau controla energia solar\u0103 \u00een cel mai eficient mod. Avantajele oferite de modele sunt, \u00een general, urm\u0103toarele:<\/p>\n\n\n\n<ul class=\"wp-block-list\">\n<li>Parasolare protejeaz\u0103 spa\u021biile interioare \u00eempiedic\u00e2nd p\u0103trunderea direct\u0103 a razelor solare \u00een cl\u0103dire.<\/li>\n\n\n\n<li>Aceste sisteme pot fi integrate cu sistemele de placare a fa\u021badelor \u0219i ofer\u0103 integritate estetic\u0103.<\/li>\n\n\n\n<li>Umbrelele de soare protejeaz\u0103 de razele de radia\u021bii nocive \u0219i asigur\u0103 utilizarea optim\u0103 a luminii zilei.<\/li>\n\n\n\n<li>Parasolare, care \u00een general sunt montate permanent, pot fi controlate manual, sau exist\u0103 \u0219i modele care \u00ee\u0219i schimb\u0103 pozi\u021bia automat cu energie electric\u0103 \u00een func\u021bie de schimbarea luminii solare.<\/li>\n\n\n\n<li>Parasolare blocheaz\u0103 razele soarelui \u0219i, de asemenea, \u00eempiedic\u0103 intrarea razelor solare care emit energie termic\u0103 \u00een spa\u021biile interioare. Pe l\u00e2ng\u0103 toate acestea <strong>umbrire solar\u0103 modele de fa\u021bad\u0103 mobil\u0103<\/strong> Ofera un aport estetic si impiedica razele solare pe care nu le doriti sa patrunda in spatiile interioare. Astfel, ofer\u0103 at\u00e2t o solu\u021bie func\u021bional\u0103, c\u00e2t \u0219i estetic\u0103.<\/li>\n<\/ul>\n\n\n\n<h2 class=\"wp-block-heading\"><span class=\"ez-toc-section\" id=\"Gunes_Kirici_Turleri_Nelerdir\"><\/span>Care sunt tipurile de umbrele de soare?<span class=\"ez-toc-section-end\"><\/span><\/h2>\n\n\n\n<p class=\"wp-block-paragraph\"><strong>Modele de parasolare <\/strong>Ast\u0103zi, are diferite tipuri \u0219i soiuri \u0219i aduce multe avantaje. Aceste sisteme sunt folosite pentru a cre\u0219te eficien\u021ba energetic\u0103 a cl\u0103dirilor, pentru a proteja spa\u021biile interioare \u0219i pentru a oferi un aspect estetic. \u00cen timp ce adaug\u0103 o not\u0103 estetic\u0103, contribuie \u0219i la economisirea energiei. Atrage aten\u021bia prin diversitatea sistemului \u0219i con\u021binutul bogat \u0219i exist\u0103 solu\u021bii potrivite pentru nevoile fiec\u0103rui client.<\/p>\n\n\n\n<p class=\"wp-block-paragraph\">Umbrelele de soare nu numai c\u0103 contribuie la economisirea energiei, dar adaug\u0103 \u0219i valoare estetic\u0103 cl\u0103dirilor. Relaxeaz\u0103 \u0219i \u00eenfrumuse\u021beaz\u0103 spa\u021biile interioare protej\u00e2nd \u00een acela\u0219i timp exteriorul cl\u0103dirii. Prin urmare, parasolare joac\u0103 un rol important \u00een industria construc\u021biilor. Protejeaz\u0103 spa\u021biile interioare \u0219i cre\u0219te valoarea estetic\u0103 a cl\u0103dirii prin economisirea energiei \u00een toate condi\u021biile climatice.<\/p>\n\n\n\n<h2 class=\"wp-block-heading\"><span class=\"ez-toc-section\" id=\"Gunes_Kirici_Hareketli_Cephe_Fiyatlari_Ne_Kadar\"><\/span>Care sunt pre\u021burile fa\u021badelor mobile pentru umbrirea soarelui?<span class=\"ez-toc-section-end\"><\/span><\/h2>\n\n\n\n<p class=\"wp-block-paragraph\">Parasolarele sunt un element important de construc\u021bie folosit pentru a cre\u0219te eficien\u021ba energetic\u0103 a cl\u0103dirilor, pentru a proteja spa\u021biile interioare \u0219i pentru a oferi un aspect estetic. <strong>Umbrire solara fatada mobila preturi<\/strong> poate varia foarte mult \u00een func\u021bie de o serie de factori. Calitatea materialului parasolelor este unul dintre principalii factori care afecteaz\u0103 pre\u021burile. Materialele mai durabile \u0219i de calitate superioar\u0103 sunt un factor de pre\u021b; Cu toate acestea, nu trebuie uitat c\u0103 aceasta ofer\u0103 o utilizare mai eficient\u0103 pentru o perioad\u0103 lung\u0103 de timp.<\/p>\n\n\n\n<p class=\"wp-block-paragraph\">\u00cen plus, dimensiunea \u0219i designul sunt, de asemenea, importante. Concasoarele special concepute sau de dimensiuni mari vor necesita mai multe materiale \u0219i for\u021b\u0103 de munc\u0103, astfel \u00eenc\u00e2t pre\u021burile vor cre\u0219te. \u00cen plus, instalarea parasolarelor este un proces care necesit\u0103 o manoper\u0103 profesionist\u0103. Costurile de instalare \u0219i for\u021b\u0103 de munc\u0103 contribuie la pre\u021bul total al umbririi solare. Pre\u021burile companiei noastre nu sunt standard \u00een acest sens. Cu toate acestea, ofer\u0103 \u00eentotdeauna solu\u021bii accesibile f\u0103r\u0103 a face compromisuri cu materialele de prim\u0103 clas\u0103.<\/p>","protected":false},"excerpt":{"rendered":"<p>Multe cl\u0103diri pot experimenta temperaturi ridicate, \u00een special \u00een lunile fierbin\u021bi de var\u0103. \u00cen timp ce sistemele de aer condi\u021bionat \u0219i ventila\u021bie ofer\u0103 solu\u021bii la aceast\u0103 problem\u0103, sistemele de parasolar aplicate la exteriorul cl\u0103dirilor pot oferi o solu\u021bie mai practic\u0103 \u0219i mai eficient\u0103. Aceste sisteme nu numai c\u0103 ofer\u0103 un aspect estetic atractiv prin designul lor geometric, dar contribuie semnificativ \u0219i la spa\u021biile interioare ale cl\u0103dirilor prin oferirea de beneficii de izolare. [\u2026]<\/p>","protected":false},"author":4,"featured_media":2349,"comment_status":"open","ping_status":"open","sticky":false,"template":"","format":"standard","meta":{"site-sidebar-layout":"default","site-content-layout":"","ast-site-content-layout":"default","site-content-style":"default","site-sidebar-style":"default","ast-global-header-display":"","ast-banner-title-visibility":"","ast-main-header-display":"","ast-hfb-above-header-display":"","ast-hfb-below-header-display":"","ast-hfb-mobile-header-display":"","site-post-title":"","ast-breadcrumbs-content":"","ast-featured-img":"","footer-sml-layout":"","theme-transparent-header-meta":"","adv-header-id-meta":"","stick-header-meta":"","header-above-stick-meta":"","header-main-stick-meta":"","header-below-stick-meta":"","astra-migrate-meta-layouts":"default","ast-page-background-enabled":"default","ast-page-background-meta":{"desktop":{"background-color":"","background-image":"","background-repeat":"repeat","background-position":"center center","background-size":"auto","background-attachment":"scroll","background-type":"","background-media":"","overlay-type":"","overlay-color":"","overlay-opacity":"","overlay-gradient":""},"tablet":{"background-color":"","background-image":"","background-repeat":"repeat","background-position":"center center","background-size":"auto","background-attachment":"scroll","background-type":"","background-media":"","overlay-type":"","overlay-color":"","overlay-opacity":"","overlay-gradient":""},"mobile":{"background-color":"","background-image":"","background-repeat":"repeat","background-position":"center center","background-size":"auto","background-attachment":"scroll","background-type":"","background-media":"","overlay-type":"","overlay-color":"","overlay-opacity":"","overlay-gradient":""}},"ast-content-background-meta":{"desktop":{"background-color":"var(--ast-global-color-5)","background-image":"","background-repeat":"repeat","background-position":"center center","background-size":"auto","background-attachment":"scroll","background-type":"","background-media":"","overlay-type":"","overlay-color":"","overlay-opacity":"","overlay-gradient":""},"tablet":{"background-color":"var(--ast-global-color-5)","background-image":"","background-repeat":"repeat","background-position":"center center","background-size":"auto","background-attachment":"scroll","background-type":"","background-media":"","overlay-type":"","overlay-color":"","overlay-opacity":"","overlay-gradient":""},"mobile":{"background-color":"var(--ast-global-color-5)","background-image":"","background-repeat":"repeat","background-position":"center center","background-size":"auto","background-attachment":"scroll","background-type":"","background-media":"","overlay-type":"","overlay-color":"","overlay-opacity":"","overlay-gradient":""}},"footnotes":""},"categories":[1],"tags":[],"class_list":["post-2348","post","type-post","status-publish","format-standard","has-post-thumbnail","hentry","category-hareketli-sabit-aluminyum-sistemler"],"_links":{"self":[{"href":"https:\/\/www.artminium.com\/ro\/wp-json\/wp\/v2\/posts\/2348","targetHints":{"allow":["GET"]}}],"collection":[{"href":"https:\/\/www.artminium.com\/ro\/wp-json\/wp\/v2\/posts"}],"about":[{"href":"https:\/\/www.artminium.com\/ro\/wp-json\/wp\/v2\/types\/post"}],"author":[{"embeddable":true,"href":"https:\/\/www.artminium.com\/ro\/wp-json\/wp\/v2\/users\/4"}],"replies":[{"embeddable":true,"href":"https:\/\/www.artminium.com\/ro\/wp-json\/wp\/v2\/comments?post=2348"}],"version-history":[{"count":0,"href":"https:\/\/www.artminium.com\/ro\/wp-json\/wp\/v2\/posts\/2348\/revisions"}],"wp:featuredmedia":[{"embeddable":true,"href":"https:\/\/www.artminium.com\/ro\/wp-json\/wp\/v2\/media\/2349"}],"wp:attachment":[{"href":"https:\/\/www.artminium.com\/ro\/wp-json\/wp\/v2\/media?parent=2348"}],"wp:term":[{"taxonomy":"category","embeddable":true,"href":"https:\/\/www.artminium.com\/ro\/wp-json\/wp\/v2\/categories?post=2348"},{"taxonomy":"post_tag","embeddable":true,"href":"https:\/\/www.artminium.com\/ro\/wp-json\/wp\/v2\/tags?post=2348"}],"curies":[{"name":"wp","href":"https:\/\/api.w.org\/{rel}","templated":true}]}}