{"id":2363,"date":"2023-11-03T21:20:59","date_gmt":"2023-11-03T18:20:59","guid":{"rendered":"https:\/\/www.artminium.com\/?p=2363"},"modified":"2024-11-04T00:54:30","modified_gmt":"2024-11-03T21:54:30","slug":"modeles-et-prix-de-balcon-en-verre-a-guillotine-automatique","status":"publish","type":"post","link":"https:\/\/www.artminium.com\/fr\/modeles-et-prix-de-balcon-en-verre-a-guillotine-automatique\/","title":{"rendered":"Mod\u00e8les et prix de balcons en verre \u00e0 guillotine automatique"},"content":{"rendered":"<p class=\"wp-block-paragraph\">Aujourd&#039;hui, alliant esth\u00e9tique et fonctionnalit\u00e9, <strong>mod\u00e8les de balcon en verre \u00e0 guillotine automatique<\/strong>est devenu un \u00e9l\u00e9ment indispensable de la vie moderne. Il offre la possibilit\u00e9 de profiter pleinement des espaces ext\u00e9rieurs tout en assurant une protection contre les agressions ext\u00e9rieures, notamment dans les b\u00e2timents en ville, les sols de terrasses ou les sols de jardins. Les balcons en verre \u00e0 guillotine automatique offrent des options adapt\u00e9es \u00e0 tous types d&#039;espaces avec leurs diff\u00e9rents mod\u00e8les et mat\u00e9riaux.<\/p>\n\n\n\n<figure class=\"wp-block-image size-large\"><img fetchpriority=\"high\" decoding=\"async\" width=\"1024\" height=\"576\" src=\"https:\/\/www.artminium.com\/wp-content\/uploads\/2023\/11\/Otomatik-Giyotin-Cam-Balkon-Modelleri-ve-Fiyatlari-1024x576.png\" alt=\"Mod\u00e8les et prix de balcons en verre \u00e0 guillotine automatique\" class=\"wp-image-2364\" srcset=\"https:\/\/www.artminium.com\/wp-content\/uploads\/2023\/11\/Otomatik-Giyotin-Cam-Balkon-Modelleri-ve-Fiyatlari-1024x576.png 1024w, https:\/\/www.artminium.com\/wp-content\/uploads\/2023\/11\/Otomatik-Giyotin-Cam-Balkon-Modelleri-ve-Fiyatlari-300x169.png 300w, https:\/\/www.artminium.com\/wp-content\/uploads\/2023\/11\/Otomatik-Giyotin-Cam-Balkon-Modelleri-ve-Fiyatlari-768x432.png 768w, https:\/\/www.artminium.com\/wp-content\/uploads\/2023\/11\/Otomatik-Giyotin-Cam-Balkon-Modelleri-ve-Fiyatlari.png 1280w\" sizes=\"(max-width: 1024px) 100vw, 1024px\" \/><figcaption class=\"wp-element-caption\">Mod\u00e8les et prix de balcons en verre \u00e0 guillotine automatique<\/figcaption><\/figure>\n\n\n\n<p class=\"wp-block-paragraph\">Les balcons attirent l\u2019attention gr\u00e2ce \u00e0 leurs designs sp\u00e9ciaux et leurs fonctionnalit\u00e9s personnalisables. <strong>Balcon en verre \u00e0 guillotine automatique<\/strong> Il est propos\u00e9 en diff\u00e9rents mod\u00e8les selon la taille, la localisation et la destination du lieu. Il est g\u00e9n\u00e9ralement produit \u00e0 partir de mat\u00e9riaux durables tels que l\u2019aluminium, le verre et l\u2019acier inoxydable. De cette fa\u00e7on, il poss\u00e8de une structure durable et durable.<\/p>\n\n\n\n<p class=\"wp-block-paragraph\">Les balcons en verre \u00e0 guillotine automatique ajoutent une touche moderne \u00e0 votre espace en termes d&#039;esth\u00e9tique et apportent une \u00e9l\u00e9gance visuelle. Ils augmentent \u00e9galement le confort de votre espace car ils offrent une protection contre les facteurs externes tels que le vent, la pluie, la poussi\u00e8re et le bruit.<\/p>\n\n\n\n<div id=\"ez-toc-container\" class=\"ez-toc-v2_0_85 counter-hierarchy ez-toc-counter ez-toc-grey ez-toc-container-direction\">\n<div class=\"ez-toc-title-container\">\n<p class=\"ez-toc-title\" style=\"cursor:inherit\">Contenu<\/p>\n<span class=\"ez-toc-title-toggle\"><a href=\"#\" class=\"ez-toc-pull-right ez-toc-btn ez-toc-btn-xs ez-toc-btn-default ez-toc-toggle\" aria-label=\"Basculer la table des mati\u00e8res\"><span class=\"ez-toc-js-icon-con\"><span class=\"\"><span class=\"eztoc-hide\" style=\"display:none;\">basculer<\/span><span class=\"ez-toc-icon-toggle-span\"><svg style=\"fill: #999;color:#999\" xmlns=\"http:\/\/www.w3.org\/2000\/svg\" class=\"list-377408\" width=\"20px\" height=\"20px\" viewbox=\"0 0 24 24\" fill=\"none\"><path d=\"M6 6H4v2h2V6zm14 0H8v2h12V6zM4 11h2v2H4v-2zm16 0H8v2h12v-2zM4 16h2v2H4v-2zm16 0H8v2h12v-2z\" fill=\"currentColor\"><\/path><\/svg><svg style=\"fill: #999;color:#999\" class=\"arrow-unsorted-368013\" xmlns=\"http:\/\/www.w3.org\/2000\/svg\" width=\"10px\" height=\"10px\" viewbox=\"0 0 24 24\" version=\"1.2\" baseprofile=\"tiny\"><path d=\"M18.2 9.3l-6.2-6.3-6.2 6.3c-.2.2-.3.4-.3.7s.1.5.3.7c.2.2.4.3.7.3h11c.3 0 .5-.1.7-.3.2-.2.3-.5.3-.7s-.1-.5-.3-.7zM5.8 14.7l6.2 6.3 6.2-6.3c.2-.2.3-.5.3-.7s-.1-.5-.3-.7c-.2-.2-.4-.3-.7-.3h-11c-.3 0-.5.1-.7.3-.2.2-.3.5-.3.7s.1.5.3.7z\"\/><\/svg><\/span><\/span><\/span><\/a><\/span><\/div>\n<nav><ul class='ez-toc-list ez-toc-list-level-1' ><li class='ez-toc-page-1 ez-toc-heading-level-2'><a class=\"ez-toc-link ez-toc-heading-1\" href=\"https:\/\/www.artminium.com\/fr\/modeles-et-prix-de-balcon-en-verre-a-guillotine-automatique\/#Giyotin_Cam_Balkon_Fiyatlari\" >Prix des balcons en verre guillotine<\/a><\/li><li class='ez-toc-page-1 ez-toc-heading-level-2'><a class=\"ez-toc-link ez-toc-heading-2\" href=\"https:\/\/www.artminium.com\/fr\/modeles-et-prix-de-balcon-en-verre-a-guillotine-automatique\/#Manuel_Giyotinli_Cam_Balkon\" >Balcon en verre avec guillotine manuelle<\/a><\/li><li class='ez-toc-page-1 ez-toc-heading-level-2'><a class=\"ez-toc-link ez-toc-heading-3\" href=\"https:\/\/www.artminium.com\/fr\/modeles-et-prix-de-balcon-en-verre-a-guillotine-automatique\/#Elektrikli_Cam_Balkon_M2_Fiyatlari\" >Tarifs Balcon Vitr\u00e9 \u00c9lectrique M2<\/a><\/li><\/ul><\/nav><\/div>\n<h2 class=\"wp-block-heading\"><span class=\"ez-toc-section\" id=\"Giyotin_Cam_Balkon_Fiyatlari\"><\/span>Prix des balcons en verre guillotine<span class=\"ez-toc-section-end\"><\/span><\/h2>\n\n\n\n<p class=\"wp-block-paragraph\">Les balcons sont l\u2019une des parties les plus importantes des maisons. Parce qu\u2019il assure la connexion avec le monde ext\u00e9rieur et fait entrer la lumi\u00e8re du jour. Le type de balcon est donc tr\u00e8s important en termes d\u2019utilisation.<\/p>\n\n\n\n<p class=\"wp-block-paragraph\"><strong>Mod\u00e8les de balcons en verre guillotine<\/strong>C\u2019est une option tr\u00e8s populaire utilis\u00e9e \u00e0 l\u2019ext\u00e9rieur pour offrir une apparence esth\u00e9tique et une protection. Les balcons en verre guillotine offrent une protection contre les \u00e9v\u00e9nements m\u00e9t\u00e9orologiques tels que le vent et la pluie dans les espaces ouverts tels que les terrasses ou les jardins, tout en augmentant l&#039;esth\u00e9tique de l&#039;espace. <strong>Balcons en verre guillotine<\/strong> Il est propos\u00e9 dans une large gamme pour r\u00e9pondre \u00e0 diff\u00e9rents besoins avec diff\u00e9rents mod\u00e8les et options de mat\u00e9riaux.<\/p>\n\n\n\n<p class=\"wp-block-paragraph\"><strong>Prix des balcons en verre guillotine<\/strong>varie en fonction de nombreux facteurs. Premi\u00e8rement, la taille du balcon ou de la terrasse est un facteur important. Couvrir une plus grande surface n\u00e9cessite plus de mat\u00e9riaux et de main d\u2019\u0153uvre. De plus, la qualit\u00e9 et le type de verre utilis\u00e9 affectent le prix. Les verres tremp\u00e9s sont davantage utilis\u00e9s car ils sont plus durables.<\/p>\n\n\n\n<h2 class=\"wp-block-heading\"><span class=\"ez-toc-section\" id=\"Manuel_Giyotinli_Cam_Balkon\"><\/span>Balcon en verre avec guillotine manuelle<span class=\"ez-toc-section-end\"><\/span><\/h2>\n\n\n\n<p class=\"wp-block-paragraph\"><strong>Balcon en verre avec guillotine manuelle<\/strong> C&#039;est un \u00e9l\u00e9ment indispensable de la vie moderne qui int\u00e8gre esth\u00e9tiquement les espaces ext\u00e9rieurs aux espaces int\u00e9rieurs. Les balcons vitr\u00e9s \u00e0 guillotines manuelles offrent une large perspective aux espaces gr\u00e2ce \u00e0 leurs panneaux vitr\u00e9s ouvrant et fermant. Les balcons en verre guillotine, particuli\u00e8rement appr\u00e9ci\u00e9s dans les zones de vie tr\u00e8s fr\u00e9quent\u00e9es des villes, offrent des r\u00e9sultats satisfaisants tant sur le plan esth\u00e9tique que fonctionnel.<\/p>\n\n\n\n<p class=\"wp-block-paragraph\">Les mat\u00e9riaux utilis\u00e9s dans la conception des balcons en verre \u00e0 guillotines manuelles sont d&#039;une grande importance en termes de durabilit\u00e9 et d&#039;esth\u00e9tique. G\u00e9n\u00e9ralement, les cadres en aluminium sont pr\u00e9f\u00e9r\u00e9s. L&#039;aluminium attire l&#039;attention par sa r\u00e9sistance aux intemp\u00e9ries et sa l\u00e9g\u00e8ret\u00e9. De plus, aucun probl\u00e8me tel que la rouille n\u2019est rencontr\u00e9. Les panneaux de verre sont constitu\u00e9s de verre tremp\u00e9 et \u00e9pais. &nbsp;<\/p>\n\n\n\n<h2 class=\"wp-block-heading\"><span class=\"ez-toc-section\" id=\"Elektrikli_Cam_Balkon_M2_Fiyatlari\"><\/span>Tarifs Balcon Vitr\u00e9 \u00c9lectrique M2<span class=\"ez-toc-section-end\"><\/span><\/h2>\n\n\n\n<p class=\"wp-block-paragraph\"><strong>Balcon vitr\u00e9 \u00e9lectrique <\/strong>Il est fr\u00e9quemment pr\u00e9f\u00e9r\u00e9 car il fait partie des mod\u00e8les faciles \u00e0 utiliser. Les balcons vitr\u00e9s \u00e9lectriques ajoutent de l&#039;\u00e9l\u00e9gance aux espaces par leur aspect esth\u00e9tique et offrent \u00e9galement un grand confort aux utilisateurs. <strong>Balcons vitr\u00e9s \u00e9lectriques<\/strong>Il dispose de panneaux de verre qui peuvent \u00eatre ouverts et ferm\u00e9s avec une t\u00e9l\u00e9commande ou un bouton.<\/p>\n\n\n\n<p class=\"wp-block-paragraph\"><strong>Tarifs m2 balcon vitr\u00e9 \u00e9lectrique <\/strong>De nombreux facteurs sont efficaces \u00e0 cet \u00e9gard. La taille de la zone o\u00f9 sera install\u00e9 le syst\u00e8me de balcon \u00e9lectrique en verre est un facteur tr\u00e8s important. Dans les mod\u00e8les de balcons vitr\u00e9s \u00e9lectriques, un syst\u00e8me \u00e9lectrique est install\u00e9 pour permettre l&#039;ouverture et la fermeture du balcon \u00e0 distance. Par cons\u00e9quent, des surfaces plus grandes n\u00e9cessitent plus de mat\u00e9riau.<\/p>\n\n\n\n<p class=\"wp-block-paragraph\">Les mat\u00e9riaux utilis\u00e9s apr\u00e8s la zone o\u00f9 le syst\u00e8me de balcon en verre \u00e9lectrique sera install\u00e9 sont \u00e9galement importants. Puisque les balcons sont des structures qui s\u2019ouvrent sur l\u2019ext\u00e9rieur, ils sont affect\u00e9s par les conditions m\u00e9t\u00e9orologiques comme la neige, la pluie et le vent. C\u2019est pourquoi il convient de choisir des mat\u00e9riaux r\u00e9sistants aux intemp\u00e9ries.<\/p>","protected":false},"excerpt":{"rendered":"<p>Aujourd&#039;hui, les balcons automatiques en verre \u00e0 guillotine, alliant esth\u00e9tique et fonctionnalit\u00e9, sont devenus indispensables \u00e0 la vie moderne. En particulier dans les b\u00e2timents urbains, les terrasses ou les jardins, ils offrent une protection contre les agressions ext\u00e9rieures tout en permettant de profiter pleinement des espaces ext\u00e9rieurs. Gr\u00e2ce \u00e0 leur diversit\u00e9 de mod\u00e8les et de mat\u00e9riaux, les balcons automatiques en verre \u00e0 guillotine offrent des options adapt\u00e9es \u00e0 tous les types d&#039;espaces. [\u2026]<\/p>","protected":false},"author":4,"featured_media":2364,"comment_status":"open","ping_status":"open","sticky":false,"template":"","format":"standard","meta":{"site-sidebar-layout":"default","site-content-layout":"","ast-site-content-layout":"default","site-content-style":"default","site-sidebar-style":"default","ast-global-header-display":"","ast-banner-title-visibility":"","ast-main-header-display":"","ast-hfb-above-header-display":"","ast-hfb-below-header-display":"","ast-hfb-mobile-header-display":"","site-post-title":"","ast-breadcrumbs-content":"","ast-featured-img":"","footer-sml-layout":"","theme-transparent-header-meta":"","adv-header-id-meta":"","stick-header-meta":"","header-above-stick-meta":"","header-main-stick-meta":"","header-below-stick-meta":"","astra-migrate-meta-layouts":"default","ast-page-background-enabled":"default","ast-page-background-meta":{"desktop":{"background-color":"","background-image":"","background-repeat":"repeat","background-position":"center center","background-size":"auto","background-attachment":"scroll","background-type":"","background-media":"","overlay-type":"","overlay-color":"","overlay-opacity":"","overlay-gradient":""},"tablet":{"background-color":"","background-image":"","background-repeat":"repeat","background-position":"center center","background-size":"auto","background-attachment":"scroll","background-type":"","background-media":"","overlay-type":"","overlay-color":"","overlay-opacity":"","overlay-gradient":""},"mobile":{"background-color":"","background-image":"","background-repeat":"repeat","background-position":"center center","background-size":"auto","background-attachment":"scroll","background-type":"","background-media":"","overlay-type":"","overlay-color":"","overlay-opacity":"","overlay-gradient":""}},"ast-content-background-meta":{"desktop":{"background-color":"var(--ast-global-color-5)","background-image":"","background-repeat":"repeat","background-position":"center center","background-size":"auto","background-attachment":"scroll","background-type":"","background-media":"","overlay-type":"","overlay-color":"","overlay-opacity":"","overlay-gradient":""},"tablet":{"background-color":"var(--ast-global-color-5)","background-image":"","background-repeat":"repeat","background-position":"center center","background-size":"auto","background-attachment":"scroll","background-type":"","background-media":"","overlay-type":"","overlay-color":"","overlay-opacity":"","overlay-gradient":""},"mobile":{"background-color":"var(--ast-global-color-5)","background-image":"","background-repeat":"repeat","background-position":"center center","background-size":"auto","background-attachment":"scroll","background-type":"","background-media":"","overlay-type":"","overlay-color":"","overlay-opacity":"","overlay-gradient":""}},"footnotes":""},"categories":[1],"tags":[],"class_list":["post-2363","post","type-post","status-publish","format-standard","has-post-thumbnail","hentry","category-hareketli-sabit-aluminyum-sistemler"],"_links":{"self":[{"href":"https:\/\/www.artminium.com\/fr\/wp-json\/wp\/v2\/posts\/2363","targetHints":{"allow":["GET"]}}],"collection":[{"href":"https:\/\/www.artminium.com\/fr\/wp-json\/wp\/v2\/posts"}],"about":[{"href":"https:\/\/www.artminium.com\/fr\/wp-json\/wp\/v2\/types\/post"}],"author":[{"embeddable":true,"href":"https:\/\/www.artminium.com\/fr\/wp-json\/wp\/v2\/users\/4"}],"replies":[{"embeddable":true,"href":"https:\/\/www.artminium.com\/fr\/wp-json\/wp\/v2\/comments?post=2363"}],"version-history":[{"count":0,"href":"https:\/\/www.artminium.com\/fr\/wp-json\/wp\/v2\/posts\/2363\/revisions"}],"wp:featuredmedia":[{"embeddable":true,"href":"https:\/\/www.artminium.com\/fr\/wp-json\/wp\/v2\/media\/2364"}],"wp:attachment":[{"href":"https:\/\/www.artminium.com\/fr\/wp-json\/wp\/v2\/media?parent=2363"}],"wp:term":[{"taxonomy":"category","embeddable":true,"href":"https:\/\/www.artminium.com\/fr\/wp-json\/wp\/v2\/categories?post=2363"},{"taxonomy":"post_tag","embeddable":true,"href":"https:\/\/www.artminium.com\/fr\/wp-json\/wp\/v2\/tags?post=2363"}],"curies":[{"name":"wp","href":"https:\/\/api.w.org\/{rel}","templated":true}]}}