{"id":2354,"date":"2023-11-06T21:13:48","date_gmt":"2023-11-06T18:13:48","guid":{"rendered":"https:\/\/www.artminium.com\/?p=2354"},"modified":"2024-11-04T00:54:28","modified_gmt":"2024-11-03T21:54:28","slug":"modeles-et-prix-de-balcons-en-verre-pliants","status":"publish","type":"post","link":"https:\/\/www.artminium.com\/fr\/modeles-et-prix-de-balcons-en-verre-pliants\/","title":{"rendered":"Mod\u00e8les et prix de balcons en verre pliants"},"content":{"rendered":"<p class=\"wp-block-paragraph\"><strong>Balcons pliants en verre <\/strong>Il d\u00e9finit des syst\u00e8mes de fen\u00eatres qui peuvent \u00eatre pli\u00e9s, ouverts et ferm\u00e9s en recouvrant de verre les balcons des espaces de vie et des lieux de travail. Ce syst\u00e8me offre aux gens plus de commodit\u00e9 lors de l\u2019utilisation de leur balcon. Les balcons en verre pliables offrent de nombreux avantages \u00e0 leurs utilisateurs.<\/p>\n\n\n\n<figure class=\"wp-block-image size-large\"><img fetchpriority=\"high\" decoding=\"async\" width=\"1024\" height=\"576\" src=\"https:\/\/www.artminium.com\/wp-content\/uploads\/2023\/11\/Katlanir-Cam-Balkon-Modelleri-ve-Fiyatlari-1024x576.png\" alt=\"Mod\u00e8les et prix de balcons en verre pliants\" class=\"wp-image-2355\" srcset=\"https:\/\/www.artminium.com\/wp-content\/uploads\/2023\/11\/Katlanir-Cam-Balkon-Modelleri-ve-Fiyatlari-1024x576.png 1024w, https:\/\/www.artminium.com\/wp-content\/uploads\/2023\/11\/Katlanir-Cam-Balkon-Modelleri-ve-Fiyatlari-300x169.png 300w, https:\/\/www.artminium.com\/wp-content\/uploads\/2023\/11\/Katlanir-Cam-Balkon-Modelleri-ve-Fiyatlari-768x432.png 768w, https:\/\/www.artminium.com\/wp-content\/uploads\/2023\/11\/Katlanir-Cam-Balkon-Modelleri-ve-Fiyatlari.png 1280w\" sizes=\"(max-width: 1024px) 100vw, 1024px\" \/><figcaption class=\"wp-element-caption\">Mod\u00e8les et prix de balcons en verre pliants<\/figcaption><\/figure>\n\n\n\n<p class=\"wp-block-paragraph\">Compar\u00e9 \u00e0 d&#039;autres syst\u00e8mes de fen\u00eatres de balcon en verre, il se nettoie particuli\u00e8rement facilement. De plus <strong>mod\u00e8les de balcons en verre pliables<\/strong> Il offre \u00e0 ses utilisateurs la possibilit\u00e9 de transformer leurs balcons en jardins d&#039;hiver. \u00c0 cet \u00e9gard, ces syst\u00e8mes sont devenus un choix courant non seulement dans les foyers mais aussi dans les caf\u00e9s et les restaurants.<\/p>\n\n\n\n<p class=\"wp-block-paragraph\">Notre entreprise peut r\u00e9aliser ces projets selon diff\u00e9rents profils et besoins de clients. Si vous souhaitez b\u00e9n\u00e9ficier des services que nous proposons, il vous suffit de nous contacter.<\/p>\n\n\n\n<div id=\"ez-toc-container\" class=\"ez-toc-v2_0_85 counter-hierarchy ez-toc-counter ez-toc-grey ez-toc-container-direction\">\n<div class=\"ez-toc-title-container\">\n<p class=\"ez-toc-title\" style=\"cursor:inherit\">Contenu<\/p>\n<span class=\"ez-toc-title-toggle\"><a href=\"#\" class=\"ez-toc-pull-right ez-toc-btn ez-toc-btn-xs ez-toc-btn-default ez-toc-toggle\" aria-label=\"Basculer la table des mati\u00e8res\"><span class=\"ez-toc-js-icon-con\"><span class=\"\"><span class=\"eztoc-hide\" style=\"display:none;\">basculer<\/span><span class=\"ez-toc-icon-toggle-span\"><svg style=\"fill: #999;color:#999\" xmlns=\"http:\/\/www.w3.org\/2000\/svg\" class=\"list-377408\" width=\"20px\" height=\"20px\" viewbox=\"0 0 24 24\" fill=\"none\"><path d=\"M6 6H4v2h2V6zm14 0H8v2h12V6zM4 11h2v2H4v-2zm16 0H8v2h12v-2zM4 16h2v2H4v-2zm16 0H8v2h12v-2z\" fill=\"currentColor\"><\/path><\/svg><svg style=\"fill: #999;color:#999\" class=\"arrow-unsorted-368013\" xmlns=\"http:\/\/www.w3.org\/2000\/svg\" width=\"10px\" height=\"10px\" viewbox=\"0 0 24 24\" version=\"1.2\" baseprofile=\"tiny\"><path d=\"M18.2 9.3l-6.2-6.3-6.2 6.3c-.2.2-.3.4-.3.7s.1.5.3.7c.2.2.4.3.7.3h11c.3 0 .5-.1.7-.3.2-.2.3-.5.3-.7s-.1-.5-.3-.7zM5.8 14.7l6.2 6.3 6.2-6.3c.2-.2.3-.5.3-.7s-.1-.5-.3-.7c-.2-.2-.4-.3-.7-.3h-11c-.3 0-.5.1-.7.3-.2.2-.3.5-.3.7s.1.5.3.7z\"\/><\/svg><\/span><\/span><\/span><\/a><\/span><\/div>\n<nav><ul class='ez-toc-list ez-toc-list-level-1' ><li class='ez-toc-page-1 ez-toc-heading-level-2'><a class=\"ez-toc-link ez-toc-heading-1\" href=\"https:\/\/www.artminium.com\/fr\/modeles-et-prix-de-balcons-en-verre-pliants\/#Katlanir_Cam_Balkon_Kullanim_Amaclari\" >Utilisation du balcon pliant en verre<\/a><\/li><li class='ez-toc-page-1 ez-toc-heading-level-2'><a class=\"ez-toc-link ez-toc-heading-2\" href=\"https:\/\/www.artminium.com\/fr\/modeles-et-prix-de-balcons-en-verre-pliants\/#Katlanir_Cam_Balkon_Avantajlari_Neler\" >Quels sont les avantages des balcons pliants en verre ?<\/a><ul class='ez-toc-list-level-3' ><li class='ez-toc-heading-level-3'><a class=\"ez-toc-link ez-toc-heading-3\" href=\"https:\/\/www.artminium.com\/fr\/modeles-et-prix-de-balcons-en-verre-pliants\/#Maksimum_Esneklik\" >Flexibilit\u00e9 maximale<\/a><\/li><li class='ez-toc-page-1 ez-toc-heading-level-3'><a class=\"ez-toc-link ez-toc-heading-4\" href=\"https:\/\/www.artminium.com\/fr\/modeles-et-prix-de-balcons-en-verre-pliants\/#Manzara_ve_Dogal_Isik\" >Paysage et lumi\u00e8re naturelle<\/a><\/li><\/ul><\/li><li class='ez-toc-page-1 ez-toc-heading-level-2'><a class=\"ez-toc-link ez-toc-heading-5\" href=\"https:\/\/www.artminium.com\/fr\/modeles-et-prix-de-balcons-en-verre-pliants\/#Katlanir_Cam_Balkon_Fiyatlari_Ne_Kadar\" >Quels sont les prix des balcons pliants en verre ?<\/a><\/li><\/ul><\/nav><\/div>\n<h2 class=\"wp-block-heading\"><span class=\"ez-toc-section\" id=\"Katlanir_Cam_Balkon_Kullanim_Amaclari\"><\/span>Utilisation du balcon pliant en verre<span class=\"ez-toc-section-end\"><\/span><\/h2>\n\n\n\n<p class=\"wp-block-paragraph\"><strong>Syst\u00e8mes de balcons en verre pliables<\/strong> Il offre une facilit\u00e9 d\u2019utilisation aussi bien en \u00e9t\u00e9 qu\u2019en hiver. Ces syst\u00e8mes pr\u00e9sentent de nombreux avantages. Tout d\u2019abord, ces balcons en verre peuvent \u00eatre ouverts et ferm\u00e9s facilement, ils sont faciles \u00e0 entretenir et pratiques \u00e0 nettoyer. De plus, ces syst\u00e8mes \u00e9tablissent un \u00e9quilibre entre les espaces int\u00e9rieurs et ext\u00e9rieurs en assurant l&#039;intimit\u00e9.<\/p>\n\n\n\n<p class=\"wp-block-paragraph\"><strong>Balcons en verre pliables<\/strong> Puisqu\u2019il peut \u00eatre propos\u00e9 avec des options isol\u00e9es ou non isol\u00e9es, il offre une option qui r\u00e9pond aux besoins des utilisateurs. Ces syst\u00e8mes peuvent \u00e9galement \u00eatre pr\u00e9f\u00e9r\u00e9s dans des couleurs qui correspondent \u00e0 l\u2019esth\u00e9tique ext\u00e9rieure et compl\u00e8tent l\u2019apparence du b\u00e2timent. Ces syst\u00e8mes de balcons en verre peuvent \u00eatre utilis\u00e9s \u00e0 de nombreuses fins. Parmi ceux-ci,<\/p>\n\n\n\n<ul class=\"wp-block-list\">\n<li>Gain d&#039;espace suppl\u00e9mentaire<\/li>\n\n\n\n<li>Cr\u00e9ation d&#039;un jardin d&#039;hiver<\/li>\n\n\n\n<li>Confidentialit\u00e9<\/li>\n\n\n\n<li>insonorisation<\/li>\n\n\n\n<li>imperm\u00e9abilisation<\/li>\n\n\n\n<li>isolation de l&#039;air<\/li>\n\n\n\n<li>\u00c9conomie d&#039;\u00e9nergie<\/li>\n\n\n\n<li>Il apporte esth\u00e9tique et s\u00e9curit\u00e9.<\/li>\n<\/ul>\n\n\n\n<p class=\"wp-block-paragraph\">Lorsque l\u2019int\u00e9rieur doit \u00eatre compl\u00e8tement cach\u00e9, des rideaux \u00e0 jalousies ou des stores enrouleurs peuvent \u00eatre utilis\u00e9s. <strong>Syst\u00e8mes de balcons en verre pliables<\/strong> Il peut \u00eatre personnalis\u00e9 en fonction de la taille du balcon et est privil\u00e9gi\u00e9 dans les entreprises pour des raisons de s\u00e9curit\u00e9 et de propret\u00e9.<\/p>\n\n\n\n<h2 class=\"wp-block-heading\"><span class=\"ez-toc-section\" id=\"Katlanir_Cam_Balkon_Avantajlari_Neler\"><\/span>Quels sont les avantages des balcons pliants en verre ?<span class=\"ez-toc-section-end\"><\/span><\/h2>\n\n\n\n<p class=\"wp-block-paragraph\"><strong>Avantages des balcons en verre pliables <\/strong>C\u2019est une option tr\u00e8s attractive en termes de fonctionnalit\u00e9 et d\u2019esth\u00e9tique. Ces syst\u00e8mes de fermeture prot\u00e8gent \u00e0 la fois les espaces int\u00e9rieurs des facteurs externes et permettent des \u00e9conomies d&#039;\u00e9nergie en fournissant une isolation thermique \u00e9conomique.<\/p>\n\n\n\n<p class=\"wp-block-paragraph\">Les syst\u00e8mes de balcons en verre prot\u00e8gent vos balcons et terrasses contre les agressions ext\u00e9rieures. Ainsi, il \u00e9vite les effets n\u00e9gatifs caus\u00e9s par les conditions climatiques telles que la neige, la pluie et la poussi\u00e8re. Il cr\u00e9e \u00e9galement un environnement int\u00e9rieur plus paisible en r\u00e9duisant les facteurs environnementaux tels que le bruit et le bruit. <strong>Balcons en verre pliables<\/strong> Il joue \u00e9galement un r\u00f4le important en termes de s\u00e9curit\u00e9. Il rend votre maison plus s\u00fbre gr\u00e2ce aux syst\u00e8mes de verrouillage et emp\u00eache l&#039;entr\u00e9e des voleurs.<\/p>\n\n\n\n<h3 class=\"wp-block-heading\"><span class=\"ez-toc-section\" id=\"Maksimum_Esneklik\"><\/span>Flexibilit\u00e9 maximale<span class=\"ez-toc-section-end\"><\/span><\/h3>\n\n\n\n<p class=\"wp-block-paragraph\"><strong>Balcons pliants en verre<\/strong> Il offre une utilisation extr\u00eamement flexible. S\u2019il est possible de garder son balcon enti\u00e8rement ouvert lorsqu\u2019il fait beau, il est \u00e9galement possible de le fermer rapidement lorsque les conditions m\u00e9t\u00e9orologiques changent. Gr\u00e2ce \u00e0 ce syst\u00e8me, vous pourrez utiliser votre balcon en toutes saisons et dans toutes les conditions m\u00e9t\u00e9orologiques.<\/p>\n\n\n\n<h3 class=\"wp-block-heading\"><span class=\"ez-toc-section\" id=\"Manzara_ve_Dogal_Isik\"><\/span>Paysage et lumi\u00e8re naturelle<span class=\"ez-toc-section-end\"><\/span><\/h3>\n\n\n\n<p class=\"wp-block-paragraph\">Les balcons en verre sont le moyen id\u00e9al pour apporter une vue magnifique et de la lumi\u00e8re naturelle \u00e0 l\u2019int\u00e9rieur. Les panneaux de verre transparent apportent la beaut\u00e9 et la lumi\u00e8re du jour du monde ext\u00e9rieur \u00e0 l&#039;int\u00e9rieur, transformant votre maison en un espace de vie lumineux et spacieux. Cette fonctionnalit\u00e9 rend votre int\u00e9rieur plus spacieux, dynamique et connect\u00e9 ; Cela vous donne \u00e9galement l\u2019impression de faire partie de la nature \u00e0 l\u2019ext\u00e9rieur.<\/p>\n\n\n\n<h2 class=\"wp-block-heading\"><span class=\"ez-toc-section\" id=\"Katlanir_Cam_Balkon_Fiyatlari_Ne_Kadar\"><\/span>Quels sont les prix des balcons pliants en verre ?<span class=\"ez-toc-section-end\"><\/span><\/h2>\n\n\n\n<p class=\"wp-block-paragraph\"><strong>Prix des balcons pliants en verre <\/strong>Il est d\u00e9termin\u00e9 sp\u00e9cifiquement en fonction des projets et n\u2019est pas standard. Les dimensions de votre balcon vitr\u00e9 pliant jouent un r\u00f4le important dans son prix. S&#039;il couvre une plus grande surface, la quantit\u00e9 de mat\u00e9riaux et le co\u00fbt de la main-d&#039;\u0153uvre augmenteront. Ainsi, le prix s\u2019en ressent naturellement.<\/p>\n\n\n\n<p class=\"wp-block-paragraph\">\u00c0 cela s\u2019ajoutent diff\u00e9rents facteurs. Par exemple, la qualit\u00e9, l\u2019\u00e9paisseur et les propri\u00e9t\u00e9s du verre utilis\u00e9 affectent le prix. Cependant, notre soci\u00e9t\u00e9 continue de proposer des offres raisonnables en donnant toujours la priorit\u00e9 \u00e0 la satisfaction du client.<\/p>","protected":false},"excerpt":{"rendered":"<p>Les balcons pliants en verre sont des syst\u00e8mes de fen\u00eatres pliantes qui s&#039;ouvrent et se ferment en recouvrant les balcons de verre, dans les espaces r\u00e9sidentiels et commerciaux. Ce syst\u00e8me offre un confort accru aux utilisateurs. Les balcons pliants en verre offrent de nombreux avantages, notamment en termes de facilit\u00e9 de nettoyage par rapport aux autres syst\u00e8mes de fen\u00eatres de balcon en verre. Les mod\u00e8les de balcons pliants en verre permettent \u00e9galement de transformer leur balcon en jardin d&#039;hiver.<\/p>","protected":false},"author":4,"featured_media":2355,"comment_status":"open","ping_status":"open","sticky":false,"template":"","format":"standard","meta":{"site-sidebar-layout":"default","site-content-layout":"","ast-site-content-layout":"default","site-content-style":"default","site-sidebar-style":"default","ast-global-header-display":"","ast-banner-title-visibility":"","ast-main-header-display":"","ast-hfb-above-header-display":"","ast-hfb-below-header-display":"","ast-hfb-mobile-header-display":"","site-post-title":"","ast-breadcrumbs-content":"","ast-featured-img":"","footer-sml-layout":"","theme-transparent-header-meta":"","adv-header-id-meta":"","stick-header-meta":"","header-above-stick-meta":"","header-main-stick-meta":"","header-below-stick-meta":"","astra-migrate-meta-layouts":"default","ast-page-background-enabled":"default","ast-page-background-meta":{"desktop":{"background-color":"","background-image":"","background-repeat":"repeat","background-position":"center center","background-size":"auto","background-attachment":"scroll","background-type":"","background-media":"","overlay-type":"","overlay-color":"","overlay-opacity":"","overlay-gradient":""},"tablet":{"background-color":"","background-image":"","background-repeat":"repeat","background-position":"center center","background-size":"auto","background-attachment":"scroll","background-type":"","background-media":"","overlay-type":"","overlay-color":"","overlay-opacity":"","overlay-gradient":""},"mobile":{"background-color":"","background-image":"","background-repeat":"repeat","background-position":"center center","background-size":"auto","background-attachment":"scroll","background-type":"","background-media":"","overlay-type":"","overlay-color":"","overlay-opacity":"","overlay-gradient":""}},"ast-content-background-meta":{"desktop":{"background-color":"var(--ast-global-color-5)","background-image":"","background-repeat":"repeat","background-position":"center center","background-size":"auto","background-attachment":"scroll","background-type":"","background-media":"","overlay-type":"","overlay-color":"","overlay-opacity":"","overlay-gradient":""},"tablet":{"background-color":"var(--ast-global-color-5)","background-image":"","background-repeat":"repeat","background-position":"center center","background-size":"auto","background-attachment":"scroll","background-type":"","background-media":"","overlay-type":"","overlay-color":"","overlay-opacity":"","overlay-gradient":""},"mobile":{"background-color":"var(--ast-global-color-5)","background-image":"","background-repeat":"repeat","background-position":"center center","background-size":"auto","background-attachment":"scroll","background-type":"","background-media":"","overlay-type":"","overlay-color":"","overlay-opacity":"","overlay-gradient":""}},"footnotes":""},"categories":[1],"tags":[],"class_list":["post-2354","post","type-post","status-publish","format-standard","has-post-thumbnail","hentry","category-hareketli-sabit-aluminyum-sistemler"],"_links":{"self":[{"href":"https:\/\/www.artminium.com\/fr\/wp-json\/wp\/v2\/posts\/2354","targetHints":{"allow":["GET"]}}],"collection":[{"href":"https:\/\/www.artminium.com\/fr\/wp-json\/wp\/v2\/posts"}],"about":[{"href":"https:\/\/www.artminium.com\/fr\/wp-json\/wp\/v2\/types\/post"}],"author":[{"embeddable":true,"href":"https:\/\/www.artminium.com\/fr\/wp-json\/wp\/v2\/users\/4"}],"replies":[{"embeddable":true,"href":"https:\/\/www.artminium.com\/fr\/wp-json\/wp\/v2\/comments?post=2354"}],"version-history":[{"count":0,"href":"https:\/\/www.artminium.com\/fr\/wp-json\/wp\/v2\/posts\/2354\/revisions"}],"wp:featuredmedia":[{"embeddable":true,"href":"https:\/\/www.artminium.com\/fr\/wp-json\/wp\/v2\/media\/2355"}],"wp:attachment":[{"href":"https:\/\/www.artminium.com\/fr\/wp-json\/wp\/v2\/media?parent=2354"}],"wp:term":[{"taxonomy":"category","embeddable":true,"href":"https:\/\/www.artminium.com\/fr\/wp-json\/wp\/v2\/categories?post=2354"},{"taxonomy":"post_tag","embeddable":true,"href":"https:\/\/www.artminium.com\/fr\/wp-json\/wp\/v2\/tags?post=2354"}],"curies":[{"name":"wp","href":"https:\/\/api.w.org\/{rel}","templated":true}]}}