{"id":2348,"date":"2023-11-08T21:08:24","date_gmt":"2023-11-08T18:08:24","guid":{"rendered":"https:\/\/www.artminium.com\/?p=2348"},"modified":"2024-11-04T00:54:26","modified_gmt":"2024-11-03T21:54:26","slug":"modeles-et-tarifs-de-facades-mobiles-pare-soleil","status":"publish","type":"post","link":"https:\/\/www.artminium.com\/fr\/modeles-et-tarifs-de-facades-mobiles-pare-soleil\/","title":{"rendered":"Mod\u00e8les et prix de fa\u00e7ades mobiles de protection solaire"},"content":{"rendered":"<p class=\"wp-block-paragraph\">Surtout pendant les mois chauds d\u2019\u00e9t\u00e9, de nombreux b\u00e2timents peuvent rencontrer des probl\u00e8mes de temp\u00e9ratures \u00e9lev\u00e9es. Bien que les syst\u00e8mes de climatisation et de ventilation offrent des solutions \u00e0 ce probl\u00e8me, ils s\u2019appliquent \u00e0 l\u2019ext\u00e9rieur des b\u00e2timents. <strong>syst\u00e8mes de protection solaire<\/strong> peut offrir une solution plus pratique et plus efficace. Ces syst\u00e8mes offrent non seulement une esth\u00e9tique agr\u00e9able avec leurs designs g\u00e9om\u00e9triques ; Il apporte \u00e9galement une contribution significative aux b\u00e2timents et aux int\u00e9rieurs en apportant des avantages en mati\u00e8re d&#039;isolation.<\/p>\n\n\n\n<figure class=\"wp-block-image size-large\"><img fetchpriority=\"high\" decoding=\"async\" width=\"1024\" height=\"576\" src=\"https:\/\/www.artminium.com\/wp-content\/uploads\/2023\/11\/Gunes-Kirici-Hareketli-Cephe-Modelleri-ve-Fiyatlari-1024x576.png\" alt=\"Mod\u00e8les et prix de fa\u00e7ades mobiles de protection solaire\" class=\"wp-image-2349\" srcset=\"https:\/\/www.artminium.com\/wp-content\/uploads\/2023\/11\/Gunes-Kirici-Hareketli-Cephe-Modelleri-ve-Fiyatlari-1024x576.png 1024w, https:\/\/www.artminium.com\/wp-content\/uploads\/2023\/11\/Gunes-Kirici-Hareketli-Cephe-Modelleri-ve-Fiyatlari-300x169.png 300w, https:\/\/www.artminium.com\/wp-content\/uploads\/2023\/11\/Gunes-Kirici-Hareketli-Cephe-Modelleri-ve-Fiyatlari-768x432.png 768w, https:\/\/www.artminium.com\/wp-content\/uploads\/2023\/11\/Gunes-Kirici-Hareketli-Cephe-Modelleri-ve-Fiyatlari.png 1280w\" sizes=\"(max-width: 1024px) 100vw, 1024px\" \/><figcaption class=\"wp-element-caption\">Mod\u00e8les et prix de fa\u00e7ades mobiles de protection solaire<\/figcaption><\/figure>\n\n\n\n<p class=\"wp-block-paragraph\"><strong>Mod\u00e8les de fa\u00e7ades pare-soleil mobiles <\/strong>Elle propose des mod\u00e8les ext\u00e9rieurs pouvant se d\u00e9placer selon des angles variables en fonction de la hauteur du soleil. Ces syst\u00e8mes jouent un r\u00f4le important pour ceux qui souhaitent rendre les int\u00e9rieurs plus frais et plus confortables. La protection solaire offre donc de grands avantages aux b\u00e2timents, tant sur le plan esth\u00e9tique que fonctionnel.<\/p>\n\n\n\n<div id=\"ez-toc-container\" class=\"ez-toc-v2_0_85 counter-hierarchy ez-toc-counter ez-toc-grey ez-toc-container-direction\">\n<div class=\"ez-toc-title-container\">\n<p class=\"ez-toc-title\" style=\"cursor:inherit\">Contenu<\/p>\n<span class=\"ez-toc-title-toggle\"><a href=\"#\" class=\"ez-toc-pull-right ez-toc-btn ez-toc-btn-xs ez-toc-btn-default ez-toc-toggle\" aria-label=\"Basculer la table des mati\u00e8res\"><span class=\"ez-toc-js-icon-con\"><span class=\"\"><span class=\"eztoc-hide\" style=\"display:none;\">basculer<\/span><span class=\"ez-toc-icon-toggle-span\"><svg style=\"fill: #999;color:#999\" xmlns=\"http:\/\/www.w3.org\/2000\/svg\" class=\"list-377408\" width=\"20px\" height=\"20px\" viewbox=\"0 0 24 24\" fill=\"none\"><path d=\"M6 6H4v2h2V6zm14 0H8v2h12V6zM4 11h2v2H4v-2zm16 0H8v2h12v-2zM4 16h2v2H4v-2zm16 0H8v2h12v-2z\" fill=\"currentColor\"><\/path><\/svg><svg style=\"fill: #999;color:#999\" class=\"arrow-unsorted-368013\" xmlns=\"http:\/\/www.w3.org\/2000\/svg\" width=\"10px\" height=\"10px\" viewbox=\"0 0 24 24\" version=\"1.2\" baseprofile=\"tiny\"><path d=\"M18.2 9.3l-6.2-6.3-6.2 6.3c-.2.2-.3.4-.3.7s.1.5.3.7c.2.2.4.3.7.3h11c.3 0 .5-.1.7-.3.2-.2.3-.5.3-.7s-.1-.5-.3-.7zM5.8 14.7l6.2 6.3 6.2-6.3c.2-.2.3-.5.3-.7s-.1-.5-.3-.7c-.2-.2-.4-.3-.7-.3h-11c-.3 0-.5.1-.7.3-.2.2-.3.5-.3.7s.1.5.3.7z\"\/><\/svg><\/span><\/span><\/span><\/a><\/span><\/div>\n<nav><ul class='ez-toc-list ez-toc-list-level-1' ><li class='ez-toc-page-1 ez-toc-heading-level-2'><a class=\"ez-toc-link ez-toc-heading-1\" href=\"https:\/\/www.artminium.com\/fr\/modeles-et-tarifs-de-facades-mobiles-pare-soleil\/#Gunes_Kirici_Hareketli_Cephe_Modellerinin_Avantajlari\" >Avantages des mod\u00e8les de fa\u00e7ades mobiles de protection solaire<\/a><\/li><li class='ez-toc-page-1 ez-toc-heading-level-2'><a class=\"ez-toc-link ez-toc-heading-2\" href=\"https:\/\/www.artminium.com\/fr\/modeles-et-tarifs-de-facades-mobiles-pare-soleil\/#Gunes_Kirici_Turleri_Nelerdir\" >Quels sont les types de parasols ?<\/a><\/li><li class='ez-toc-page-1 ez-toc-heading-level-2'><a class=\"ez-toc-link ez-toc-heading-3\" href=\"https:\/\/www.artminium.com\/fr\/modeles-et-tarifs-de-facades-mobiles-pare-soleil\/#Gunes_Kirici_Hareketli_Cephe_Fiyatlari_Ne_Kadar\" >Quels sont les prix des fa\u00e7ades mobiles de protection solaire ?<\/a><\/li><\/ul><\/nav><\/div>\n<h2 class=\"wp-block-heading\"><span class=\"ez-toc-section\" id=\"Gunes_Kirici_Hareketli_Cephe_Modellerinin_Avantajlari\"><\/span>Avantages des mod\u00e8les de fa\u00e7ades mobiles de protection solaire<span class=\"ez-toc-section-end\"><\/span><\/h2>\n\n\n\n<p class=\"wp-block-paragraph\"><strong>Mod\u00e8les de fa\u00e7ades pare-soleil mobiles <\/strong>Il a une structure qui peut \u00eatre utilis\u00e9e non seulement dans les maisons mais aussi dans les b\u00e2timents commerciaux. Ces produits sont des syst\u00e8mes mis en \u0153uvre pour utiliser ou contr\u00f4ler l&#039;\u00e9nergie solaire de la mani\u00e8re la plus efficace. Les avantages offerts par les mod\u00e8les sont g\u00e9n\u00e9ralement les suivants :<\/p>\n\n\n\n<ul class=\"wp-block-list\">\n<li>Les parasols prot\u00e8gent les espaces int\u00e9rieurs en emp\u00eachant la lumi\u00e8re directe du soleil de p\u00e9n\u00e9trer dans le b\u00e2timent.<\/li>\n\n\n\n<li>Ces syst\u00e8mes peuvent \u00eatre int\u00e9gr\u00e9s aux syst\u00e8mes de rev\u00eatement de fa\u00e7ade et assurer l\u2019int\u00e9grit\u00e9 esth\u00e9tique.<\/li>\n\n\n\n<li>Les parasols prot\u00e8gent des rayons nocifs du soleil et garantissent une utilisation optimale de la lumi\u00e8re du jour.<\/li>\n\n\n\n<li>Les parasols, g\u00e9n\u00e9ralement mont\u00e9s de mani\u00e8re fixe, peuvent \u00eatre command\u00e9s manuellement, ou il existe \u00e9galement des mod\u00e8les qui changent automatiquement de position gr\u00e2ce \u00e0 l&#039;\u00e9lectricit\u00e9 en fonction de l&#039;\u00e9volution de l&#039;ensoleillement.<\/li>\n\n\n\n<li>Les pare-soleil bloquent les rayons du soleil et emp\u00eachent \u00e9galement les rayons \u00e9metteurs d&#039;\u00e9nergie thermique du soleil de p\u00e9n\u00e9trer dans les espaces int\u00e9rieurs. En plus de tout \u00e7a <strong>mod\u00e8les de fa\u00e7ades mobiles de protection solaire<\/strong> Il apporte un apport esth\u00e9tique et emp\u00eache les rayons du soleil que vous ne souhaitez pas p\u00e9n\u00e9trer dans les espaces int\u00e9rieurs. Ainsi, il offre une solution \u00e0 la fois fonctionnelle et esth\u00e9tique.<\/li>\n<\/ul>\n\n\n\n<h2 class=\"wp-block-heading\"><span class=\"ez-toc-section\" id=\"Gunes_Kirici_Turleri_Nelerdir\"><\/span>Quels sont les types de parasols ?<span class=\"ez-toc-section-end\"><\/span><\/h2>\n\n\n\n<p class=\"wp-block-paragraph\"><strong>Mod\u00e8les de parasols <\/strong>Aujourd\u2019hui, il en existe diff\u00e9rents types et vari\u00e9t\u00e9s et apporte de nombreux avantages. Ces syst\u00e8mes sont utilis\u00e9s pour augmenter l\u2019efficacit\u00e9 \u00e9nerg\u00e9tique des b\u00e2timents, prot\u00e9ger les espaces int\u00e9rieurs et donner un aspect esth\u00e9tique. Tout en ajoutant une touche esth\u00e9tique, cela contribue \u00e9galement \u00e0 contribuer aux \u00e9conomies d\u2019\u00e9nergie. Il attire l&#039;attention par la diversit\u00e9 de ses syst\u00e8mes et son contenu riche, et il existe des solutions adapt\u00e9es aux besoins de chaque client.<\/p>\n\n\n\n<p class=\"wp-block-paragraph\">Les parasols contribuent non seulement aux \u00e9conomies d\u2019\u00e9nergie, mais ajoutent \u00e9galement une valeur esth\u00e9tique aux b\u00e2timents. Il d\u00e9tend et embellit les espaces int\u00e9rieurs tout en prot\u00e9geant l\u2019ext\u00e9rieur du b\u00e2timent. Les parasols jouent donc un r\u00f4le important dans le secteur de la construction. Il prot\u00e8ge les espaces int\u00e9rieurs et augmente la valeur esth\u00e9tique du b\u00e2timent en \u00e9conomisant de l&#039;\u00e9nergie dans toutes les conditions climatiques.<\/p>\n\n\n\n<h2 class=\"wp-block-heading\"><span class=\"ez-toc-section\" id=\"Gunes_Kirici_Hareketli_Cephe_Fiyatlari_Ne_Kadar\"><\/span>Quels sont les prix des fa\u00e7ades mobiles de protection solaire ?<span class=\"ez-toc-section-end\"><\/span><\/h2>\n\n\n\n<p class=\"wp-block-paragraph\">Les parasols sont un \u00e9l\u00e9ment de construction important utilis\u00e9 pour augmenter l\u2019efficacit\u00e9 \u00e9nerg\u00e9tique des b\u00e2timents, prot\u00e9ger les espaces int\u00e9rieurs et donner un aspect esth\u00e9tique. <strong>Tarifs des fa\u00e7ades mobiles de protection solaire<\/strong> peut varier consid\u00e9rablement en fonction d\u2019un certain nombre de facteurs. La qualit\u00e9 des mat\u00e9riaux des parasols est l\u2019un des principaux facteurs affectant les prix. Des mat\u00e9riaux plus durables et de meilleure qualit\u00e9 sont un facteur de prix\u00a0; Cependant, il ne faut pas oublier que cela permet une utilisation plus efficace pendant longtemps.<\/p>\n\n\n\n<p class=\"wp-block-paragraph\">De plus, la taille et le design sont \u00e9galement importants. Les concasseurs sp\u00e9cialement con\u00e7us ou de grande taille n\u00e9cessiteront plus de mat\u00e9riaux et de main d\u2019\u0153uvre, ce qui entra\u00eenera une augmentation des prix. De plus, l\u2019installation de parasols est un processus qui n\u00e9cessite un travail professionnel. Les co\u00fbts d\u2019installation et de main d\u2019\u0153uvre contribuent au prix total de la protection solaire. Les prix de notre entreprise ne sont pas standards \u00e0 cet \u00e9gard. Cependant, elle propose toujours des solutions abordables sans faire de compromis sur les mat\u00e9riaux de premi\u00e8re qualit\u00e9.<\/p>","protected":false},"excerpt":{"rendered":"<p>De nombreux b\u00e2timents peuvent \u00eatre expos\u00e9s \u00e0 des temp\u00e9ratures \u00e9lev\u00e9es, notamment pendant les mois chauds d&#039;\u00e9t\u00e9. Si les syst\u00e8mes de climatisation et de ventilation offrent des solutions \u00e0 ce probl\u00e8me, les syst\u00e8mes de protection solaire appliqu\u00e9s \u00e0 l&#039;ext\u00e9rieur des b\u00e2timents peuvent offrir une solution plus pratique et efficace. Ces syst\u00e8mes offrent non seulement un attrait esth\u00e9tique gr\u00e2ce \u00e0 leurs formes g\u00e9om\u00e9triques, mais contribuent \u00e9galement significativement \u00e0 l&#039;isolation des espaces int\u00e9rieurs. [\u2026]<\/p>","protected":false},"author":4,"featured_media":2349,"comment_status":"open","ping_status":"open","sticky":false,"template":"","format":"standard","meta":{"site-sidebar-layout":"default","site-content-layout":"","ast-site-content-layout":"default","site-content-style":"default","site-sidebar-style":"default","ast-global-header-display":"","ast-banner-title-visibility":"","ast-main-header-display":"","ast-hfb-above-header-display":"","ast-hfb-below-header-display":"","ast-hfb-mobile-header-display":"","site-post-title":"","ast-breadcrumbs-content":"","ast-featured-img":"","footer-sml-layout":"","theme-transparent-header-meta":"","adv-header-id-meta":"","stick-header-meta":"","header-above-stick-meta":"","header-main-stick-meta":"","header-below-stick-meta":"","astra-migrate-meta-layouts":"default","ast-page-background-enabled":"default","ast-page-background-meta":{"desktop":{"background-color":"","background-image":"","background-repeat":"repeat","background-position":"center center","background-size":"auto","background-attachment":"scroll","background-type":"","background-media":"","overlay-type":"","overlay-color":"","overlay-opacity":"","overlay-gradient":""},"tablet":{"background-color":"","background-image":"","background-repeat":"repeat","background-position":"center center","background-size":"auto","background-attachment":"scroll","background-type":"","background-media":"","overlay-type":"","overlay-color":"","overlay-opacity":"","overlay-gradient":""},"mobile":{"background-color":"","background-image":"","background-repeat":"repeat","background-position":"center center","background-size":"auto","background-attachment":"scroll","background-type":"","background-media":"","overlay-type":"","overlay-color":"","overlay-opacity":"","overlay-gradient":""}},"ast-content-background-meta":{"desktop":{"background-color":"var(--ast-global-color-5)","background-image":"","background-repeat":"repeat","background-position":"center center","background-size":"auto","background-attachment":"scroll","background-type":"","background-media":"","overlay-type":"","overlay-color":"","overlay-opacity":"","overlay-gradient":""},"tablet":{"background-color":"var(--ast-global-color-5)","background-image":"","background-repeat":"repeat","background-position":"center center","background-size":"auto","background-attachment":"scroll","background-type":"","background-media":"","overlay-type":"","overlay-color":"","overlay-opacity":"","overlay-gradient":""},"mobile":{"background-color":"var(--ast-global-color-5)","background-image":"","background-repeat":"repeat","background-position":"center center","background-size":"auto","background-attachment":"scroll","background-type":"","background-media":"","overlay-type":"","overlay-color":"","overlay-opacity":"","overlay-gradient":""}},"footnotes":""},"categories":[1],"tags":[],"class_list":["post-2348","post","type-post","status-publish","format-standard","has-post-thumbnail","hentry","category-hareketli-sabit-aluminyum-sistemler"],"_links":{"self":[{"href":"https:\/\/www.artminium.com\/fr\/wp-json\/wp\/v2\/posts\/2348","targetHints":{"allow":["GET"]}}],"collection":[{"href":"https:\/\/www.artminium.com\/fr\/wp-json\/wp\/v2\/posts"}],"about":[{"href":"https:\/\/www.artminium.com\/fr\/wp-json\/wp\/v2\/types\/post"}],"author":[{"embeddable":true,"href":"https:\/\/www.artminium.com\/fr\/wp-json\/wp\/v2\/users\/4"}],"replies":[{"embeddable":true,"href":"https:\/\/www.artminium.com\/fr\/wp-json\/wp\/v2\/comments?post=2348"}],"version-history":[{"count":0,"href":"https:\/\/www.artminium.com\/fr\/wp-json\/wp\/v2\/posts\/2348\/revisions"}],"wp:featuredmedia":[{"embeddable":true,"href":"https:\/\/www.artminium.com\/fr\/wp-json\/wp\/v2\/media\/2349"}],"wp:attachment":[{"href":"https:\/\/www.artminium.com\/fr\/wp-json\/wp\/v2\/media?parent=2348"}],"wp:term":[{"taxonomy":"category","embeddable":true,"href":"https:\/\/www.artminium.com\/fr\/wp-json\/wp\/v2\/categories?post=2348"},{"taxonomy":"post_tag","embeddable":true,"href":"https:\/\/www.artminium.com\/fr\/wp-json\/wp\/v2\/tags?post=2348"}],"curies":[{"name":"wp","href":"https:\/\/api.w.org\/{rel}","templated":true}]}}