{"id":2315,"date":"2023-11-18T22:21:01","date_gmt":"2023-11-18T19:21:01","guid":{"rendered":"https:\/\/www.artminium.com\/?p=2315"},"modified":"2024-11-04T00:54:12","modified_gmt":"2024-11-03T21:54:12","slug":"methodes-de-fermeture-de-balcon-les-moins-cheres","status":"publish","type":"post","link":"https:\/\/www.artminium.com\/fr\/methodes-de-fermeture-de-balcon-les-moins-cheres\/","title":{"rendered":"M\u00e9thodes de fermeture de balcon les moins ch\u00e8res"},"content":{"rendered":"<p class=\"wp-block-paragraph\">Les syst\u00e8mes de fermeture de balcon pr\u00e9sentent des caract\u00e9ristiques structurelles tr\u00e8s utiles qui rendent votre balcon utilisable pendant les quatre saisons et le prot\u00e8gent des facteurs externes. Offrant de nombreuses options en termes de confort et d&#039;esth\u00e9tique, ces syst\u00e8mes peuvent rendre votre maison plus utile et vous permettre de passer plus de temps sur votre balcon.<\/p>\n\n\n\n<figure class=\"wp-block-image size-large\"><img fetchpriority=\"high\" decoding=\"async\" width=\"1024\" height=\"576\" src=\"https:\/\/www.artminium.com\/wp-content\/uploads\/2023\/10\/En-Ucuz-Balkon-Kapatma-Yontemleri-1024x576.png\" alt=\"M\u00e9thodes de fermeture de balcon les moins ch\u00e8res\" class=\"wp-image-2316\" srcset=\"https:\/\/www.artminium.com\/wp-content\/uploads\/2023\/10\/En-Ucuz-Balkon-Kapatma-Yontemleri-1024x576.png 1024w, https:\/\/www.artminium.com\/wp-content\/uploads\/2023\/10\/En-Ucuz-Balkon-Kapatma-Yontemleri-300x169.png 300w, https:\/\/www.artminium.com\/wp-content\/uploads\/2023\/10\/En-Ucuz-Balkon-Kapatma-Yontemleri-768x432.png 768w, https:\/\/www.artminium.com\/wp-content\/uploads\/2023\/10\/En-Ucuz-Balkon-Kapatma-Yontemleri.png 1280w\" sizes=\"(max-width: 1024px) 100vw, 1024px\" \/><figcaption class=\"wp-element-caption\">M\u00e9thodes de fermeture de balcon les moins ch\u00e8res<\/figcaption><\/figure>\n\n\n\n<p class=\"wp-block-paragraph\">Mais adapt\u00e9 \u00e0 tous les budgets <strong>M\u00e9thodes de fermeture de balcon les moins ch\u00e8res<\/strong> Lesquels parmi eux sont d&#039;un grand int\u00e9r\u00eat, en particulier pour ceux qui souhaitent fermer leur balcon mais n&#039;ont pas un gros budget pour cela.<\/p>\n\n\n\n<p class=\"wp-block-paragraph\">Lors du choix du syst\u00e8me de fermeture de balcon le moins cher, il est n\u00e9cessaire de choisir un syst\u00e8me et une m\u00e9thode abordables mais de haute qualit\u00e9, esth\u00e9tiques et durables. Il est \u00e9galement important de prendre en compte les co\u00fbts d\u2019installation et de maintenance.<\/p>\n\n\n\n<p class=\"wp-block-paragraph\">Un syst\u00e8me de qualit\u00e9 et une entreprise professionnelle peuvent permettre d\u2019\u00e9conomiser de l\u2019argent \u00e0 long terme. \u00c0 ce stade, Artminium propose des options extr\u00eamement \u00e9l\u00e9gantes, de haute qualit\u00e9, fonctionnelles et durables avec les solutions les plus abordables pour ses clients.<\/p>\n\n\n\n<div id=\"ez-toc-container\" class=\"ez-toc-v2_0_85 counter-hierarchy ez-toc-counter ez-toc-grey ez-toc-container-direction\">\n<div class=\"ez-toc-title-container\">\n<p class=\"ez-toc-title\" style=\"cursor:inherit\">Contenu<\/p>\n<span class=\"ez-toc-title-toggle\"><a href=\"#\" class=\"ez-toc-pull-right ez-toc-btn ez-toc-btn-xs ez-toc-btn-default ez-toc-toggle\" aria-label=\"Basculer la table des mati\u00e8res\"><span class=\"ez-toc-js-icon-con\"><span class=\"\"><span class=\"eztoc-hide\" style=\"display:none;\">basculer<\/span><span class=\"ez-toc-icon-toggle-span\"><svg style=\"fill: #999;color:#999\" xmlns=\"http:\/\/www.w3.org\/2000\/svg\" class=\"list-377408\" width=\"20px\" height=\"20px\" viewbox=\"0 0 24 24\" fill=\"none\"><path d=\"M6 6H4v2h2V6zm14 0H8v2h12V6zM4 11h2v2H4v-2zm16 0H8v2h12v-2zM4 16h2v2H4v-2zm16 0H8v2h12v-2z\" fill=\"currentColor\"><\/path><\/svg><svg style=\"fill: #999;color:#999\" class=\"arrow-unsorted-368013\" xmlns=\"http:\/\/www.w3.org\/2000\/svg\" width=\"10px\" height=\"10px\" viewbox=\"0 0 24 24\" version=\"1.2\" baseprofile=\"tiny\"><path d=\"M18.2 9.3l-6.2-6.3-6.2 6.3c-.2.2-.3.4-.3.7s.1.5.3.7c.2.2.4.3.7.3h11c.3 0 .5-.1.7-.3.2-.2.3-.5.3-.7s-.1-.5-.3-.7zM5.8 14.7l6.2 6.3 6.2-6.3c.2-.2.3-.5.3-.7s-.1-.5-.3-.7c-.2-.2-.4-.3-.7-.3h-11c-.3 0-.5.1-.7.3-.2.2-.3.5-.3.7s.1.5.3.7z\"\/><\/svg><\/span><\/span><\/span><\/a><\/span><\/div>\n<nav><ul class='ez-toc-list ez-toc-list-level-1' ><li class='ez-toc-page-1 ez-toc-heading-level-2'><a class=\"ez-toc-link ez-toc-heading-1\" href=\"https:\/\/www.artminium.com\/fr\/methodes-de-fermeture-de-balcon-les-moins-cheres\/#Klasik_Surme_Cam_Sistemleri\" >Syst\u00e8mes de vitrage coulissants classiques<\/a><\/li><li class='ez-toc-page-1 ez-toc-heading-level-2'><a class=\"ez-toc-link ez-toc-heading-2\" href=\"https:\/\/www.artminium.com\/fr\/methodes-de-fermeture-de-balcon-les-moins-cheres\/#Sabit_Cam_Tavan_Kaldir_Sur_Cam_Sistemleri\" >Syst\u00e8mes de toits en verre fixes coulissants et levants<\/a><\/li><\/ul><\/nav><\/div>\n<h2 class=\"wp-block-heading\"><span class=\"ez-toc-section\" id=\"Klasik_Surme_Cam_Sistemleri\"><\/span>Syst\u00e8mes de vitrage coulissants classiques<span class=\"ez-toc-section-end\"><\/span><\/h2>\n\n\n\n<p class=\"wp-block-paragraph\"><strong>Syst\u00e8mes de verre coulissants classiques<\/strong> Il s&#039;agit d&#039;un type populaire de syst\u00e8mes de fermeture de balcon qui offre une apparence esth\u00e9tique tout en permettant une utilisation pendant les quatre saisons. Il s&#039;agit d&#039;ouvrir et de fermer des panneaux de verre en les d\u00e9pla\u00e7ant c\u00f4te \u00e0 c\u00f4te ou les uns sur les autres.<\/p>\n\n\n\n<p class=\"wp-block-paragraph\">Il offre aux utilisateurs la possibilit\u00e9 d&#039;utiliser leur balcon \u00e0 l&#039;ext\u00e9rieur et pendant les quatre saisons. La fonction coulissante et de fermeture des panneaux de verre peut \u00eatre ajust\u00e9e en fonction de la largeur de votre balcon et de vos besoins.<\/p>\n\n\n\n<ul class=\"wp-block-list\">\n<li>Il offre une apparence moderne et \u00e9l\u00e9gante. Ces syst\u00e8mes ne bloquent pas la vue ext\u00e9rieure et cr\u00e9ent une sensation d&#039;espace sur votre balcon gr\u00e2ce \u00e0 la structure transparente des panneaux de verre.<\/li>\n\n\n\n<li>Permet une utilisation pendant les quatre saisons. Tout en pr\u00e9venant le froid et la pluie en hiver, il offre \u00e9galement un environnement frais en \u00e9t\u00e9.<\/li>\n\n\n\n<li>Offre une protection contre les facteurs externes tels que le vent, la pluie, la neige, la poussi\u00e8re et le bruit. De cette fa\u00e7on, votre balcon devient un endroit plus confortable et plus calme.<\/li>\n\n\n\n<li>Il contribue aux \u00e9conomies d&#039;\u00e9nergie gr\u00e2ce \u00e0 ses propri\u00e9t\u00e9s isolantes. Il \u00e9vite les pertes de chaleur et r\u00e9duit ainsi les co\u00fbts de chauffage et de refroidissement.<\/li>\n\n\n\n<li>Les panneaux de verre sont faciles \u00e0 nettoyer et n\u00e9cessitent peu d\u2019entretien. Ces syst\u00e8mes sont durables et peuvent \u00eatre utilis\u00e9s pendant longtemps car ils sont fabriqu\u00e9s \u00e0 partir de mat\u00e9riaux durables.<\/li>\n<\/ul>\n\n\n\n<p class=\"wp-block-paragraph\">Cependant, sa caract\u00e9ristique et son avantage les plus importants sont que les syst\u00e8mes de verre coulissants classiques sont l&#039;une des options les plus abordables parmi les syst\u00e8mes de fermeture de balcon. C&#039;est l&#039;un des meilleurs choix pour les personnes ayant un petit budget, d&#039;autant plus qu&#039;il poss\u00e8de toutes les fonctionnalit\u00e9s de base mais est beaucoup plus rentable que les autres options.<\/p>\n\n\n\n<h2 class=\"wp-block-heading\"><span class=\"ez-toc-section\" id=\"Sabit_Cam_Tavan_Kaldir_Sur_Cam_Sistemleri\"><\/span>Syst\u00e8mes de toits en verre fixes coulissants et levants<span class=\"ez-toc-section-end\"><\/span><\/h2>\n\n\n\n<p class=\"wp-block-paragraph\"><strong>Syst\u00e8mes de toits en verre fixes coulissants et levants<\/strong>est une solution structurelle qui offre une utilisation quatre saisons, notamment pour les grands balcons et terrasses. Avec son toit fixe en verre et ses panneaux lat\u00e9raux en verre, il offre la possibilit\u00e9 d&#039;utiliser votre balcon aussi bien \u00e0 l&#039;ext\u00e9rieur qu&#039;\u00e0 l&#039;abri des intemp\u00e9ries.<\/p>\n\n\n\n<p class=\"wp-block-paragraph\">Ce syst\u00e8me commence par un toit en verre fixe et est compl\u00e9t\u00e9 par des panneaux de verre ajout\u00e9s sur les c\u00f4t\u00e9s. Le toit en verre offre une protection contre le soleil et la pluie, tandis que les panneaux de verre lat\u00e9raux couvrent les quatre c\u00f4t\u00e9s du balcon, permettant une utilisation en toutes saisons.<\/p>\n\n\n\n<p class=\"wp-block-paragraph\">Les panneaux de verre s&#039;ouvrent g\u00e9n\u00e9ralement en coulissant vers le haut, offrant une exp\u00e9rience en plein air, mais peuvent \u00e9galement \u00eatre facilement ferm\u00e9s en cas de mauvais temps. Le toit fixe en verre prot\u00e8ge du soleil, tandis que les panneaux lat\u00e9raux en verre offrent une protection contre les intemp\u00e9ries.<\/p>\n\n\n\n<p class=\"wp-block-paragraph\">Le toit fixe en verre offre une apparence moderne et \u00e9l\u00e9gante. La structure transparente du verre ne bloque pas la vue ext\u00e9rieure et cr\u00e9e un environnement spacieux sur votre balcon. Les panneaux lat\u00e9raux en verre offrent une protection contre les facteurs externes tels que le vent, la pluie, la neige, la poussi\u00e8re et le bruit.<\/p>\n\n\n\n<p class=\"wp-block-paragraph\">Des panneaux de verre et des toits en verre bien isol\u00e9s peuvent contribuer aux \u00e9conomies d\u2019\u00e9nergie. Il emp\u00eache les pertes de chaleur et r\u00e9duit les co\u00fbts de chauffage\/refroidissement.<\/p>","protected":false},"excerpt":{"rendered":"<p>Les syst\u00e8mes de fermeture de balcon offrent des caract\u00e9ristiques structurelles tr\u00e8s pratiques qui permettent d&#039;utiliser votre balcon toute l&#039;ann\u00e9e et de le prot\u00e9ger des agressions ext\u00e9rieures. Offrant un large \u00e9ventail d&#039;options, tant pour le confort que pour l&#039;esth\u00e9tique, ces syst\u00e8mes peuvent rendre votre maison plus fonctionnelle et vous permettre de passer plus de temps sur votre balcon. Cependant, les syst\u00e8mes de fermeture de balcon les plus abordables, notamment [\u2026]<\/p>","protected":false},"author":4,"featured_media":2316,"comment_status":"open","ping_status":"open","sticky":false,"template":"","format":"standard","meta":{"site-sidebar-layout":"default","site-content-layout":"","ast-site-content-layout":"default","site-content-style":"default","site-sidebar-style":"default","ast-global-header-display":"","ast-banner-title-visibility":"","ast-main-header-display":"","ast-hfb-above-header-display":"","ast-hfb-below-header-display":"","ast-hfb-mobile-header-display":"","site-post-title":"","ast-breadcrumbs-content":"","ast-featured-img":"","footer-sml-layout":"","theme-transparent-header-meta":"","adv-header-id-meta":"","stick-header-meta":"","header-above-stick-meta":"","header-main-stick-meta":"","header-below-stick-meta":"","astra-migrate-meta-layouts":"default","ast-page-background-enabled":"default","ast-page-background-meta":{"desktop":{"background-color":"","background-image":"","background-repeat":"repeat","background-position":"center center","background-size":"auto","background-attachment":"scroll","background-type":"","background-media":"","overlay-type":"","overlay-color":"","overlay-opacity":"","overlay-gradient":""},"tablet":{"background-color":"","background-image":"","background-repeat":"repeat","background-position":"center center","background-size":"auto","background-attachment":"scroll","background-type":"","background-media":"","overlay-type":"","overlay-color":"","overlay-opacity":"","overlay-gradient":""},"mobile":{"background-color":"","background-image":"","background-repeat":"repeat","background-position":"center center","background-size":"auto","background-attachment":"scroll","background-type":"","background-media":"","overlay-type":"","overlay-color":"","overlay-opacity":"","overlay-gradient":""}},"ast-content-background-meta":{"desktop":{"background-color":"var(--ast-global-color-5)","background-image":"","background-repeat":"repeat","background-position":"center center","background-size":"auto","background-attachment":"scroll","background-type":"","background-media":"","overlay-type":"","overlay-color":"","overlay-opacity":"","overlay-gradient":""},"tablet":{"background-color":"var(--ast-global-color-5)","background-image":"","background-repeat":"repeat","background-position":"center center","background-size":"auto","background-attachment":"scroll","background-type":"","background-media":"","overlay-type":"","overlay-color":"","overlay-opacity":"","overlay-gradient":""},"mobile":{"background-color":"var(--ast-global-color-5)","background-image":"","background-repeat":"repeat","background-position":"center center","background-size":"auto","background-attachment":"scroll","background-type":"","background-media":"","overlay-type":"","overlay-color":"","overlay-opacity":"","overlay-gradient":""}},"footnotes":""},"categories":[1],"tags":[],"class_list":["post-2315","post","type-post","status-publish","format-standard","has-post-thumbnail","hentry","category-hareketli-sabit-aluminyum-sistemler"],"_links":{"self":[{"href":"https:\/\/www.artminium.com\/fr\/wp-json\/wp\/v2\/posts\/2315","targetHints":{"allow":["GET"]}}],"collection":[{"href":"https:\/\/www.artminium.com\/fr\/wp-json\/wp\/v2\/posts"}],"about":[{"href":"https:\/\/www.artminium.com\/fr\/wp-json\/wp\/v2\/types\/post"}],"author":[{"embeddable":true,"href":"https:\/\/www.artminium.com\/fr\/wp-json\/wp\/v2\/users\/4"}],"replies":[{"embeddable":true,"href":"https:\/\/www.artminium.com\/fr\/wp-json\/wp\/v2\/comments?post=2315"}],"version-history":[{"count":0,"href":"https:\/\/www.artminium.com\/fr\/wp-json\/wp\/v2\/posts\/2315\/revisions"}],"wp:featuredmedia":[{"embeddable":true,"href":"https:\/\/www.artminium.com\/fr\/wp-json\/wp\/v2\/media\/2316"}],"wp:attachment":[{"href":"https:\/\/www.artminium.com\/fr\/wp-json\/wp\/v2\/media?parent=2315"}],"wp:term":[{"taxonomy":"category","embeddable":true,"href":"https:\/\/www.artminium.com\/fr\/wp-json\/wp\/v2\/categories?post=2315"},{"taxonomy":"post_tag","embeddable":true,"href":"https:\/\/www.artminium.com\/fr\/wp-json\/wp\/v2\/tags?post=2315"}],"curies":[{"name":"wp","href":"https:\/\/api.w.org\/{rel}","templated":true}]}}