{"id":2166,"date":"2023-09-26T20:11:10","date_gmt":"2023-09-26T17:11:10","guid":{"rendered":"https:\/\/www.artminium.com\/?p=2166"},"modified":"2024-11-07T23:58:23","modified_gmt":"2024-11-07T20:58:23","slug":"nos-modeles-de-fermeture-de-veranda","status":"publish","type":"post","link":"https:\/\/www.artminium.com\/fr\/nos-modeles-de-fermeture-de-veranda\/","title":{"rendered":"Nos mod\u00e8les de fermeture de v\u00e9randa"},"content":{"rendered":"<p class=\"wp-block-paragraph\"><strong>Mod\u00e8les de fermeture de v\u00e9randa<\/strong>Ce sont des structures de haute qualit\u00e9 et durables qui peuvent pleinement r\u00e9pondre \u00e0 vos souhaits, vos besoins et votre argent. Ces mod\u00e8les cr\u00e9ent un aspect tr\u00e8s moderne et esth\u00e9tique sur la zone o\u00f9 ils sont appliqu\u00e9s.<\/p>\n\n\n\n<figure class=\"wp-block-image size-full\"><img fetchpriority=\"high\" decoding=\"async\" width=\"565\" height=\"420\" src=\"https:\/\/www.artminium.com\/wp-content\/uploads\/2023\/08\/fcfa89b2-9def-41aa-a397-ee1391a3ac6f-1.jpg\" alt=\"\" class=\"wp-image-1875\" srcset=\"https:\/\/www.artminium.com\/wp-content\/uploads\/2023\/08\/fcfa89b2-9def-41aa-a397-ee1391a3ac6f-1.jpg 565w, https:\/\/www.artminium.com\/wp-content\/uploads\/2023\/08\/fcfa89b2-9def-41aa-a397-ee1391a3ac6f-1-300x223.jpg 300w\" sizes=\"(max-width: 565px) 100vw, 565px\" \/><\/figure>\n\n\n\n<p class=\"wp-block-paragraph\">&nbsp;De plus, ils laissent un effet lumineux et agr\u00e9able sur l\u2019environnement o\u00f9 ils sont appliqu\u00e9s. Divers mod\u00e8les et structures <strong>mod\u00e8les de fermeture de v\u00e9randa<\/strong> Il y a. Il fait partie des mod\u00e8les de fermeture les plus populaires et les plus fr\u00e9quemment pr\u00e9f\u00e9r\u00e9s aujourd&#039;hui.&nbsp;<\/p>\n\n\n\n<p class=\"wp-block-paragraph\"><strong>Mod\u00e8le de fermeture de v\u00e9randa<\/strong> Si vous le souhaitez, votre terrasse deviendra des b\u00e2timents luxueux, tr\u00e8s utiles, compatibles avec l&#039;environnement et o\u00f9 vous pourrez profiter tr\u00e8s efficacement des conditions environnementales.<\/p>\n\n\n\n<p class=\"wp-block-paragraph\">Ce nouvel espace, \u00e9troitement li\u00e9 \u00e0 la nature, deviendra des environnements tr\u00e8s confortables et agr\u00e9ables pour vous et vos proches, et sera des lieux permanents et innovants o\u00f9 vous vivrez des moments inoubliables. Vous pouvez cr\u00e9er un effet compl\u00e9mentaire sur l&#039;environnement avec des groupes de si\u00e8ges en bois ou des options de fleurs que vous pouvez utiliser dans les zones pertinentes.<\/p>\n\n\n\n<p class=\"wp-block-paragraph\">&nbsp;Il ne faut pas oublier que <em>v\u00e9randas<\/em> Ce sont des structures luxueuses tr\u00e8s durables face \u00e0 de nombreuses conditions m\u00e9t\u00e9orologiques d\u00e9favorables.<\/p>\n\n\n\n<p class=\"wp-block-paragraph\"><strong>Questions fr\u00e9quemment pos\u00e9es<\/strong><\/p>\n\n\n\n<div id=\"ez-toc-container\" class=\"ez-toc-v2_0_85 counter-hierarchy ez-toc-counter ez-toc-grey ez-toc-container-direction\">\n<div class=\"ez-toc-title-container\">\n<p class=\"ez-toc-title\" style=\"cursor:inherit\">Contenu<\/p>\n<span class=\"ez-toc-title-toggle\"><a href=\"#\" class=\"ez-toc-pull-right ez-toc-btn ez-toc-btn-xs ez-toc-btn-default ez-toc-toggle\" aria-label=\"Basculer la table des mati\u00e8res\"><span class=\"ez-toc-js-icon-con\"><span class=\"\"><span class=\"eztoc-hide\" style=\"display:none;\">basculer<\/span><span class=\"ez-toc-icon-toggle-span\"><svg style=\"fill: #999;color:#999\" xmlns=\"http:\/\/www.w3.org\/2000\/svg\" class=\"list-377408\" width=\"20px\" height=\"20px\" viewbox=\"0 0 24 24\" fill=\"none\"><path d=\"M6 6H4v2h2V6zm14 0H8v2h12V6zM4 11h2v2H4v-2zm16 0H8v2h12v-2zM4 16h2v2H4v-2zm16 0H8v2h12v-2z\" fill=\"currentColor\"><\/path><\/svg><svg style=\"fill: #999;color:#999\" class=\"arrow-unsorted-368013\" xmlns=\"http:\/\/www.w3.org\/2000\/svg\" width=\"10px\" height=\"10px\" viewbox=\"0 0 24 24\" version=\"1.2\" baseprofile=\"tiny\"><path d=\"M18.2 9.3l-6.2-6.3-6.2 6.3c-.2.2-.3.4-.3.7s.1.5.3.7c.2.2.4.3.7.3h11c.3 0 .5-.1.7-.3.2-.2.3-.5.3-.7s-.1-.5-.3-.7zM5.8 14.7l6.2 6.3 6.2-6.3c.2-.2.3-.5.3-.7s-.1-.5-.3-.7c-.2-.2-.4-.3-.7-.3h-11c-.3 0-.5.1-.7.3-.2.2-.3.5-.3.7s.1.5.3.7z\"\/><\/svg><\/span><\/span><\/span><\/a><\/span><\/div>\n<nav><ul class='ez-toc-list ez-toc-list-level-1' ><li class='ez-toc-page-1 ez-toc-heading-level-2'><a class=\"ez-toc-link ez-toc-heading-1\" href=\"https:\/\/www.artminium.com\/fr\/nos-modeles-de-fermeture-de-veranda\/#Veranda_Sonradan_Yapilir_mi\" >La v\u00e9randa peut-elle \u00eatre construite plus tard ?<\/a><\/li><li class='ez-toc-page-1 ez-toc-heading-level-2'><a class=\"ez-toc-link ez-toc-heading-2\" href=\"https:\/\/www.artminium.com\/fr\/nos-modeles-de-fermeture-de-veranda\/#Teras_Kapatma_Nedir\" >Qu\u2019est-ce qu\u2019un rev\u00eatement de terrasse ?<\/a><\/li><li class='ez-toc-page-1 ez-toc-heading-level-2'><a class=\"ez-toc-link ez-toc-heading-3\" href=\"https:\/\/www.artminium.com\/fr\/nos-modeles-de-fermeture-de-veranda\/#Teras_Fiyatlari_Ne_Kadar\" >\u00c0 combien s\u2019\u00e9l\u00e8vent les prix des terrasses ?<\/a><\/li><\/ul><\/nav><\/div>\n<h2 class=\"wp-block-heading\"><span class=\"ez-toc-section\" id=\"Veranda_Sonradan_Yapilir_mi\"><\/span>La v\u00e9randa peut-elle \u00eatre construite plus tard ?<span class=\"ez-toc-section-end\"><\/span><\/h2>\n\n\n\n<p class=\"wp-block-paragraph\">Oui, <strong>La v\u00e9randa peut \u00eatre construite plus tard.<\/strong> <em>v\u00e9randas<\/em> Ce sont des structures innovantes qui peuvent \u00eatre facilement et ult\u00e9rieurement ajout\u00e9es \u00e0 votre maison. En concluant un accord \u00e0 l&#039;avance avec l&#039;entreprise concern\u00e9e et en faisant effectuer une exploration de la zone que vous souhaitez faire, vous pourrez trouver le meilleur prix et l&#039;option la plus adapt\u00e9e. <em>mod\u00e8le de v\u00e9randa<\/em> Ils peuvent vous apporter l\u2019assistance la plus pr\u00e9cise et la plus fiable dans votre choix.<\/p>\n\n\n\n<figure class=\"wp-block-image size-full\"><img decoding=\"async\" width=\"300\" height=\"247\" src=\"https:\/\/www.artminium.com\/wp-content\/uploads\/2023\/08\/3077550829578-454-Adsiz-300x247-1.jpg\" alt=\"\" class=\"wp-image-1686\"\/><\/figure>\n\n\n\n<p class=\"wp-block-paragraph\">L\u2019important ici est de choisir le mod\u00e8le et le mat\u00e9riau de la v\u00e9randa qui correspondront le mieux \u00e0 vos envies et \u00e0 vos besoins. Ce choix est tr\u00e8s important en termes de protection \u00e0 la fois de votre argent et de votre travail.<\/p>\n\n\n\n<h2 class=\"wp-block-heading\"><span class=\"ez-toc-section\" id=\"Teras_Kapatma_Nedir\"><\/span>Qu\u2019est-ce qu\u2019un rev\u00eatement de terrasse ?<span class=\"ez-toc-section-end\"><\/span><\/h2>\n\n\n\n<p class=\"wp-block-paragraph\"><strong>fermeture de la terrasse<\/strong>En bref, ce sont des b\u00e2timents de luxe pr\u00e9par\u00e9s selon vos souhaits et vos besoins pour rendre votre espace terrasse plus utile et fonctionnel. Ces immeubles de luxe offrent confort et qualit\u00e9, et sont tr\u00e8s efficaces pour cr\u00e9er des espaces tr\u00e8s modernes et durables.<\/p>\n\n\n\n<p class=\"wp-block-paragraph\"><strong>fermeture de la terrasse<\/strong> La zone o\u00f9 le traitement est effectu\u00e9 devient une sorte de serre, de jardin d&#039;hiver ou d&#039;espace confortable o\u00f9 vous pourrez passer des moments en toute s\u00e9curit\u00e9 avec vos proches. Cette zone nouvellement ajout\u00e9e \u00e0 votre maison vous aidera \u00e0 \u00eatre en contact avec la nature et \u00e0 devenir de nouveaux espaces o\u00f9 vous pourrez passer un moment tr\u00e8s spacieux et agr\u00e9able.<\/p>\n\n\n\n<figure class=\"wp-block-image size-full\"><img decoding=\"async\" width=\"512\" height=\"338\" src=\"https:\/\/www.artminium.com\/wp-content\/uploads\/2023\/08\/67867.jpg\" alt=\"\" class=\"wp-image-1664\" srcset=\"https:\/\/www.artminium.com\/wp-content\/uploads\/2023\/08\/67867.jpg 512w, https:\/\/www.artminium.com\/wp-content\/uploads\/2023\/08\/67867-300x198.jpg 300w\" sizes=\"(max-width: 512px) 100vw, 512px\" \/><\/figure>\n\n\n\n<h2 class=\"wp-block-heading\"><span class=\"ez-toc-section\" id=\"Teras_Fiyatlari_Ne_Kadar\"><\/span>\u00c0 combien s\u2019\u00e9l\u00e8vent les prix des terrasses ?<span class=\"ez-toc-section-end\"><\/span><\/h2>\n\n\n\n<p class=\"wp-block-paragraph\"><em>fermeture de la terrasse<\/em> L&#039;une des questions pos\u00e9es par les personnes souhaitant subir l&#039;intervention est <strong>Quels sont les tarifs de fermeture de terrasse ?<\/strong> Cela semble arriver. Bien qu&#039;il n&#039;y ait pas de r\u00e9ponse claire \u00e0 cette question :<\/p>\n\n\n\n<ul class=\"wp-block-list\">\n<li>Taille et hauteur de la zone o\u00f9 l&#039;intervention sera effectu\u00e9e<\/li>\n\n\n\n<li>Vos souhaits et besoins<\/li>\n\n\n\n<li>Mod\u00e8le de fermeture de terrasse que vous pr\u00e9f\u00e9rerez<\/li>\n\n\n\n<li>Qualit\u00e9 mat\u00e9rielle de la structure \u00e0 utiliser<\/li>\n\n\n\n<li>Conditions climatiques de votre r\u00e9gion<\/li>\n\n\n\n<li>Les prix peuvent varier selon la ville et le quartier.<\/li>\n<\/ul>\n\n\n\n<p class=\"wp-block-paragraph\">&nbsp;<strong>Tarifs de fermeture terrasse<\/strong> Les facteurs les plus efficaces sont le mod\u00e8le de fermeture de terrasse et la qualit\u00e9 du mat\u00e9riau \u00e0 utiliser.<\/p>\n\n\n\n<p class=\"wp-block-paragraph\">&nbsp;Les choix \u00e0 faire dans ces domaines sont des d\u00e9terminants importants de la hausse ou de la baisse des prix.<\/p>\n\n\n\n<figure class=\"wp-block-image size-full\"><img loading=\"lazy\" decoding=\"async\" width=\"800\" height=\"600\" src=\"https:\/\/www.artminium.com\/wp-content\/uploads\/2023\/08\/cam-balkon-7.jpeg\" alt=\"\" class=\"wp-image-1522\" srcset=\"https:\/\/www.artminium.com\/wp-content\/uploads\/2023\/08\/cam-balkon-7.jpeg 800w, https:\/\/www.artminium.com\/wp-content\/uploads\/2023\/08\/cam-balkon-7-300x225.jpeg 300w, https:\/\/www.artminium.com\/wp-content\/uploads\/2023\/08\/cam-balkon-7-768x576.jpeg 768w\" sizes=\"(max-width: 800px) 100vw, 800px\" \/><\/figure>","protected":false},"excerpt":{"rendered":"<p>Les abris de terrasse sont des structures durables et de haute qualit\u00e9, offrant un excellent rapport qualit\u00e9-prix, adapt\u00e9s \u00e0 vos besoins et \u00e0 votre budget. Ces mod\u00e8les cr\u00e9ent une apparence moderne et esth\u00e9tique dans n&#039;importe quel espace. Ils cr\u00e9ent \u00e9galement un effet lumineux et accueillant. Les abris de terrasse sont disponibles dans une vari\u00e9t\u00e9 de styles et de configurations. Ils sont toujours tr\u00e8s populaires et fr\u00e9quemment choisis aujourd&#039;hui. [\u2026]<\/p>","protected":false},"author":4,"featured_media":1875,"comment_status":"open","ping_status":"open","sticky":false,"template":"","format":"standard","meta":{"site-sidebar-layout":"default","site-content-layout":"","ast-site-content-layout":"default","site-content-style":"default","site-sidebar-style":"default","ast-global-header-display":"","ast-banner-title-visibility":"","ast-main-header-display":"","ast-hfb-above-header-display":"","ast-hfb-below-header-display":"","ast-hfb-mobile-header-display":"","site-post-title":"","ast-breadcrumbs-content":"","ast-featured-img":"disabled","footer-sml-layout":"","theme-transparent-header-meta":"","adv-header-id-meta":"","stick-header-meta":"","header-above-stick-meta":"","header-main-stick-meta":"","header-below-stick-meta":"","astra-migrate-meta-layouts":"default","ast-page-background-enabled":"default","ast-page-background-meta":{"desktop":{"background-color":"","background-image":"","background-repeat":"repeat","background-position":"center center","background-size":"auto","background-attachment":"scroll","background-type":"","background-media":"","overlay-type":"","overlay-color":"","overlay-opacity":"","overlay-gradient":""},"tablet":{"background-color":"","background-image":"","background-repeat":"repeat","background-position":"center center","background-size":"auto","background-attachment":"scroll","background-type":"","background-media":"","overlay-type":"","overlay-color":"","overlay-opacity":"","overlay-gradient":""},"mobile":{"background-color":"","background-image":"","background-repeat":"repeat","background-position":"center center","background-size":"auto","background-attachment":"scroll","background-type":"","background-media":"","overlay-type":"","overlay-color":"","overlay-opacity":"","overlay-gradient":""}},"ast-content-background-meta":{"desktop":{"background-color":"var(--ast-global-color-5)","background-image":"","background-repeat":"repeat","background-position":"center center","background-size":"auto","background-attachment":"scroll","background-type":"","background-media":"","overlay-type":"","overlay-color":"","overlay-opacity":"","overlay-gradient":""},"tablet":{"background-color":"var(--ast-global-color-5)","background-image":"","background-repeat":"repeat","background-position":"center center","background-size":"auto","background-attachment":"scroll","background-type":"","background-media":"","overlay-type":"","overlay-color":"","overlay-opacity":"","overlay-gradient":""},"mobile":{"background-color":"var(--ast-global-color-5)","background-image":"","background-repeat":"repeat","background-position":"center center","background-size":"auto","background-attachment":"scroll","background-type":"","background-media":"","overlay-type":"","overlay-color":"","overlay-opacity":"","overlay-gradient":""}},"footnotes":""},"categories":[1],"tags":[],"class_list":["post-2166","post","type-post","status-publish","format-standard","has-post-thumbnail","hentry","category-hareketli-sabit-aluminyum-sistemler"],"_links":{"self":[{"href":"https:\/\/www.artminium.com\/fr\/wp-json\/wp\/v2\/posts\/2166","targetHints":{"allow":["GET"]}}],"collection":[{"href":"https:\/\/www.artminium.com\/fr\/wp-json\/wp\/v2\/posts"}],"about":[{"href":"https:\/\/www.artminium.com\/fr\/wp-json\/wp\/v2\/types\/post"}],"author":[{"embeddable":true,"href":"https:\/\/www.artminium.com\/fr\/wp-json\/wp\/v2\/users\/4"}],"replies":[{"embeddable":true,"href":"https:\/\/www.artminium.com\/fr\/wp-json\/wp\/v2\/comments?post=2166"}],"version-history":[{"count":0,"href":"https:\/\/www.artminium.com\/fr\/wp-json\/wp\/v2\/posts\/2166\/revisions"}],"wp:featuredmedia":[{"embeddable":true,"href":"https:\/\/www.artminium.com\/fr\/wp-json\/wp\/v2\/media\/1875"}],"wp:attachment":[{"href":"https:\/\/www.artminium.com\/fr\/wp-json\/wp\/v2\/media?parent=2166"}],"wp:term":[{"taxonomy":"category","embeddable":true,"href":"https:\/\/www.artminium.com\/fr\/wp-json\/wp\/v2\/categories?post=2166"},{"taxonomy":"post_tag","embeddable":true,"href":"https:\/\/www.artminium.com\/fr\/wp-json\/wp\/v2\/tags?post=2166"}],"curies":[{"name":"wp","href":"https:\/\/api.w.org\/{rel}","templated":true}]}}