{"id":2136,"date":"2023-09-26T17:58:10","date_gmt":"2023-09-26T17:58:10","guid":{"rendered":"https:\/\/www.artminium.com\/?p=2136"},"modified":"2024-11-07T23:58:12","modified_gmt":"2024-11-07T20:58:12","slug":"modeles-de-fermeture-de-jardin","status":"publish","type":"post","link":"https:\/\/www.artminium.com\/fr\/modeles-de-fermeture-de-jardin\/","title":{"rendered":"Mod\u00e8les de fermeture de jardin"},"content":{"rendered":"<p class=\"wp-block-paragraph\">Il est aujourd\u2019hui tr\u00e8s utilis\u00e9 et tr\u00e8s esth\u00e9tique. <strong>mod\u00e8les de fermeture de jardin<\/strong> Il y a. Vous pouvez choisir selon vos souhaits et vos besoins. <strong>mod\u00e8les de fermeture de jardin<\/strong> Ce sont des lieux devenus \u00e0 la fois de nouveaux quartiers et des immeubles de luxe.<\/p>\n\n\n\n<p class=\"wp-block-paragraph\">Surtout diverses entreprises <strong>mod\u00e8les de fermeture de jardin<\/strong> propose des concepts diff\u00e9rents, agr\u00e9ables et remarquables \u00e0 ses clients en choisissant <strong>mod\u00e8les de fermeture de jardin<\/strong> Il a la particularit\u00e9 d\u2019augmenter le gain financier et d\u2019attirer l\u2019attention.<\/p>\n\n\n\n<p class=\"wp-block-paragraph\">De plus, les mod\u00e8les de fermeture appliqu\u00e9s aux maisons individuelles contribuent \u00e0 cr\u00e9er des espaces polyvalents et diff\u00e9rents tels que de nouveaux espaces de loisirs, des serres et des jardins d&#039;hiver. <strong>Mod\u00e8les de fermeture de jardin<\/strong> Qu&#039;il soit appliqu\u00e9 aux maisons individuelles ou aux commerces divers, il en r\u00e9sulte de s\u00e9rieux gains financiers sur les co\u00fbts de chauffage et sur les biens immobiliers sur lesquels il est appliqu\u00e9. Mod\u00e8les de fermeture de jardin :<\/p>\n\n\n\n<ul class=\"wp-block-list\">\n<li><strong>Mod\u00e8les de fermeture en verre<\/strong>: dans le jardin vous cr\u00e9erez <em>fermeture en verre<\/em> En choisissant ce mod\u00e8le, vous pourrez cr\u00e9er un espace tr\u00e8s lumineux et respectueux de la nature. Ce nouvel espace que vous cr\u00e9erez sera tr\u00e8s utile et spacieux pour vos plantes, vos animaux de compagnie et vous.<\/li>\n\n\n\n<li><strong>Mod\u00e8les de fermetures en bois<\/strong>: vous faites partie de ceux qui souhaitent voir la magnifique harmonie du bois et de la nature dans votre jardin <em>fermeture en bois<\/em> les mod\u00e8les peuvent \u00eatre faits pour vous. Ces structures, qui offrent une utilisation tr\u00e8s moderne et durable dans le jardin, peuvent \u00e9galement \u00eatre tr\u00e8s utiles pour les nouveaux espaces que vous cr\u00e9ez.<\/li>\n\n\n\n<li><strong>Mod\u00e8les de fermetures en aluminium : <\/strong>Les mod\u00e8les de fermeture en aluminium font partie des mod\u00e8les de fermeture qui se distinguent par leur solidit\u00e9 et leur durabilit\u00e9. Il s\u2019agit d\u2019un mat\u00e9riau durable et tr\u00e8s r\u00e9sistant aux conditions climatiques d\u00e9favorables telles que la pourriture, la lumi\u00e8re du soleil, la neige et la gr\u00eale.<\/li>\n\n\n\n<li><strong>Pergolas motoris\u00e9es : <\/strong>Les pergolas motoris\u00e9es, tr\u00e8s utiles et simples \u00e0 utiliser, sont des structures faciles \u00e0 utiliser et peuvent r\u00e9pondre \u00e0 diff\u00e9rents besoins par rapport aux autres m\u00e9thodes de fermeture, car elles constituent un syst\u00e8me \u00e9lectronique tr\u00e8s efficace qui r\u00e9pond \u00e0 de nombreux besoins dans la zone o\u00f9 elles se trouvent. Vous pouvez l&#039;utiliser soit en demi-ouverture, soit en ouverture compl\u00e8te, et parfois vous pouvez d\u00e9placer les grilles vers le haut ou vers le bas.<\/li>\n<\/ul>\n\n\n\n<p class=\"wp-block-paragraph\"><strong>Questions fr\u00e9quemment pos\u00e9es<\/strong><\/p>\n\n\n\n<div id=\"ez-toc-container\" class=\"ez-toc-v2_0_85 counter-hierarchy ez-toc-counter ez-toc-grey ez-toc-container-direction\">\n<div class=\"ez-toc-title-container\">\n<p class=\"ez-toc-title\" style=\"cursor:inherit\">Contenu<\/p>\n<span class=\"ez-toc-title-toggle\"><a href=\"#\" class=\"ez-toc-pull-right ez-toc-btn ez-toc-btn-xs ez-toc-btn-default ez-toc-toggle\" aria-label=\"Basculer la table des mati\u00e8res\"><span class=\"ez-toc-js-icon-con\"><span class=\"\"><span class=\"eztoc-hide\" style=\"display:none;\">basculer<\/span><span class=\"ez-toc-icon-toggle-span\"><svg style=\"fill: #999;color:#999\" xmlns=\"http:\/\/www.w3.org\/2000\/svg\" class=\"list-377408\" width=\"20px\" height=\"20px\" viewbox=\"0 0 24 24\" fill=\"none\"><path d=\"M6 6H4v2h2V6zm14 0H8v2h12V6zM4 11h2v2H4v-2zm16 0H8v2h12v-2zM4 16h2v2H4v-2zm16 0H8v2h12v-2z\" fill=\"currentColor\"><\/path><\/svg><svg style=\"fill: #999;color:#999\" class=\"arrow-unsorted-368013\" xmlns=\"http:\/\/www.w3.org\/2000\/svg\" width=\"10px\" height=\"10px\" viewbox=\"0 0 24 24\" version=\"1.2\" baseprofile=\"tiny\"><path d=\"M18.2 9.3l-6.2-6.3-6.2 6.3c-.2.2-.3.4-.3.7s.1.5.3.7c.2.2.4.3.7.3h11c.3 0 .5-.1.7-.3.2-.2.3-.5.3-.7s-.1-.5-.3-.7zM5.8 14.7l6.2 6.3 6.2-6.3c.2-.2.3-.5.3-.7s-.1-.5-.3-.7c-.2-.2-.4-.3-.7-.3h-11c-.3 0-.5.1-.7.3-.2.2-.3.5-.3.7s.1.5.3.7z\"\/><\/svg><\/span><\/span><\/span><\/a><\/span><\/div>\n<nav><ul class='ez-toc-list ez-toc-list-level-1' ><li class='ez-toc-page-1 ez-toc-heading-level-2'><a class=\"ez-toc-link ez-toc-heading-1\" href=\"https:\/\/www.artminium.com\/fr\/modeles-de-fermeture-de-jardin\/#Teras_Neyle_Kapatilir\" >Avec quoi couvrir la terrasse ?<\/a><\/li><li class='ez-toc-page-1 ez-toc-heading-level-2'><a class=\"ez-toc-link ez-toc-heading-2\" href=\"https:\/\/www.artminium.com\/fr\/modeles-de-fermeture-de-jardin\/#Mustakil_Evde_Balkon_Kapatmak_Yasal_Mi\" >Est-il l\u00e9gal de fermer un balcon dans une maison individuelle ?<\/a><\/li><li class='ez-toc-page-1 ez-toc-heading-level-2'><a class=\"ez-toc-link ez-toc-heading-3\" href=\"https:\/\/www.artminium.com\/fr\/modeles-de-fermeture-de-jardin\/#Teras_Kapatma_Kac_TL\" >Combien co\u00fbte le rev\u00eatement de terrasse ?<\/a><\/li><\/ul><\/nav><\/div>\n<h2 class=\"wp-block-heading\"><span class=\"ez-toc-section\" id=\"Teras_Neyle_Kapatilir\"><\/span>Avec quoi couvrir la terrasse ?<span class=\"ez-toc-section-end\"><\/span><\/h2>\n\n\n\n<p class=\"wp-block-paragraph\">Parmi les questions fr\u00e9quemment pos\u00e9es par de nombreuses personnes souhaitant transformer leurs terrasses en espaces nouveaux et efficaces : <strong>Comment couvrir la terrasse ?<\/strong> La question est incluse. Il peut y avoir plusieurs r\u00e9ponses \u00e0 cette question, selon les souhaits et les besoins de chaque personne.<\/p>\n\n\n\n<p class=\"wp-block-paragraph\">Il r\u00e9pond \u00e0 presque tous les types de d\u00e9sirs et de besoins. <em>mod\u00e8les de fermeture de terrasse<\/em> Il y a. Diverses structures et mod\u00e8les <em>pergolas, v\u00e9randas et structures vitr\u00e9es<\/em> C&#039;est parmi les immeubles de luxe qui seront ici tr\u00e8s utiles.<\/p>\n\n\n\n<p class=\"wp-block-paragraph\">&nbsp;Les points les plus importants auxquels vous devez pr\u00eater attention avant le mod\u00e8le de fermeture teres sont\u00a0: Vous devez choisir des mod\u00e8les fabriqu\u00e9s avec des mat\u00e9riaux durables et de qualit\u00e9.<\/p>\n\n\n\n<h2 class=\"wp-block-heading\"><span class=\"ez-toc-section\" id=\"Mustakil_Evde_Balkon_Kapatmak_Yasal_Mi\"><\/span>Est-il l\u00e9gal de fermer un balcon dans une maison individuelle ?<span class=\"ez-toc-section-end\"><\/span><\/h2>\n\n\n\n<p class=\"wp-block-paragraph\"><strong>Est-il l\u00e9gal de fermer un balcon dans une maison individuelle ?<\/strong> Il n\u2019y a pas de r\u00e9ponse claire \u00e0 la question. Comme on le sait, si vous souhaitez que le balcon ou la terrasse de votre maison soit situ\u00e9e dans un immeuble ou un terrain ferm\u00e9, vous devez obtenir au pr\u00e9alable une autorisation et une licence.<\/p>\n\n\n\n\n\n<figure class=\"wp-block-image size-full\"><img fetchpriority=\"high\" decoding=\"async\" width=\"932\" height=\"675\" src=\"https:\/\/www.artminium.com\/wp-content\/uploads\/2023\/08\/IMG-20220721-WA0006.jpg\" alt=\"\" class=\"wp-image-1940\" srcset=\"https:\/\/www.artminium.com\/wp-content\/uploads\/2023\/08\/IMG-20220721-WA0006.jpg 932w, https:\/\/www.artminium.com\/wp-content\/uploads\/2023\/08\/IMG-20220721-WA0006-300x217.jpg 300w, https:\/\/www.artminium.com\/wp-content\/uploads\/2023\/08\/IMG-20220721-WA0006-768x556.jpg 768w\" sizes=\"(max-width: 932px) 100vw, 932px\" \/><\/figure>\n\n\n\n\n\n\n<figure class=\"wp-block-post-featured-image\"><img decoding=\"async\" width=\"932\" height=\"675\" src=\"https:\/\/www.artminium.com\/wp-content\/uploads\/2023\/08\/IMG-20220721-WA0006.jpg\" class=\"attachment-post-thumbnail size-post-thumbnail wp-post-image\" alt=\"\" style=\"object-fit:cover;\" srcset=\"https:\/\/www.artminium.com\/wp-content\/uploads\/2023\/08\/IMG-20220721-WA0006.jpg 932w, https:\/\/www.artminium.com\/wp-content\/uploads\/2023\/08\/IMG-20220721-WA0006-300x217.jpg 300w, https:\/\/www.artminium.com\/wp-content\/uploads\/2023\/08\/IMG-20220721-WA0006-768x556.jpg 768w\" sizes=\"(max-width: 932px) 100vw, 932px\" \/><\/figure>\n\n<figure class=\"wp-block-post-featured-image\"><img decoding=\"async\" width=\"932\" height=\"675\" src=\"https:\/\/www.artminium.com\/wp-content\/uploads\/2023\/08\/IMG-20220721-WA0006.jpg\" class=\"attachment-post-thumbnail size-post-thumbnail wp-post-image\" alt=\"\" style=\"object-fit:cover;\" srcset=\"https:\/\/www.artminium.com\/wp-content\/uploads\/2023\/08\/IMG-20220721-WA0006.jpg 932w, https:\/\/www.artminium.com\/wp-content\/uploads\/2023\/08\/IMG-20220721-WA0006-300x217.jpg 300w, https:\/\/www.artminium.com\/wp-content\/uploads\/2023\/08\/IMG-20220721-WA0006-768x556.jpg 768w\" sizes=\"(max-width: 932px) 100vw, 932px\" \/><\/figure>\n\n\n\n\n<figure class=\"wp-block-gallery has-nested-images columns-default is-cropped wp-block-gallery-1 is-layout-flex wp-block-gallery-is-layout-flex\"><\/figure>\n\n\n\n<div class=\"wp-block-media-text is-stacked-on-mobile\"><figure class=\"wp-block-media-text__media\"><\/figure><div class=\"wp-block-media-text__content\">\n<p class=\"wp-block-paragraph\"><\/p>\n<\/div><\/div>\n\n\n\n<div class=\"wp-block-media-text is-stacked-on-mobile\"><figure class=\"wp-block-media-text__media\"><\/figure><div class=\"wp-block-media-text__content\">\n<p class=\"wp-block-paragraph\"><\/p>\n<\/div><\/div>\n\n\n\n<div class=\"wp-block-media-text is-stacked-on-mobile\"><figure class=\"wp-block-media-text__media\"><\/figure><div class=\"wp-block-media-text__content\">\n<p class=\"wp-block-paragraph\"><\/p>\n<\/div><\/div>\n\n\n\n<h2 class=\"wp-block-heading\"><span class=\"ez-toc-section\" id=\"Teras_Kapatma_Kac_TL\"><\/span>Combien co\u00fbte le rev\u00eatement de terrasse ?<span class=\"ez-toc-section-end\"><\/span><\/h2>\n\n\n\n<p class=\"wp-block-paragraph\">Aujourd&#039;hui, les prix des couvertures de terrasse varient en moyenne entre 4 500 et 6 000 TL par m2. Il ne faut pas oublier que ce prix moyen peut augmenter ou diminuer en fonction de nombreux facteurs.<\/p>","protected":false},"excerpt":{"rendered":"<p>De nos jours, il existe des mod\u00e8les de cl\u00f4tures de jardin tr\u00e8s r\u00e9pandus et tr\u00e8s esth\u00e9tiques. Les mod\u00e8les de cl\u00f4tures de jardin que vous choisissez selon vos envies et vos besoins deviennent \u00e0 la fois de nouveaux espaces et des espaces qui deviennent des immeubles de luxe. En particulier, diverses entreprises choisissent des mod\u00e8les de fermeture de jardin et proposent \u00e0 leurs clients des concepts diff\u00e9rents, agr\u00e9ables et accrocheurs, dans ce cas, les mod\u00e8les de fermeture de jardin apportent un gain financier [\u2026]<\/p>","protected":false},"author":4,"featured_media":1940,"comment_status":"open","ping_status":"open","sticky":false,"template":"","format":"standard","meta":{"site-sidebar-layout":"default","site-content-layout":"","ast-site-content-layout":"default","site-content-style":"default","site-sidebar-style":"default","ast-global-header-display":"","ast-banner-title-visibility":"","ast-main-header-display":"","ast-hfb-above-header-display":"","ast-hfb-below-header-display":"","ast-hfb-mobile-header-display":"","site-post-title":"","ast-breadcrumbs-content":"","ast-featured-img":"","footer-sml-layout":"","theme-transparent-header-meta":"","adv-header-id-meta":"","stick-header-meta":"","header-above-stick-meta":"","header-main-stick-meta":"","header-below-stick-meta":"","astra-migrate-meta-layouts":"default","ast-page-background-enabled":"default","ast-page-background-meta":{"desktop":{"background-color":"","background-image":"","background-repeat":"repeat","background-position":"center center","background-size":"auto","background-attachment":"scroll","background-type":"","background-media":"","overlay-type":"","overlay-color":"","overlay-opacity":"","overlay-gradient":""},"tablet":{"background-color":"","background-image":"","background-repeat":"repeat","background-position":"center center","background-size":"auto","background-attachment":"scroll","background-type":"","background-media":"","overlay-type":"","overlay-color":"","overlay-opacity":"","overlay-gradient":""},"mobile":{"background-color":"","background-image":"","background-repeat":"repeat","background-position":"center center","background-size":"auto","background-attachment":"scroll","background-type":"","background-media":"","overlay-type":"","overlay-color":"","overlay-opacity":"","overlay-gradient":""}},"ast-content-background-meta":{"desktop":{"background-color":"var(--ast-global-color-5)","background-image":"","background-repeat":"repeat","background-position":"center center","background-size":"auto","background-attachment":"scroll","background-type":"","background-media":"","overlay-type":"","overlay-color":"","overlay-opacity":"","overlay-gradient":""},"tablet":{"background-color":"var(--ast-global-color-5)","background-image":"","background-repeat":"repeat","background-position":"center center","background-size":"auto","background-attachment":"scroll","background-type":"","background-media":"","overlay-type":"","overlay-color":"","overlay-opacity":"","overlay-gradient":""},"mobile":{"background-color":"var(--ast-global-color-5)","background-image":"","background-repeat":"repeat","background-position":"center center","background-size":"auto","background-attachment":"scroll","background-type":"","background-media":"","overlay-type":"","overlay-color":"","overlay-opacity":"","overlay-gradient":""}},"footnotes":""},"categories":[1],"tags":[],"class_list":["post-2136","post","type-post","status-publish","format-standard","has-post-thumbnail","hentry","category-hareketli-sabit-aluminyum-sistemler"],"_links":{"self":[{"href":"https:\/\/www.artminium.com\/fr\/wp-json\/wp\/v2\/posts\/2136","targetHints":{"allow":["GET"]}}],"collection":[{"href":"https:\/\/www.artminium.com\/fr\/wp-json\/wp\/v2\/posts"}],"about":[{"href":"https:\/\/www.artminium.com\/fr\/wp-json\/wp\/v2\/types\/post"}],"author":[{"embeddable":true,"href":"https:\/\/www.artminium.com\/fr\/wp-json\/wp\/v2\/users\/4"}],"replies":[{"embeddable":true,"href":"https:\/\/www.artminium.com\/fr\/wp-json\/wp\/v2\/comments?post=2136"}],"version-history":[{"count":0,"href":"https:\/\/www.artminium.com\/fr\/wp-json\/wp\/v2\/posts\/2136\/revisions"}],"wp:featuredmedia":[{"embeddable":true,"href":"https:\/\/www.artminium.com\/fr\/wp-json\/wp\/v2\/media\/1940"}],"wp:attachment":[{"href":"https:\/\/www.artminium.com\/fr\/wp-json\/wp\/v2\/media?parent=2136"}],"wp:term":[{"taxonomy":"category","embeddable":true,"href":"https:\/\/www.artminium.com\/fr\/wp-json\/wp\/v2\/categories?post=2136"},{"taxonomy":"post_tag","embeddable":true,"href":"https:\/\/www.artminium.com\/fr\/wp-json\/wp\/v2\/tags?post=2136"}],"curies":[{"name":"wp","href":"https:\/\/api.w.org\/{rel}","templated":true}]}}