{"id":2606,"date":"2024-10-14T18:07:04","date_gmt":"2024-10-14T15:07:04","guid":{"rendered":"https:\/\/www.artminium.com\/?p=2606"},"modified":"2026-01-15T17:18:48","modified_gmt":"2026-01-15T14:18:48","slug":"wie-hoch-sollte-der-wintergarten-sein","status":"publish","type":"post","link":"https:\/\/www.artminium.com\/de\/wie-hoch-sollte-der-wintergarten-sein\/","title":{"rendered":"Welche H\u00f6he sollte ein Wintergarten haben?"},"content":{"rendered":"<p class=\"wp-block-paragraph\">Fast jeder, der einen Wintergarten anlegen m\u00f6chte, stellt sich die Frage: \u201cWie hoch soll er sein?\u201d Dabei geht es nicht nur um die Gr\u00f6\u00dfe, sondern auch um Komfort, \u00c4sthetik, Nutzungsgewohnheiten und sogar gesetzliche Vorgaben. Meiner Erfahrung nach basieren viele Projekte ausschlie\u00dflich auf Fl\u00e4chenberechnungen, die H\u00f6he wird aber oft erst sp\u00e4ter beachtet. Dabei bestimmt die richtige H\u00f6he den gesamten Charakter des Wintergartens.<\/p>\n\n\n\n<p class=\"wp-block-paragraph\">In diesem Artikel beantworte ich alle h\u00e4ufig gestellten Fragen zur H\u00f6he von Winterg\u00e4rten aus architektonischer Sicht. Dabei ber\u00fccksichtige ich reale Anwendungsszenarien und gebe praktische Beispiele. Am Ende des Artikels finden Sie pr\u00e4gnante und verst\u00e4ndliche Antworten auf all Ihre Fragen.<\/p>\n\n\n\n<figure class=\"wp-block-image size-large\"><img fetchpriority=\"high\" decoding=\"async\" width=\"1024\" height=\"576\" src=\"https:\/\/www.artminium.com\/wp-content\/uploads\/2024\/10\/kis-bahcesi-20-2-1024x576.jpg\" alt=\"\" class=\"wp-image-3779\" srcset=\"https:\/\/www.artminium.com\/wp-content\/uploads\/2024\/10\/kis-bahcesi-20-2-1024x576.jpg 1024w, https:\/\/www.artminium.com\/wp-content\/uploads\/2024\/10\/kis-bahcesi-20-2-300x169.jpg 300w, https:\/\/www.artminium.com\/wp-content\/uploads\/2024\/10\/kis-bahcesi-20-2-768x432.jpg 768w, https:\/\/www.artminium.com\/wp-content\/uploads\/2024\/10\/kis-bahcesi-20-2-1536x864.jpg 1536w, https:\/\/www.artminium.com\/wp-content\/uploads\/2024\/10\/kis-bahcesi-20-2-2048x1152.jpg 2048w, https:\/\/www.artminium.com\/wp-content\/uploads\/2024\/10\/kis-bahcesi-20-2-18x10.jpg 18w\" sizes=\"(max-width: 1024px) 100vw, 1024px\" \/><\/figure>\n\n\n\n<div id=\"ez-toc-container\" class=\"ez-toc-v2_0_85 counter-hierarchy ez-toc-counter ez-toc-grey ez-toc-container-direction\">\n<div class=\"ez-toc-title-container\">\n<p class=\"ez-toc-title\" style=\"cursor:inherit\">Inhalt<\/p>\n<span class=\"ez-toc-title-toggle\"><a href=\"#\" class=\"ez-toc-pull-right ez-toc-btn ez-toc-btn-xs ez-toc-btn-default ez-toc-toggle\" aria-label=\"Inhaltsverzeichnis umschalten\"><span class=\"ez-toc-js-icon-con\"><span class=\"\"><span class=\"eztoc-hide\" style=\"display:none;\">Umschalten<\/span><span class=\"ez-toc-icon-toggle-span\"><svg style=\"fill: #999;color:#999\" xmlns=\"http:\/\/www.w3.org\/2000\/svg\" class=\"list-377408\" width=\"20px\" height=\"20px\" viewbox=\"0 0 24 24\" fill=\"none\"><path d=\"M6 6H4v2h2V6zm14 0H8v2h12V6zM4 11h2v2H4v-2zm16 0H8v2h12v-2zM4 16h2v2H4v-2zm16 0H8v2h12v-2z\" fill=\"currentColor\"><\/path><\/svg><svg style=\"fill: #999;color:#999\" class=\"arrow-unsorted-368013\" xmlns=\"http:\/\/www.w3.org\/2000\/svg\" width=\"10px\" height=\"10px\" viewbox=\"0 0 24 24\" version=\"1.2\" baseprofile=\"tiny\"><path d=\"M18.2 9.3l-6.2-6.3-6.2 6.3c-.2.2-.3.4-.3.7s.1.5.3.7c.2.2.4.3.7.3h11c.3 0 .5-.1.7-.3.2-.2.3-.5.3-.7s-.1-.5-.3-.7zM5.8 14.7l6.2 6.3 6.2-6.3c.2-.2.3-.5.3-.7s-.1-.5-.3-.7c-.2-.2-.4-.3-.7-.3h-11c-.3 0-.5.1-.7.3-.2.2-.3.5-.3.7s.1.5.3.7z\"\/><\/svg><\/span><\/span><\/span><\/a><\/span><\/div>\n<nav><ul class='ez-toc-list ez-toc-list-level-1' ><li class='ez-toc-page-1 ez-toc-heading-level-2'><a class=\"ez-toc-link ez-toc-heading-1\" href=\"https:\/\/www.artminium.com\/de\/wie-hoch-sollte-der-wintergarten-sein\/#Kis_Bahcesi_Yueksekligi_Neden_Bu_Kadar_Oenemlidir\" >Warum ist die H\u00f6he des Wintergartens so wichtig?<\/a><\/li><li class='ez-toc-page-1 ez-toc-heading-level-2'><a class=\"ez-toc-link ez-toc-heading-2\" href=\"https:\/\/www.artminium.com\/de\/wie-hoch-sollte-der-wintergarten-sein\/#Standart_Kis_Bahcesi_Yueksekligi_Kac_Metre_Olmali\" >Welche Standardh\u00f6he sollte ein Wintergarten in Metern haben?<\/a><ul class='ez-toc-list-level-3' ><li class='ez-toc-heading-level-3'><a class=\"ez-toc-link ez-toc-heading-3\" href=\"https:\/\/www.artminium.com\/de\/wie-hoch-sollte-der-wintergarten-sein\/#240_%E2%80%93_260_m_Arasi_Yuekseklik\" >H\u00f6he zwischen 2,40 und 2,60 m<\/a><\/li><li class='ez-toc-page-1 ez-toc-heading-level-3'><a class=\"ez-toc-link ez-toc-heading-4\" href=\"https:\/\/www.artminium.com\/de\/wie-hoch-sollte-der-wintergarten-sein\/#270_%E2%80%93_300_m_Arasi_Yuekseklik\" >H\u00f6he zwischen 2,70 und 3,00 m<\/a><\/li><\/ul><\/li><li class='ez-toc-page-1 ez-toc-heading-level-2'><a class=\"ez-toc-link ez-toc-heading-5\" href=\"https:\/\/www.artminium.com\/de\/wie-hoch-sollte-der-wintergarten-sein\/#Kis_Bahcesi_Cati_Tipine_Goere_Yuekseklik_Nasil_Degisir\" >Wie variiert die H\u00f6he eines Wintergartens je nach Dachform?<\/a><ul class='ez-toc-list-level-3' ><li class='ez-toc-heading-level-3'><a class=\"ez-toc-link ez-toc-heading-6\" href=\"https:\/\/www.artminium.com\/de\/wie-hoch-sollte-der-wintergarten-sein\/#Duez_Catili_Kis_Bahceleri\" >Winterg\u00e4rten mit Flachdach<\/a><\/li><li class='ez-toc-page-1 ez-toc-heading-level-3'><a class=\"ez-toc-link ez-toc-heading-7\" href=\"https:\/\/www.artminium.com\/de\/wie-hoch-sollte-der-wintergarten-sein\/#Egimli_Tek_Egimli_veya_Cift_Egimli_Catilar\" >Schr\u00e4gd\u00e4cher (einfach oder doppelt geneigt)<\/a><\/li><\/ul><\/li><li class='ez-toc-page-1 ez-toc-heading-level-2'><a class=\"ez-toc-link ez-toc-heading-8\" href=\"https:\/\/www.artminium.com\/de\/wie-hoch-sollte-der-wintergarten-sein\/#Kis_Bahcesi_Yueksekligi_Isi_ve_Enerji_Performansini_Nasil_Etkiler\" >Wie beeinflusst die H\u00f6he eines Wintergartens die W\u00e4rme- und Energieeffizienz?<\/a><\/li><li class='ez-toc-page-1 ez-toc-heading-level-2'><a class=\"ez-toc-link ez-toc-heading-9\" href=\"https:\/\/www.artminium.com\/de\/wie-hoch-sollte-der-wintergarten-sein\/#Yasal_ve_Imar_Kaynakli_Yuekseklik_Sinirlari\" >Gesetzliche und planungsrechtliche H\u00f6henbeschr\u00e4nkungen<\/a><\/li><li class='ez-toc-page-1 ez-toc-heading-level-2'><a class=\"ez-toc-link ez-toc-heading-10\" href=\"https:\/\/www.artminium.com\/de\/wie-hoch-sollte-der-wintergarten-sein\/#Kis_Bahcesi_Yueksekligi_Mobilya_ve_Kullanim_Senaryosuna_Goere_Nasil_Planlanmali\" >Wie sollte die H\u00f6he eines Wintergartens je nach M\u00f6blierung und Nutzungsszenario geplant werden?<\/a><\/li><li class='ez-toc-page-1 ez-toc-heading-level-2'><a class=\"ez-toc-link ez-toc-heading-11\" href=\"https:\/\/www.artminium.com\/de\/wie-hoch-sollte-der-wintergarten-sein\/#Oezetle_Ideal_Kis_Bahcesi_Yueksekligi_Nasil_Belirlenir\" >Zusammenfassend: Wie bestimmt man die ideale H\u00f6he f\u00fcr einen Wintergarten?<\/a><\/li><li class='ez-toc-page-1 ez-toc-heading-level-2'><a class=\"ez-toc-link ez-toc-heading-12\" href=\"https:\/\/www.artminium.com\/de\/wie-hoch-sollte-der-wintergarten-sein\/#Sik_Sorulan_Sorular_FAQ\" >H\u00e4ufig gestellte Fragen (FAQ)<\/a><ul class='ez-toc-list-level-3' ><li class='ez-toc-heading-level-3'><a class=\"ez-toc-link ez-toc-heading-13\" href=\"https:\/\/www.artminium.com\/de\/wie-hoch-sollte-der-wintergarten-sein\/#Kis_bahcesi_minimum_kac_metre_olmali\" >Welche Mindestgr\u00f6\u00dfe ist f\u00fcr einen Wintergarten erforderlich?<\/a><\/li><li class='ez-toc-page-1 ez-toc-heading-level-3'><a class=\"ez-toc-link ez-toc-heading-14\" href=\"https:\/\/www.artminium.com\/de\/wie-hoch-sollte-der-wintergarten-sein\/#Kis_bahcesi_yueksekligi_arttikca_isi_kaybi_artar_mi\" >Nimmt der W\u00e4rmeverlust mit zunehmender H\u00f6he der Winterg\u00e4rten zu?<\/a><\/li><li class='ez-toc-page-1 ez-toc-heading-level-3'><a class=\"ez-toc-link ez-toc-heading-15\" href=\"https:\/\/www.artminium.com\/de\/wie-hoch-sollte-der-wintergarten-sein\/#Egimli_catili_kis_bahceleri_daha_mi_avantajli\" >Sind Winterg\u00e4rten mit schr\u00e4gen D\u00e4chern vorteilhafter?<\/a><\/li><li class='ez-toc-page-1 ez-toc-heading-level-3'><a class=\"ez-toc-link ez-toc-heading-16\" href=\"https:\/\/www.artminium.com\/de\/wie-hoch-sollte-der-wintergarten-sein\/#Apartmanlarda_kis_bahcesi_yueksekligi_sinirli_midir\" >Gibt es H\u00f6henbeschr\u00e4nkungen f\u00fcr Winterg\u00e4rten in Mehrfamilienh\u00e4usern?<\/a><\/li><li class='ez-toc-page-1 ez-toc-heading-level-3'><a class=\"ez-toc-link ez-toc-heading-17\" href=\"https:\/\/www.artminium.com\/de\/wie-hoch-sollte-der-wintergarten-sein\/#3_metreden_yueksek_kis_bahcesi_yapilabilir_mi\" >Ist es m\u00f6glich, einen Wintergarten zu bauen, der h\u00f6her als 3 Meter ist?<\/a><\/li><\/ul><\/li><li class='ez-toc-page-1 ez-toc-heading-level-2'><a class=\"ez-toc-link ez-toc-heading-18\" href=\"https:\/\/www.artminium.com\/de\/wie-hoch-sollte-der-wintergarten-sein\/#Son_Soez\" >Schlussworte<\/a><\/li><\/ul><\/nav><\/div>\n<h2 class=\"wp-block-heading\"><span class=\"ez-toc-section\" id=\"Kis_Bahcesi_Yueksekligi_Neden_Bu_Kadar_Oenemlidir\"><\/span>Warum ist die H\u00f6he des Wintergartens so wichtig?<span class=\"ez-toc-section-end\"><\/span><\/h2>\n\n\n\n<p class=\"wp-block-paragraph\">Wir wissen, dass das Raumgef\u00fchl nicht allein von der Quadratmeterzahl abh\u00e4ngt. Die Deckenh\u00f6he beeinflusst die Raumwahrnehmung ma\u00dfgeblich. Dieser Effekt ist in Winterg\u00e4rten noch deutlicher sp\u00fcrbar, da Glasfl\u00e4chen, Licht und die visuelle Verbindung nach drau\u00dfen eine Rolle spielen.<\/p>\n\n\n\n<p class=\"wp-block-paragraph\">Meiner Meinung nach beeinflusst die richtige K\u00f6rpergr\u00f6\u00dfe direkt drei Schl\u00fcsselfaktoren:<\/p>\n\n\n\n<ul class=\"wp-block-list\">\n<li><strong>Komfort:<\/strong>\u00a0Luftzirkulation, W\u00e4rmehaushalt und Akustik.<\/li>\n\n\n\n<li><strong>\u00c4sthetisch:<\/strong>\u00a0Proportionen, Harmonie der Fassade und ein Gef\u00fchl von Weite.<\/li>\n\n\n\n<li><strong>Nutzungseffizienz:<\/strong>\u00a0M\u00f6belanordnung, Pflanzenauswahl und Beleuchtung.<\/li>\n<\/ul>\n\n\n\n<p class=\"wp-block-paragraph\">Kurz gesagt: Wenn die H\u00f6he des Wintergartens nicht richtig bestimmt wird, wird der gew\u00fcnschte Effekt nicht erzielt, egal wie hochwertig das verwendete System ist.<\/p>\n\n\n\n<h2 class=\"wp-block-heading\"><span class=\"ez-toc-section\" id=\"Standart_Kis_Bahcesi_Yueksekligi_Kac_Metre_Olmali\"><\/span>Welche Standardh\u00f6he sollte ein Wintergarten in Metern haben?<span class=\"ez-toc-section-end\"><\/span><\/h2>\n\n\n\n<p class=\"wp-block-paragraph\">Beginnen wir mit einer klaren Antwort auf die am h\u00e4ufigsten gestellte Frage. Wenn wir uns die Praktiken in der T\u00fcrkei und in Europa f\u00fcr Winterg\u00e4rten ansehen...&nbsp;<strong>Die ideale Netto-Innenh\u00f6he liegt im Allgemeinen zwischen 2,40 m und 3,00 m.<\/strong>&nbsp;Es ist zwischen ihnen geplant.<\/p>\n\n\n\n<p class=\"wp-block-paragraph\">Hierbei ist jedoch eine kleine Einschr\u00e4nkung zu beachten. Die \u201cNettoh\u00f6he\u201d bezeichnet den Abstand vom Bodenbelag bis zum niedrigsten Punkt der Decke. Daher k\u00f6nnen Tragprofile, Dachschr\u00e4gen und Verglasungssysteme dieses Ma\u00df beeinflussen.<\/p>\n\n\n\n<h3 class=\"wp-block-heading\"><span class=\"ez-toc-section\" id=\"240_%E2%80%93_260_m_Arasi_Yuekseklik\"><\/span>H\u00f6he zwischen 2,40 und 2,60 m<span class=\"ez-toc-section-end\"><\/span><\/h3>\n\n\n\n<p class=\"wp-block-paragraph\">Diese Produktreihe eignet sich besonders f\u00fcr kompaktere Winterg\u00e4rten mit etwas geschlossenerem Raumgef\u00fchl. Typischerweise:<\/p>\n\n\n\n<ul class=\"wp-block-list\">\n<li>Kleine Winterg\u00e4rten wurden an Wohnh\u00e4usern angebaut<\/li>\n\n\n\n<li>Balkon\u00fcberdachungsprojekte<\/li>\n\n\n\n<li>Systeme, die in bestehende Strukturen mit begrenzter H\u00f6he integriert werden.<\/li>\n<\/ul>\n\n\n\n<p class=\"wp-block-paragraph\">Diese H\u00f6he ist zwar technisch ausreichend, d\u00fcrfte aber Nutzer mit hohen Anspr\u00fcchen an die Raumgestaltung m\u00f6glicherweise nicht vollends zufriedenstellen.<\/p>\n\n\n\n<h3 class=\"wp-block-heading\"><span class=\"ez-toc-section\" id=\"270_%E2%80%93_300_m_Arasi_Yuekseklik\"><\/span>H\u00f6he zwischen 2,70 und 3,00 m<span class=\"ez-toc-section-end\"><\/span><\/h3>\n\n\n\n<p class=\"wp-block-paragraph\">Meiner Ansicht nach ist dies die ideale und beliebteste Produktreihe. Sie bietet ein ausgewogenes Ergebnis hinsichtlich \u00c4sthetik und Komfort. Insbesondere:<\/p>\n\n\n\n<ul class=\"wp-block-list\">\n<li>Winterg\u00e4rten im freistehenden Haus<\/li>\n\n\n\n<li>Wohnr\u00e4ume mit Zugang zum Garten<\/li>\n\n\n\n<li>Winterg\u00e4rten, die in allen vier Jahreszeiten aktiv genutzt werden.<\/li>\n<\/ul>\n\n\n\n<p class=\"wp-block-paragraph\">In diesen H\u00f6hen atmet der Raum, Glasfl\u00e4chen wirken eindrucksvoller und das Tageslicht wird viel gleichm\u00e4\u00dfiger verteilt.<\/p>\n\n\n\n<figure class=\"wp-block-image size-full\"><img decoding=\"async\" width=\"960\" height=\"960\" src=\"https:\/\/www.artminium.com\/wp-content\/uploads\/2024\/10\/kis-bahcesi-39-1.jpg\" alt=\"\" class=\"wp-image-3780\" srcset=\"https:\/\/www.artminium.com\/wp-content\/uploads\/2024\/10\/kis-bahcesi-39-1.jpg 960w, https:\/\/www.artminium.com\/wp-content\/uploads\/2024\/10\/kis-bahcesi-39-1-300x300.jpg 300w, https:\/\/www.artminium.com\/wp-content\/uploads\/2024\/10\/kis-bahcesi-39-1-150x150.jpg 150w, https:\/\/www.artminium.com\/wp-content\/uploads\/2024\/10\/kis-bahcesi-39-1-768x768.jpg 768w, https:\/\/www.artminium.com\/wp-content\/uploads\/2024\/10\/kis-bahcesi-39-1-12x12.jpg 12w\" sizes=\"(max-width: 960px) 100vw, 960px\" \/><\/figure>\n\n\n\n<h2 class=\"wp-block-heading\"><span class=\"ez-toc-section\" id=\"Kis_Bahcesi_Cati_Tipine_Goere_Yuekseklik_Nasil_Degisir\"><\/span>Wie variiert die H\u00f6he eines Wintergartens je nach Dachform?<span class=\"ez-toc-section-end\"><\/span><\/h2>\n\n\n\n<p class=\"wp-block-paragraph\">Die H\u00f6he eines Wintergartens wird nicht allein durch die Wandabmessungen bestimmt. Die Dachform ist ebenso wichtig wie die Wandh\u00f6he.<\/p>\n\n\n\n<h3 class=\"wp-block-heading\"><span class=\"ez-toc-section\" id=\"Duez_Catili_Kis_Bahceleri\"><\/span>Winterg\u00e4rten mit Flachdach<span class=\"ez-toc-section-end\"><\/span><\/h3>\n\n\n\n<p class=\"wp-block-paragraph\">Bei Flachdachsystemen ist die H\u00f6he besser geregelt. Im Allgemeinen wird eine minimale Nettoinnenh\u00f6he von 2,40 m angestrebt. Allerdings gilt bei einem Flachdach:<\/p>\n\n\n\n<ul class=\"wp-block-list\">\n<li>Gef\u00e4lle f\u00fcr die Wasserableitung.<\/li>\n\n\n\n<li>Dicke der Tr\u00e4gerprofile<\/li>\n\n\n\n<li>Beleuchtungssysteme<\/li>\n<\/ul>\n\n\n\n<p class=\"wp-block-paragraph\">Solche Details m\u00fcssen ber\u00fccksichtigt werden. Andernfalls k\u00f6nnte die geplante H\u00f6he bei der Umsetzung geringer ausfallen.<\/p>\n\n\n\n<h3 class=\"wp-block-heading\"><span class=\"ez-toc-section\" id=\"Egimli_Tek_Egimli_veya_Cift_Egimli_Catilar\"><\/span>Schr\u00e4gd\u00e4cher (einfach oder doppelt geneigt)<span class=\"ez-toc-section-end\"><\/span><\/h3>\n\n\n\n<p class=\"wp-block-paragraph\">Ich denke, dies ist die am besten geeignete Dachform f\u00fcr einen Wintergarten. Die H\u00f6he variiert bei Schr\u00e4gd\u00e4chern. Zum Beispiel:<\/p>\n\n\n\n<ul class=\"wp-block-list\">\n<li>An ihrem niedrigsten Punkt betr\u00e4gt sie 2,40 \u2013 2,60 m.<\/li>\n\n\n\n<li>Der h\u00f6chste Punkt liegt bei 3,20 \u2013 3,80 m.<\/li>\n<\/ul>\n\n\n\n<p class=\"wp-block-paragraph\">Dadurch wirkt der Raum dynamischer und ger\u00e4umiger. Da warme Luft aufsteigt, wird zudem ein ausgeglicheneres Raumklima erreicht.<\/p>\n\n\n\n<h2 class=\"wp-block-heading\"><span class=\"ez-toc-section\" id=\"Kis_Bahcesi_Yueksekligi_Isi_ve_Enerji_Performansini_Nasil_Etkiler\"><\/span>Wie beeinflusst die H\u00f6he eines Wintergartens die W\u00e4rme- und Energieeffizienz?<span class=\"ez-toc-section-end\"><\/span><\/h2>\n\n\n\n<p class=\"wp-block-paragraph\">Mit zunehmender H\u00f6he steigt das Volumen, und mit zunehmendem Volumen vergr\u00f6\u00dfert sich auch die zu beheizende Fl\u00e4che. Das ist mathematisch eindeutig. Architektonisch gesehen gibt es jedoch einige Kompromisse.<\/p>\n\n\n\n<p class=\"wp-block-paragraph\">Mit der richtigen Verglasung, guter Isolierung und ausreichender Bel\u00fcftung k\u00f6nnen auch Winterg\u00e4rten mit hohen Decken sehr effizient sein. Insbesondere:<\/p>\n\n\n\n<ul class=\"wp-block-list\">\n<li>Low-E-Fenster<\/li>\n\n\n\n<li>W\u00e4rmeisolierte Aluminiumprofile<\/li>\n\n\n\n<li>Automatische L\u00fcftungssysteme<\/li>\n<\/ul>\n\n\n\n<p class=\"wp-block-paragraph\">Bei sachgem\u00e4\u00dfer Nutzung l\u00e4sst sich der negative Einfluss der H\u00f6he minimieren. Plant man einen niedrig angelegten Wintergarten jedoch ausschlie\u00dflich aus Gr\u00fcnden der Temperatur, wird dies langfristig die Qualit\u00e4t des Gartens beeintr\u00e4chtigen.<\/p>\n\n\n\n<h2 class=\"wp-block-heading\"><span class=\"ez-toc-section\" id=\"Yasal_ve_Imar_Kaynakli_Yuekseklik_Sinirlari\"><\/span>Gesetzliche und planungsrechtliche H\u00f6henbeschr\u00e4nkungen<span class=\"ez-toc-section-end\"><\/span><\/h2>\n\n\n\n<p class=\"wp-block-paragraph\">Dieses Thema wird oft bis zum Schluss aufgeschoben, sollte aber eigentlich zuerst besprochen werden. Die H\u00f6he eines Wintergartens kann je nach den Bauvorschriften Ihrer Gemeinde und dem Status der Baugenehmigung begrenzt sein.<\/p>\n\n\n\n<p class=\"wp-block-paragraph\">Besonders:<\/p>\n\n\n\n<ul class=\"wp-block-list\">\n<li>Nutzung von Gemeinschaftsfl\u00e4chen in Mehrfamilienh\u00e4usern<\/li>\n\n\n\n<li>Terrassen- und Dachanwendungen<\/li>\n\n\n\n<li>Bebauungsdichte- und Geb\u00e4udeh\u00f6henbeschr\u00e4nkungen<\/li>\n<\/ul>\n\n\n\n<p class=\"wp-block-paragraph\">Solche Faktoren k\u00f6nnen die maximale H\u00f6he bestimmen. Daher m\u00fcssen die \u00f6rtlichen Vorschriften bereits in der Projektphase gepr\u00fcft werden. Die Annahme \u201cDas spielt sp\u00e4ter keine Rolle mehr\u201d kann sp\u00e4ter zu ernsthaften Problemen f\u00fchren.<\/p>\n\n\n\n<h2 class=\"wp-block-heading\"><span class=\"ez-toc-section\" id=\"Kis_Bahcesi_Yueksekligi_Mobilya_ve_Kullanim_Senaryosuna_Goere_Nasil_Planlanmali\"><\/span>Wie sollte die H\u00f6he eines Wintergartens je nach M\u00f6blierung und Nutzungsszenario geplant werden?<span class=\"ez-toc-section-end\"><\/span><\/h2>\n\n\n\n<p class=\"wp-block-paragraph\">Ich glaube, das ist der sch\u00f6nste Teil. Denn ein Wintergarten sollte ein Ort zum Leben sein, nicht nur zum Anschauen. Wenn:<\/p>\n\n\n\n<ul class=\"wp-block-list\">\n<li>Gro\u00dfe Pflanzen<\/li>\n\n\n\n<li>H\u00e4ngelampen<\/li>\n\n\n\n<li>Hohe B\u00fccherregale oder Regalsysteme<\/li>\n<\/ul>\n\n\n\n<p class=\"wp-block-paragraph\">Wenn Sie deren Einsatz erw\u00e4gen, macht eine Mindesth\u00f6he von 2,70 m oder mehr einen erheblichen Unterschied. In niedrigeren R\u00e4umen k\u00f6nnen solche Elemente den Raum erdr\u00fccken.<\/p>\n\n\n\n<h2 class=\"wp-block-heading\"><span class=\"ez-toc-section\" id=\"Oezetle_Ideal_Kis_Bahcesi_Yueksekligi_Nasil_Belirlenir\"><\/span>Zusammenfassend: Wie bestimmt man die ideale H\u00f6he f\u00fcr einen Wintergarten?<span class=\"ez-toc-section-end\"><\/span><\/h2>\n\n\n\n<p class=\"wp-block-paragraph\">Wenn wir all diese Details zusammengetragen haben, kann ich mit Sicherheit sagen, dass die ideale H\u00f6he f\u00fcr einen Wintergarten keine einfache Zahl ist. Der Standort des Geb\u00e4udes, die Dachform, der Verwendungszweck und rechtliche Bestimmungen m\u00fcssen alle gemeinsam ber\u00fccksichtigt werden.<\/p>\n\n\n\n<p class=\"wp-block-paragraph\">Um jedoch eine allgemeine Orientierung zu geben, f\u00fcr einen komfortablen und \u00e4sthetisch ansprechenden Wintergarten&nbsp;<strong>2,70 \u2013 3,00 m Nettoinnenh\u00f6he<\/strong>&nbsp;Es ist in den meisten F\u00e4llen die beste Wahl.<\/p>\n\n\n\n<h2 class=\"wp-block-heading\"><span class=\"ez-toc-section\" id=\"Sik_Sorulan_Sorular_FAQ\"><\/span>H\u00e4ufig gestellte Fragen (FAQ)<span class=\"ez-toc-section-end\"><\/span><\/h2>\n\n\n\n<h3 class=\"wp-block-heading\"><span class=\"ez-toc-section\" id=\"Kis_bahcesi_minimum_kac_metre_olmali\"><\/span>Welche Mindestgr\u00f6\u00dfe ist f\u00fcr einen Wintergarten erforderlich?<span class=\"ez-toc-section-end\"><\/span><\/h3>\n\n\n\n<p class=\"wp-block-paragraph\">Rein technisch gesehen sollte die minimale Netto-Innenh\u00f6he 2,40 m betragen. Aus Komfortgr\u00fcnden wird jedoch eine \u00dcberschreitung dieses Grenzwerts empfohlen.<\/p>\n\n\n\n<h3 class=\"wp-block-heading\"><span class=\"ez-toc-section\" id=\"Kis_bahcesi_yueksekligi_arttikca_isi_kaybi_artar_mi\"><\/span>Nimmt der W\u00e4rmeverlust mit zunehmender H\u00f6he der Winterg\u00e4rten zu?<span class=\"ez-toc-section-end\"><\/span><\/h3>\n\n\n\n<p class=\"wp-block-paragraph\">Ja, theoretisch steigt der Wert aufgrund des gr\u00f6\u00dferen Volumens. Mit den richtigen Verglasungs- und D\u00e4mmsystemen l\u00e4sst sich dieser Effekt jedoch weitgehend kompensieren.<\/p>\n\n\n\n<h3 class=\"wp-block-heading\"><span class=\"ez-toc-section\" id=\"Egimli_catili_kis_bahceleri_daha_mi_avantajli\"><\/span>Sind Winterg\u00e4rten mit schr\u00e4gen D\u00e4chern vorteilhafter?<span class=\"ez-toc-section-end\"><\/span><\/h3>\n\n\n\n<p class=\"wp-block-paragraph\">Ich denke schon. Schr\u00e4gd\u00e4cher bieten erhebliche Vorteile, sowohl \u00e4sthetisch als auch hinsichtlich des Raumgef\u00fchls.<\/p>\n\n\n\n<h3 class=\"wp-block-heading\"><span class=\"ez-toc-section\" id=\"Apartmanlarda_kis_bahcesi_yueksekligi_sinirli_midir\"><\/span>Gibt es H\u00f6henbeschr\u00e4nkungen f\u00fcr Winterg\u00e4rten in Mehrfamilienh\u00e4usern?<span class=\"ez-toc-section-end\"><\/span><\/h3>\n\n\n\n<p class=\"wp-block-paragraph\">Ja. Es kann H\u00f6henbeschr\u00e4nkungen gem\u00e4\u00df Bebauungsplan und Baugenehmigungen geben. Dies sollte unbedingt \u00fcberpr\u00fcft werden.<\/p>\n\n\n\n<h3 class=\"wp-block-heading\"><span class=\"ez-toc-section\" id=\"3_metreden_yueksek_kis_bahcesi_yapilabilir_mi\"><\/span>Ist es m\u00f6glich, einen Wintergarten zu bauen, der h\u00f6her als 3 Meter ist?<span class=\"ez-toc-section-end\"><\/span><\/h3>\n\n\n\n<p class=\"wp-block-paragraph\">Es ist m\u00f6glich, h\u00e4ngt aber vollst\u00e4ndig vom Zustand des Geb\u00e4udes und den erforderlichen Genehmigungen ab. Technisch realisierbare Systeme existieren.<\/p>\n\n\n\n<h2 class=\"wp-block-heading\"><span class=\"ez-toc-section\" id=\"Son_Soez\"><\/span>Schlussworte<span class=\"ez-toc-section-end\"><\/span><\/h2>\n\n\n\n<p class=\"wp-block-paragraph\">Die H\u00f6he eines Wintergartens mag eine kleine Entscheidung sein, hat aber gro\u00dfe Auswirkungen. Richtig geplant, wird er zu mehr als nur einem zus\u00e4tzlichen Raum; er wird zum sch\u00f6nsten Wohnraum im Haus. Mit den Aluminiumprofil- und Glassystemen von Artminium, die Qualit\u00e4t und \u00c4sthetik vereinen, k\u00f6nnen Sie Ihren Wintergarten genau so gestalten, wie Sie es sich ertr\u00e4umt haben \u2013 einen komfortablen und attraktiven Wohnraum schaffen.<\/p>\n\n\n\n<figure class=\"wp-block-gallery has-nested-images columns-default is-cropped wp-block-gallery-1 is-layout-flex wp-block-gallery-is-layout-flex\">\n<figure class=\"wp-block-image size-large\"><img decoding=\"async\" width=\"1024\" height=\"614\" data-id=\"3788\" src=\"https:\/\/www.artminium.com\/wp-content\/uploads\/2024\/10\/kis-bahcesi-7-2-1024x614.png\" alt=\"\" class=\"wp-image-3788\" srcset=\"https:\/\/www.artminium.com\/wp-content\/uploads\/2024\/10\/kis-bahcesi-7-2-1024x614.png 1024w, https:\/\/www.artminium.com\/wp-content\/uploads\/2024\/10\/kis-bahcesi-7-2-300x180.png 300w, https:\/\/www.artminium.com\/wp-content\/uploads\/2024\/10\/kis-bahcesi-7-2-768x461.png 768w, https:\/\/www.artminium.com\/wp-content\/uploads\/2024\/10\/kis-bahcesi-7-2-1536x922.png 1536w, https:\/\/www.artminium.com\/wp-content\/uploads\/2024\/10\/kis-bahcesi-7-2-18x12.png 18w, https:\/\/www.artminium.com\/wp-content\/uploads\/2024\/10\/kis-bahcesi-7-2.png 1920w\" sizes=\"(max-width: 1024px) 100vw, 1024px\" \/><figcaption class=\"wp-element-caption\">Wintergartenmodell<\/figcaption><\/figure>\n\n\n\n<figure class=\"wp-block-image size-large\"><img loading=\"lazy\" decoding=\"async\" width=\"1024\" height=\"576\" data-id=\"3785\" src=\"https:\/\/www.artminium.com\/wp-content\/uploads\/2024\/10\/kis-bahcesi-8-1-1024x576.webp\" alt=\"\" class=\"wp-image-3785\" srcset=\"https:\/\/www.artminium.com\/wp-content\/uploads\/2024\/10\/kis-bahcesi-8-1-1024x576.webp 1024w, https:\/\/www.artminium.com\/wp-content\/uploads\/2024\/10\/kis-bahcesi-8-1-300x169.webp 300w, https:\/\/www.artminium.com\/wp-content\/uploads\/2024\/10\/kis-bahcesi-8-1-768x432.webp 768w, https:\/\/www.artminium.com\/wp-content\/uploads\/2024\/10\/kis-bahcesi-8-1-1536x864.webp 1536w, https:\/\/www.artminium.com\/wp-content\/uploads\/2024\/10\/kis-bahcesi-8-1-18x10.webp 18w, https:\/\/www.artminium.com\/wp-content\/uploads\/2024\/10\/kis-bahcesi-8-1.webp 1920w\" sizes=\"(max-width: 1024px) 100vw, 1024px\" \/><figcaption class=\"wp-element-caption\">Wintergarten<\/figcaption><\/figure>\n\n\n\n<figure class=\"wp-block-image size-large\"><img loading=\"lazy\" decoding=\"async\" width=\"1024\" height=\"637\" data-id=\"3794\" src=\"https:\/\/www.artminium.com\/wp-content\/uploads\/2024\/10\/kis-bahcesi-12-1-1024x637.png\" alt=\"\" class=\"wp-image-3794\" srcset=\"https:\/\/www.artminium.com\/wp-content\/uploads\/2024\/10\/kis-bahcesi-12-1-1024x637.png 1024w, https:\/\/www.artminium.com\/wp-content\/uploads\/2024\/10\/kis-bahcesi-12-1-300x187.png 300w, https:\/\/www.artminium.com\/wp-content\/uploads\/2024\/10\/kis-bahcesi-12-1-768x478.png 768w, https:\/\/www.artminium.com\/wp-content\/uploads\/2024\/10\/kis-bahcesi-12-1-1536x956.png 1536w, https:\/\/www.artminium.com\/wp-content\/uploads\/2024\/10\/kis-bahcesi-12-1-18x12.png 18w, https:\/\/www.artminium.com\/wp-content\/uploads\/2024\/10\/kis-bahcesi-12-1.png 1920w\" sizes=\"(max-width: 1024px) 100vw, 1024px\" \/><figcaption class=\"wp-element-caption\">Wintergarten-Veranda<\/figcaption><\/figure>\n\n\n\n<figure class=\"wp-block-image size-large\"><img loading=\"lazy\" decoding=\"async\" width=\"1024\" height=\"724\" data-id=\"3791\" src=\"https:\/\/www.artminium.com\/wp-content\/uploads\/2024\/10\/kis-bahcesi-16-1-1024x724.jpg\" alt=\"\" class=\"wp-image-3791\" srcset=\"https:\/\/www.artminium.com\/wp-content\/uploads\/2024\/10\/kis-bahcesi-16-1-1024x724.jpg 1024w, https:\/\/www.artminium.com\/wp-content\/uploads\/2024\/10\/kis-bahcesi-16-1-300x212.jpg 300w, https:\/\/www.artminium.com\/wp-content\/uploads\/2024\/10\/kis-bahcesi-16-1-768x543.jpg 768w, https:\/\/www.artminium.com\/wp-content\/uploads\/2024\/10\/kis-bahcesi-16-1-1536x1086.jpg 1536w, https:\/\/www.artminium.com\/wp-content\/uploads\/2024\/10\/kis-bahcesi-16-1-18x12.jpg 18w, https:\/\/www.artminium.com\/wp-content\/uploads\/2024\/10\/kis-bahcesi-16-1.jpg 1920w\" sizes=\"(max-width: 1024px) 100vw, 1024px\" \/><figcaption class=\"wp-element-caption\">Wintergartenterrasse<\/figcaption><\/figure>\n\n\n\n<figure class=\"wp-block-image size-large\"><img loading=\"lazy\" decoding=\"async\" width=\"960\" height=\"640\" data-id=\"3783\" src=\"https:\/\/www.artminium.com\/wp-content\/uploads\/2024\/10\/kis-bahcesi-28-1.jpg\" alt=\"\" class=\"wp-image-3783\" srcset=\"https:\/\/www.artminium.com\/wp-content\/uploads\/2024\/10\/kis-bahcesi-28-1.jpg 960w, https:\/\/www.artminium.com\/wp-content\/uploads\/2024\/10\/kis-bahcesi-28-1-300x200.jpg 300w, https:\/\/www.artminium.com\/wp-content\/uploads\/2024\/10\/kis-bahcesi-28-1-768x512.jpg 768w, https:\/\/www.artminium.com\/wp-content\/uploads\/2024\/10\/kis-bahcesi-28-1-18x12.jpg 18w\" sizes=\"(max-width: 960px) 100vw, 960px\" \/><figcaption class=\"wp-element-caption\">Wintergartenvilla<\/figcaption><\/figure>\n\n\n\n<figure class=\"wp-block-image size-large\"><img loading=\"lazy\" decoding=\"async\" width=\"960\" height=\"960\" data-id=\"3784\" src=\"https:\/\/www.artminium.com\/wp-content\/uploads\/2024\/10\/kis-bahcesi-29-1.jpg\" alt=\"\" class=\"wp-image-3784\" srcset=\"https:\/\/www.artminium.com\/wp-content\/uploads\/2024\/10\/kis-bahcesi-29-1.jpg 960w, https:\/\/www.artminium.com\/wp-content\/uploads\/2024\/10\/kis-bahcesi-29-1-300x300.jpg 300w, https:\/\/www.artminium.com\/wp-content\/uploads\/2024\/10\/kis-bahcesi-29-1-150x150.jpg 150w, https:\/\/www.artminium.com\/wp-content\/uploads\/2024\/10\/kis-bahcesi-29-1-768x768.jpg 768w, https:\/\/www.artminium.com\/wp-content\/uploads\/2024\/10\/kis-bahcesi-29-1-12x12.jpg 12w\" sizes=\"(max-width: 960px) 100vw, 960px\" \/><figcaption class=\"wp-element-caption\">Terrasse der Wintergartenvilla<\/figcaption><\/figure>\n\n\n\n<figure class=\"wp-block-image size-large\"><img loading=\"lazy\" decoding=\"async\" width=\"1023\" height=\"599\" data-id=\"3782\" src=\"https:\/\/www.artminium.com\/wp-content\/uploads\/2024\/10\/kis-bahcesi-36-1.jpg\" alt=\"\" class=\"wp-image-3782\" srcset=\"https:\/\/www.artminium.com\/wp-content\/uploads\/2024\/10\/kis-bahcesi-36-1.jpg 1023w, https:\/\/www.artminium.com\/wp-content\/uploads\/2024\/10\/kis-bahcesi-36-1-300x176.jpg 300w, https:\/\/www.artminium.com\/wp-content\/uploads\/2024\/10\/kis-bahcesi-36-1-768x450.jpg 768w, https:\/\/www.artminium.com\/wp-content\/uploads\/2024\/10\/kis-bahcesi-36-1-18x12.jpg 18w\" sizes=\"(max-width: 1023px) 100vw, 1023px\" \/><figcaption class=\"wp-element-caption\">Wintergarten-Schiebeglas<\/figcaption><\/figure>\n\n\n\n<figure class=\"wp-block-image size-large\"><img loading=\"lazy\" decoding=\"async\" width=\"1024\" height=\"682\" data-id=\"3793\" src=\"https:\/\/www.artminium.com\/wp-content\/uploads\/2024\/10\/kis-bahcesi-45-2-1024x682.jpg\" alt=\"\" class=\"wp-image-3793\" srcset=\"https:\/\/www.artminium.com\/wp-content\/uploads\/2024\/10\/kis-bahcesi-45-2-1024x682.jpg 1024w, https:\/\/www.artminium.com\/wp-content\/uploads\/2024\/10\/kis-bahcesi-45-2-300x200.jpg 300w, https:\/\/www.artminium.com\/wp-content\/uploads\/2024\/10\/kis-bahcesi-45-2-768x512.jpg 768w, https:\/\/www.artminium.com\/wp-content\/uploads\/2024\/10\/kis-bahcesi-45-2-1536x1024.jpg 1536w, https:\/\/www.artminium.com\/wp-content\/uploads\/2024\/10\/kis-bahcesi-45-2-2048x1365.jpg 2048w, https:\/\/www.artminium.com\/wp-content\/uploads\/2024\/10\/kis-bahcesi-45-2-18x12.jpg 18w\" sizes=\"(max-width: 1024px) 100vw, 1024px\" \/><figcaption class=\"wp-element-caption\">Wintergarten-Terrassencaf\u00e9<\/figcaption><\/figure>\n\n\n\n<figure class=\"wp-block-image size-large\"><img loading=\"lazy\" decoding=\"async\" width=\"1024\" height=\"576\" data-id=\"3786\" src=\"https:\/\/www.artminium.com\/wp-content\/uploads\/2024\/10\/kis-bahcesi-49-1-1024x576.jpg\" alt=\"\" class=\"wp-image-3786\" srcset=\"https:\/\/www.artminium.com\/wp-content\/uploads\/2024\/10\/kis-bahcesi-49-1-1024x576.jpg 1024w, https:\/\/www.artminium.com\/wp-content\/uploads\/2024\/10\/kis-bahcesi-49-1-300x169.jpg 300w, https:\/\/www.artminium.com\/wp-content\/uploads\/2024\/10\/kis-bahcesi-49-1-768x432.jpg 768w, https:\/\/www.artminium.com\/wp-content\/uploads\/2024\/10\/kis-bahcesi-49-1-1536x864.jpg 1536w, https:\/\/www.artminium.com\/wp-content\/uploads\/2024\/10\/kis-bahcesi-49-1-18x10.jpg 18w, https:\/\/www.artminium.com\/wp-content\/uploads\/2024\/10\/kis-bahcesi-49-1.jpg 1920w\" sizes=\"(max-width: 1024px) 100vw, 1024px\" \/><figcaption class=\"wp-element-caption\">Wintergarten-Veranda-Modelle<\/figcaption><\/figure>\n\n\n\n<figure class=\"wp-block-image size-large\"><img loading=\"lazy\" decoding=\"async\" width=\"1024\" height=\"768\" data-id=\"3787\" src=\"https:\/\/www.artminium.com\/wp-content\/uploads\/2024\/10\/kis-bahcesi-51-1-1024x768.jpg\" alt=\"\" class=\"wp-image-3787\" srcset=\"https:\/\/www.artminium.com\/wp-content\/uploads\/2024\/10\/kis-bahcesi-51-1-1024x768.jpg 1024w, https:\/\/www.artminium.com\/wp-content\/uploads\/2024\/10\/kis-bahcesi-51-1-300x225.jpg 300w, https:\/\/www.artminium.com\/wp-content\/uploads\/2024\/10\/kis-bahcesi-51-1-768x576.jpg 768w, https:\/\/www.artminium.com\/wp-content\/uploads\/2024\/10\/kis-bahcesi-51-1-1536x1152.jpg 1536w, https:\/\/www.artminium.com\/wp-content\/uploads\/2024\/10\/kis-bahcesi-51-1-16x12.jpg 16w, https:\/\/www.artminium.com\/wp-content\/uploads\/2024\/10\/kis-bahcesi-51-1.jpg 1920w\" sizes=\"(max-width: 1024px) 100vw, 1024px\" \/><\/figure>\n\n\n\n<figure class=\"wp-block-image size-large\"><img loading=\"lazy\" decoding=\"async\" width=\"1024\" height=\"576\" data-id=\"3790\" src=\"https:\/\/www.artminium.com\/wp-content\/uploads\/2024\/10\/kis-bahcesi-52-1-1024x576.jpg\" alt=\"\" class=\"wp-image-3790\" srcset=\"https:\/\/www.artminium.com\/wp-content\/uploads\/2024\/10\/kis-bahcesi-52-1-1024x576.jpg 1024w, https:\/\/www.artminium.com\/wp-content\/uploads\/2024\/10\/kis-bahcesi-52-1-300x169.jpg 300w, https:\/\/www.artminium.com\/wp-content\/uploads\/2024\/10\/kis-bahcesi-52-1-768x432.jpg 768w, https:\/\/www.artminium.com\/wp-content\/uploads\/2024\/10\/kis-bahcesi-52-1-1536x864.jpg 1536w, https:\/\/www.artminium.com\/wp-content\/uploads\/2024\/10\/kis-bahcesi-52-1-18x10.jpg 18w, https:\/\/www.artminium.com\/wp-content\/uploads\/2024\/10\/kis-bahcesi-52-1.jpg 1920w\" sizes=\"(max-width: 1024px) 100vw, 1024px\" \/><figcaption class=\"wp-element-caption\">Wintergarten-Veranda beleuchtet<\/figcaption><\/figure>\n\n\n\n<figure class=\"wp-block-image size-large\"><img loading=\"lazy\" decoding=\"async\" width=\"1024\" height=\"576\" data-id=\"3789\" src=\"https:\/\/www.artminium.com\/wp-content\/uploads\/2024\/10\/kis-bahcesi-53-1-1024x576.jpg\" alt=\"\" class=\"wp-image-3789\" srcset=\"https:\/\/www.artminium.com\/wp-content\/uploads\/2024\/10\/kis-bahcesi-53-1-1024x576.jpg 1024w, https:\/\/www.artminium.com\/wp-content\/uploads\/2024\/10\/kis-bahcesi-53-1-300x169.jpg 300w, https:\/\/www.artminium.com\/wp-content\/uploads\/2024\/10\/kis-bahcesi-53-1-768x432.jpg 768w, https:\/\/www.artminium.com\/wp-content\/uploads\/2024\/10\/kis-bahcesi-53-1-1536x864.jpg 1536w, https:\/\/www.artminium.com\/wp-content\/uploads\/2024\/10\/kis-bahcesi-53-1-18x10.jpg 18w, https:\/\/www.artminium.com\/wp-content\/uploads\/2024\/10\/kis-bahcesi-53-1.jpg 1920w\" sizes=\"(max-width: 1024px) 100vw, 1024px\" \/><figcaption class=\"wp-element-caption\">Wintergarten-Satteldach<\/figcaption><\/figure>\n\n\n\n<figure class=\"wp-block-image size-large\"><img loading=\"lazy\" decoding=\"async\" width=\"1024\" height=\"768\" data-id=\"3792\" src=\"https:\/\/www.artminium.com\/wp-content\/uploads\/2024\/10\/wintergarden-1-1024x768.jpg\" alt=\"\" class=\"wp-image-3792\" srcset=\"https:\/\/www.artminium.com\/wp-content\/uploads\/2024\/10\/wintergarden-1-1024x768.jpg 1024w, https:\/\/www.artminium.com\/wp-content\/uploads\/2024\/10\/wintergarden-1-300x225.jpg 300w, https:\/\/www.artminium.com\/wp-content\/uploads\/2024\/10\/wintergarden-1-768x576.jpg 768w, https:\/\/www.artminium.com\/wp-content\/uploads\/2024\/10\/wintergarden-1-1536x1152.jpg 1536w, https:\/\/www.artminium.com\/wp-content\/uploads\/2024\/10\/wintergarden-1-16x12.jpg 16w, https:\/\/www.artminium.com\/wp-content\/uploads\/2024\/10\/wintergarden-1.jpg 2048w\" sizes=\"(max-width: 1024px) 100vw, 1024px\" \/><figcaption class=\"wp-element-caption\">Eingangsgeschoss des Wintergartengel\u00e4ndes<\/figcaption><\/figure>\n<\/figure>","protected":false},"excerpt":{"rendered":"<p>Fast jeder, der einen Wintergarten anlegen m\u00f6chte, stellt sich eine \u00e4hnliche Frage: \u201cWie hoch sollte er sein?\u201d Ehrlich gesagt geht es dabei nicht nur um die Gr\u00f6\u00dfe; Komfort, \u00c4sthetik, Nutzungsgewohnheiten und sogar gesetzliche Vorgaben spielen eine entscheidende Rolle. Meiner Erfahrung nach basieren viele Projekte ausschlie\u00dflich auf Fl\u00e4chenberechnungen, die H\u00f6he wird aber oft erst sp\u00e4ter beachtet. Dabei ist die richtige H\u00f6he [\u2026]<\/p>","protected":false},"author":1,"featured_media":3470,"comment_status":"open","ping_status":"open","sticky":false,"template":"","format":"standard","meta":{"site-sidebar-layout":"default","site-content-layout":"","ast-site-content-layout":"default","site-content-style":"default","site-sidebar-style":"default","ast-global-header-display":"","ast-banner-title-visibility":"","ast-main-header-display":"","ast-hfb-above-header-display":"","ast-hfb-below-header-display":"","ast-hfb-mobile-header-display":"","site-post-title":"","ast-breadcrumbs-content":"","ast-featured-img":"","footer-sml-layout":"","theme-transparent-header-meta":"","adv-header-id-meta":"","stick-header-meta":"","header-above-stick-meta":"","header-main-stick-meta":"","header-below-stick-meta":"","astra-migrate-meta-layouts":"set","ast-page-background-enabled":"default","ast-page-background-meta":{"desktop":{"background-color":"","background-image":"","background-repeat":"repeat","background-position":"center center","background-size":"auto","background-attachment":"scroll","background-type":"","background-media":"","overlay-type":"","overlay-color":"","overlay-opacity":"","overlay-gradient":""},"tablet":{"background-color":"","background-image":"","background-repeat":"repeat","background-position":"center center","background-size":"auto","background-attachment":"scroll","background-type":"","background-media":"","overlay-type":"","overlay-color":"","overlay-opacity":"","overlay-gradient":""},"mobile":{"background-color":"","background-image":"","background-repeat":"repeat","background-position":"center center","background-size":"auto","background-attachment":"scroll","background-type":"","background-media":"","overlay-type":"","overlay-color":"","overlay-opacity":"","overlay-gradient":""}},"ast-content-background-meta":{"desktop":{"background-color":"var(--ast-global-color-5)","background-image":"","background-repeat":"repeat","background-position":"center center","background-size":"auto","background-attachment":"scroll","background-type":"","background-media":"","overlay-type":"","overlay-color":"","overlay-opacity":"","overlay-gradient":""},"tablet":{"background-color":"var(--ast-global-color-5)","background-image":"","background-repeat":"repeat","background-position":"center center","background-size":"auto","background-attachment":"scroll","background-type":"","background-media":"","overlay-type":"","overlay-color":"","overlay-opacity":"","overlay-gradient":""},"mobile":{"background-color":"var(--ast-global-color-5)","background-image":"","background-repeat":"repeat","background-position":"center center","background-size":"auto","background-attachment":"scroll","background-type":"","background-media":"","overlay-type":"","overlay-color":"","overlay-opacity":"","overlay-gradient":""}},"footnotes":""},"categories":[1],"tags":[],"class_list":["post-2606","post","type-post","status-publish","format-standard","has-post-thumbnail","hentry","category-hareketli-sabit-aluminyum-sistemler"],"_links":{"self":[{"href":"https:\/\/www.artminium.com\/de\/wp-json\/wp\/v2\/posts\/2606","targetHints":{"allow":["GET"]}}],"collection":[{"href":"https:\/\/www.artminium.com\/de\/wp-json\/wp\/v2\/posts"}],"about":[{"href":"https:\/\/www.artminium.com\/de\/wp-json\/wp\/v2\/types\/post"}],"author":[{"embeddable":true,"href":"https:\/\/www.artminium.com\/de\/wp-json\/wp\/v2\/users\/1"}],"replies":[{"embeddable":true,"href":"https:\/\/www.artminium.com\/de\/wp-json\/wp\/v2\/comments?post=2606"}],"version-history":[{"count":1,"href":"https:\/\/www.artminium.com\/de\/wp-json\/wp\/v2\/posts\/2606\/revisions"}],"predecessor-version":[{"id":5366,"href":"https:\/\/www.artminium.com\/de\/wp-json\/wp\/v2\/posts\/2606\/revisions\/5366"}],"wp:featuredmedia":[{"embeddable":true,"href":"https:\/\/www.artminium.com\/de\/wp-json\/wp\/v2\/media\/3470"}],"wp:attachment":[{"href":"https:\/\/www.artminium.com\/de\/wp-json\/wp\/v2\/media?parent=2606"}],"wp:term":[{"taxonomy":"category","embeddable":true,"href":"https:\/\/www.artminium.com\/de\/wp-json\/wp\/v2\/categories?post=2606"},{"taxonomy":"post_tag","embeddable":true,"href":"https:\/\/www.artminium.com\/de\/wp-json\/wp\/v2\/tags?post=2606"}],"curies":[{"name":"wp","href":"https:\/\/api.w.org\/{rel}","templated":true}]}}