{"id":2354,"date":"2023-11-06T21:13:48","date_gmt":"2023-11-06T18:13:48","guid":{"rendered":"https:\/\/www.artminium.com\/?p=2354"},"modified":"2024-11-04T00:54:28","modified_gmt":"2024-11-03T21:54:28","slug":"modelle-und-preise-fur-faltbare-glasbalkone","status":"publish","type":"post","link":"https:\/\/www.artminium.com\/de\/modelle-und-preise-fur-faltbare-glasbalkone\/","title":{"rendered":"Modelle und Preise f\u00fcr faltbare Glasbalkone"},"content":{"rendered":"<p class=\"wp-block-paragraph\"><strong>Faltbalkone aus Glas <\/strong>Es definiert Fenstersysteme, die sich klappen und \u00f6ffnen und schlie\u00dfen lassen, indem Balkone in Wohnr\u00e4umen und Arbeitspl\u00e4tzen mit Glas abgedeckt werden. Dieses System bietet Menschen mehr Komfort bei der Nutzung ihres Balkons. Faltbare Glasbalkone bieten ihren Nutzern viele Vorteile.<\/p>\n\n\n\n<figure class=\"wp-block-image size-large\"><img fetchpriority=\"high\" decoding=\"async\" width=\"1024\" height=\"576\" src=\"https:\/\/www.artminium.com\/wp-content\/uploads\/2023\/11\/Katlanir-Cam-Balkon-Modelleri-ve-Fiyatlari-1024x576.png\" alt=\"Modelle und Preise f\u00fcr faltbare Glasbalkone\" class=\"wp-image-2355\" srcset=\"https:\/\/www.artminium.com\/wp-content\/uploads\/2023\/11\/Katlanir-Cam-Balkon-Modelleri-ve-Fiyatlari-1024x576.png 1024w, https:\/\/www.artminium.com\/wp-content\/uploads\/2023\/11\/Katlanir-Cam-Balkon-Modelleri-ve-Fiyatlari-300x169.png 300w, https:\/\/www.artminium.com\/wp-content\/uploads\/2023\/11\/Katlanir-Cam-Balkon-Modelleri-ve-Fiyatlari-768x432.png 768w, https:\/\/www.artminium.com\/wp-content\/uploads\/2023\/11\/Katlanir-Cam-Balkon-Modelleri-ve-Fiyatlari.png 1280w\" sizes=\"(max-width: 1024px) 100vw, 1024px\" \/><figcaption class=\"wp-element-caption\">Modelle und Preise f\u00fcr faltbare Glasbalkone<\/figcaption><\/figure>\n\n\n\n<p class=\"wp-block-paragraph\">Im Vergleich zu anderen Balkonfenstersystemen aus Glas l\u00e4sst es sich besonders leicht reinigen. Dar\u00fcber hinaus <strong>faltbare Glasbalkonmodelle<\/strong> Es bietet seinen Nutzern die M\u00f6glichkeit, ihren Balkon in einen Wintergarten zu verwandeln. In dieser Hinsicht sind diese Systeme nicht nur in Privathaushalten, sondern auch in Caf\u00e9s und Restaurants zu einer g\u00e4ngigen Wahl geworden.<\/p>\n\n\n\n<p class=\"wp-block-paragraph\">Unser Unternehmen kann diese Projekte entsprechend unterschiedlicher Kundenprofile und Bed\u00fcrfnisse durchf\u00fchren. Wenn Sie von den von uns angebotenen Dienstleistungen profitieren m\u00f6chten, m\u00fcssen Sie uns lediglich kontaktieren.<\/p>\n\n\n\n<div id=\"ez-toc-container\" class=\"ez-toc-v2_0_85 counter-hierarchy ez-toc-counter ez-toc-grey ez-toc-container-direction\">\n<div class=\"ez-toc-title-container\">\n<p class=\"ez-toc-title\" style=\"cursor:inherit\">Inhalt<\/p>\n<span class=\"ez-toc-title-toggle\"><a href=\"#\" class=\"ez-toc-pull-right ez-toc-btn ez-toc-btn-xs ez-toc-btn-default ez-toc-toggle\" aria-label=\"Inhaltsverzeichnis umschalten\"><span class=\"ez-toc-js-icon-con\"><span class=\"\"><span class=\"eztoc-hide\" style=\"display:none;\">Umschalten<\/span><span class=\"ez-toc-icon-toggle-span\"><svg style=\"fill: #999;color:#999\" xmlns=\"http:\/\/www.w3.org\/2000\/svg\" class=\"list-377408\" width=\"20px\" height=\"20px\" viewbox=\"0 0 24 24\" fill=\"none\"><path d=\"M6 6H4v2h2V6zm14 0H8v2h12V6zM4 11h2v2H4v-2zm16 0H8v2h12v-2zM4 16h2v2H4v-2zm16 0H8v2h12v-2z\" fill=\"currentColor\"><\/path><\/svg><svg style=\"fill: #999;color:#999\" class=\"arrow-unsorted-368013\" xmlns=\"http:\/\/www.w3.org\/2000\/svg\" width=\"10px\" height=\"10px\" viewbox=\"0 0 24 24\" version=\"1.2\" baseprofile=\"tiny\"><path d=\"M18.2 9.3l-6.2-6.3-6.2 6.3c-.2.2-.3.4-.3.7s.1.5.3.7c.2.2.4.3.7.3h11c.3 0 .5-.1.7-.3.2-.2.3-.5.3-.7s-.1-.5-.3-.7zM5.8 14.7l6.2 6.3 6.2-6.3c.2-.2.3-.5.3-.7s-.1-.5-.3-.7c-.2-.2-.4-.3-.7-.3h-11c-.3 0-.5.1-.7.3-.2.2-.3.5-.3.7s.1.5.3.7z\"\/><\/svg><\/span><\/span><\/span><\/a><\/span><\/div>\n<nav><ul class='ez-toc-list ez-toc-list-level-1' ><li class='ez-toc-page-1 ez-toc-heading-level-2'><a class=\"ez-toc-link ez-toc-heading-1\" href=\"https:\/\/www.artminium.com\/de\/modelle-und-preise-fur-faltbare-glasbalkone\/#Katlanir_Cam_Balkon_Kullanim_Amaclari\" >Verwendungszweck des faltbaren Glasbalkons<\/a><\/li><li class='ez-toc-page-1 ez-toc-heading-level-2'><a class=\"ez-toc-link ez-toc-heading-2\" href=\"https:\/\/www.artminium.com\/de\/modelle-und-preise-fur-faltbare-glasbalkone\/#Katlanir_Cam_Balkon_Avantajlari_Neler\" >Was sind die Vorteile von faltbaren Glasbalkonen?<\/a><ul class='ez-toc-list-level-3' ><li class='ez-toc-heading-level-3'><a class=\"ez-toc-link ez-toc-heading-3\" href=\"https:\/\/www.artminium.com\/de\/modelle-und-preise-fur-faltbare-glasbalkone\/#Maksimum_Esneklik\" >Maximale Flexibilit\u00e4t<\/a><\/li><li class='ez-toc-page-1 ez-toc-heading-level-3'><a class=\"ez-toc-link ez-toc-heading-4\" href=\"https:\/\/www.artminium.com\/de\/modelle-und-preise-fur-faltbare-glasbalkone\/#Manzara_ve_Dogal_Isik\" >Landschaft und nat\u00fcrliches Licht<\/a><\/li><\/ul><\/li><li class='ez-toc-page-1 ez-toc-heading-level-2'><a class=\"ez-toc-link ez-toc-heading-5\" href=\"https:\/\/www.artminium.com\/de\/modelle-und-preise-fur-faltbare-glasbalkone\/#Katlanir_Cam_Balkon_Fiyatlari_Ne_Kadar\" >Wie hoch sind die Preise f\u00fcr faltbare Glasbalkone?<\/a><\/li><\/ul><\/nav><\/div>\n<h2 class=\"wp-block-heading\"><span class=\"ez-toc-section\" id=\"Katlanir_Cam_Balkon_Kullanim_Amaclari\"><\/span>Verwendungszweck des faltbaren Glasbalkons<span class=\"ez-toc-section-end\"><\/span><\/h2>\n\n\n\n<p class=\"wp-block-paragraph\"><strong>Faltbare Balkonsysteme aus Glas<\/strong> Es bietet sowohl im Sommer als auch im Winter eine einfache Handhabung. Diese Systeme haben eine Reihe von Vorteilen. Erstens lassen sich solche Glasbalkone leicht \u00f6ffnen und schlie\u00dfen, sie sind pflegeleicht und praktisch in der Reinigung. Dar\u00fcber hinaus schaffen diese Systeme durch die Bereitstellung von Privatsph\u00e4re ein Gleichgewicht zwischen Innen- und Au\u00dfenbereichen.<\/p>\n\n\n\n<p class=\"wp-block-paragraph\"><strong>Klappbare Glasbalkone<\/strong> Da es mit isolierten oder nicht isolierten Optionen angeboten werden kann, bietet es eine Option, die den Bed\u00fcrfnissen der Benutzer entspricht. Diese Systeme k\u00f6nnen auch in Farben bevorzugt werden, die zur Au\u00dfen\u00e4sthetik passen und das Erscheinungsbild des Geb\u00e4udes erg\u00e4nzen. Diese Glasbalkonsysteme sind f\u00fcr viele Zwecke einsetzbar. Unter diesen,<\/p>\n\n\n\n<ul class=\"wp-block-list\">\n<li>Zus\u00e4tzlicher Platzgewinn<\/li>\n\n\n\n<li>Einen Wintergarten anlegen<\/li>\n\n\n\n<li>Privatsph\u00e4re<\/li>\n\n\n\n<li>Schallschutz<\/li>\n\n\n\n<li>Abdichtung<\/li>\n\n\n\n<li>Luftisolierung<\/li>\n\n\n\n<li>Energie sparen<\/li>\n\n\n\n<li>Es bietet \u00c4sthetik und Sicherheit.<\/li>\n<\/ul>\n\n\n\n<p class=\"wp-block-paragraph\">Wenn der Innenraum vollst\u00e4ndig vor Blicken gesch\u00fctzt werden soll, k\u00f6nnen Jalousien oder Rollos verwendet werden. <strong>Faltbare Balkonsysteme aus Glas<\/strong> Es kann individuell an die Gr\u00f6\u00dfe des Balkons angepasst werden und wird aus Sicherheits- und Sauberkeitsgr\u00fcnden in Unternehmen bevorzugt.<\/p>\n\n\n\n<h2 class=\"wp-block-heading\"><span class=\"ez-toc-section\" id=\"Katlanir_Cam_Balkon_Avantajlari_Neler\"><\/span>Was sind die Vorteile von faltbaren Glasbalkonen?<span class=\"ez-toc-section-end\"><\/span><\/h2>\n\n\n\n<p class=\"wp-block-paragraph\"><strong>Vorteile von faltbaren Glasbalkonen <\/strong>Es ist hinsichtlich seiner Funktionalit\u00e4t und \u00c4sthetik eine sehr attraktive Option. Diese Verschlusssysteme sch\u00fctzen Innenr\u00e4ume vor \u00e4u\u00dferen Einfl\u00fcssen und sorgen durch eine wirtschaftliche W\u00e4rmed\u00e4mmung f\u00fcr Energieeinsparungen.<\/p>\n\n\n\n<p class=\"wp-block-paragraph\">Glasbalkonsysteme sch\u00fctzen Ihre Balkone und Terrassen vor \u00e4u\u00dferen Einfl\u00fcssen. Dadurch werden negative Auswirkungen durch klimatische Bedingungen wie Schnee, Regen und Staub verhindert. Au\u00dferdem sorgt es f\u00fcr ein ruhigeres Raumklima, indem es Umweltfaktoren wie L\u00e4rm und Ger\u00e4usche reduziert. <strong>Klappbare Glasbalkone<\/strong> Auch im Hinblick auf die Sicherheit spielt es eine wichtige Rolle. Es macht Ihr Zuhause mit Schlie\u00dfsystemen sicherer und verhindert den Zutritt von Dieben.<\/p>\n\n\n\n<h3 class=\"wp-block-heading\"><span class=\"ez-toc-section\" id=\"Maksimum_Esneklik\"><\/span>Maximale Flexibilit\u00e4t<span class=\"ez-toc-section-end\"><\/span><\/h3>\n\n\n\n<p class=\"wp-block-paragraph\"><strong>Faltbalkone aus Glas<\/strong> Es bietet einen \u00e4u\u00dferst flexiblen Einsatz. W\u00e4hrend es m\u00f6glich ist, Ihren Balkon bei sch\u00f6nem Wetter vollst\u00e4ndig ge\u00f6ffnet zu lassen, ist es auch m\u00f6glich, ihn schnell zu schlie\u00dfen, wenn sich die Wetterbedingungen \u00e4ndern. Dank dieses Systems k\u00f6nnen Sie Ihren Balkon zu jeder Jahreszeit und bei jedem Wetter nutzen.<\/p>\n\n\n\n<h3 class=\"wp-block-heading\"><span class=\"ez-toc-section\" id=\"Manzara_ve_Dogal_Isik\"><\/span>Landschaft und nat\u00fcrliches Licht<span class=\"ez-toc-section-end\"><\/span><\/h3>\n\n\n\n<p class=\"wp-block-paragraph\">Glasbalkone sind die perfekte M\u00f6glichkeit, eine herrliche Aussicht und nat\u00fcrliches Licht in den Innenbereich zu bringen. Transparente Glasscheiben bringen die Sch\u00f6nheit und das Tageslicht der Au\u00dfenwelt nach innen und verwandeln Ihr Zuhause in einen hellen und ger\u00e4umigen Wohnraum. Diese Funktion macht Ihren Innenraum ger\u00e4umiger, lebendiger und vernetzter; Au\u00dferdem f\u00fchlt man sich drau\u00dfen wie ein Teil der Natur.<\/p>\n\n\n\n<h2 class=\"wp-block-heading\"><span class=\"ez-toc-section\" id=\"Katlanir_Cam_Balkon_Fiyatlari_Ne_Kadar\"><\/span>Wie hoch sind die Preise f\u00fcr faltbare Glasbalkone?<span class=\"ez-toc-section-end\"><\/span><\/h2>\n\n\n\n<p class=\"wp-block-paragraph\"><strong>Preise f\u00fcr faltbare Glasbalkone <\/strong>Sie wird projektspezifisch festgelegt und ist kein Standard. Die Abmessungen Ihres faltbaren Glasbalkons sind ein wichtiger Faktor f\u00fcr den Preis. Wenn eine gr\u00f6\u00dfere Fl\u00e4che abgedeckt wird, steigen der Materialaufwand und die Arbeitskosten. Dadurch wird nat\u00fcrlich auch der Preis beeinflusst.<\/p>\n\n\n\n<p class=\"wp-block-paragraph\">Dar\u00fcber hinaus gibt es auch unterschiedliche Faktoren. Beispielsweise beeinflussen Qualit\u00e4t, Dicke und Eigenschaften des verwendeten Glases den Preis. Unser Unternehmen unterbreitet jedoch weiterhin vern\u00fcnftige Angebote, wobei die Kundenzufriedenheit stets im Vordergrund steht.<\/p>","protected":false},"excerpt":{"rendered":"<p>Faltbare Glasbalkone sind Fenstersysteme, die sich zusammenfalten und \u00f6ffnen lassen und so Balkone in Wohnr\u00e4umen und B\u00fcros mit Glas verkleiden. Dieses System bietet Nutzern mehr Komfort bei der Balkonnutzung. Faltbare Glasbalkone bieten ihren Nutzern viele Vorteile. Insbesondere sind sie im Vergleich zu anderen Glasbalkonfenstersystemen leichter zu reinigen. Dar\u00fcber hinaus erm\u00f6glichen faltbare Glasbalkone die Umwandlung des Balkons in einen Wintergarten.<\/p>","protected":false},"author":4,"featured_media":2355,"comment_status":"open","ping_status":"open","sticky":false,"template":"","format":"standard","meta":{"site-sidebar-layout":"default","site-content-layout":"","ast-site-content-layout":"default","site-content-style":"default","site-sidebar-style":"default","ast-global-header-display":"","ast-banner-title-visibility":"","ast-main-header-display":"","ast-hfb-above-header-display":"","ast-hfb-below-header-display":"","ast-hfb-mobile-header-display":"","site-post-title":"","ast-breadcrumbs-content":"","ast-featured-img":"","footer-sml-layout":"","theme-transparent-header-meta":"","adv-header-id-meta":"","stick-header-meta":"","header-above-stick-meta":"","header-main-stick-meta":"","header-below-stick-meta":"","astra-migrate-meta-layouts":"default","ast-page-background-enabled":"default","ast-page-background-meta":{"desktop":{"background-color":"","background-image":"","background-repeat":"repeat","background-position":"center center","background-size":"auto","background-attachment":"scroll","background-type":"","background-media":"","overlay-type":"","overlay-color":"","overlay-opacity":"","overlay-gradient":""},"tablet":{"background-color":"","background-image":"","background-repeat":"repeat","background-position":"center center","background-size":"auto","background-attachment":"scroll","background-type":"","background-media":"","overlay-type":"","overlay-color":"","overlay-opacity":"","overlay-gradient":""},"mobile":{"background-color":"","background-image":"","background-repeat":"repeat","background-position":"center center","background-size":"auto","background-attachment":"scroll","background-type":"","background-media":"","overlay-type":"","overlay-color":"","overlay-opacity":"","overlay-gradient":""}},"ast-content-background-meta":{"desktop":{"background-color":"var(--ast-global-color-5)","background-image":"","background-repeat":"repeat","background-position":"center center","background-size":"auto","background-attachment":"scroll","background-type":"","background-media":"","overlay-type":"","overlay-color":"","overlay-opacity":"","overlay-gradient":""},"tablet":{"background-color":"var(--ast-global-color-5)","background-image":"","background-repeat":"repeat","background-position":"center center","background-size":"auto","background-attachment":"scroll","background-type":"","background-media":"","overlay-type":"","overlay-color":"","overlay-opacity":"","overlay-gradient":""},"mobile":{"background-color":"var(--ast-global-color-5)","background-image":"","background-repeat":"repeat","background-position":"center center","background-size":"auto","background-attachment":"scroll","background-type":"","background-media":"","overlay-type":"","overlay-color":"","overlay-opacity":"","overlay-gradient":""}},"footnotes":""},"categories":[1],"tags":[],"class_list":["post-2354","post","type-post","status-publish","format-standard","has-post-thumbnail","hentry","category-hareketli-sabit-aluminyum-sistemler"],"_links":{"self":[{"href":"https:\/\/www.artminium.com\/de\/wp-json\/wp\/v2\/posts\/2354","targetHints":{"allow":["GET"]}}],"collection":[{"href":"https:\/\/www.artminium.com\/de\/wp-json\/wp\/v2\/posts"}],"about":[{"href":"https:\/\/www.artminium.com\/de\/wp-json\/wp\/v2\/types\/post"}],"author":[{"embeddable":true,"href":"https:\/\/www.artminium.com\/de\/wp-json\/wp\/v2\/users\/4"}],"replies":[{"embeddable":true,"href":"https:\/\/www.artminium.com\/de\/wp-json\/wp\/v2\/comments?post=2354"}],"version-history":[{"count":0,"href":"https:\/\/www.artminium.com\/de\/wp-json\/wp\/v2\/posts\/2354\/revisions"}],"wp:featuredmedia":[{"embeddable":true,"href":"https:\/\/www.artminium.com\/de\/wp-json\/wp\/v2\/media\/2355"}],"wp:attachment":[{"href":"https:\/\/www.artminium.com\/de\/wp-json\/wp\/v2\/media?parent=2354"}],"wp:term":[{"taxonomy":"category","embeddable":true,"href":"https:\/\/www.artminium.com\/de\/wp-json\/wp\/v2\/categories?post=2354"},{"taxonomy":"post_tag","embeddable":true,"href":"https:\/\/www.artminium.com\/de\/wp-json\/wp\/v2\/tags?post=2354"}],"curies":[{"name":"wp","href":"https:\/\/api.w.org\/{rel}","templated":true}]}}