{"id":2270,"date":"2023-10-19T23:08:54","date_gmt":"2023-10-19T20:08:54","guid":{"rendered":"https:\/\/www.artminium.com\/?p=2270"},"modified":"2024-11-07T23:58:33","modified_gmt":"2024-11-07T20:58:33","slug":"modelle-und-preise-fur-balkonschiebeturen","status":"publish","type":"post","link":"https:\/\/www.artminium.com\/de\/modelle-und-preise-fur-balkonschiebeturen\/","title":{"rendered":"Modelle und Preise f\u00fcr Balkonschiebet\u00fcren"},"content":{"rendered":"<p class=\"wp-block-paragraph\"><strong>Modelle und Preise f\u00fcr Balkonschiebet\u00fcren <\/strong>Dies ist eine der h\u00e4ufig gestellten Fragen von Menschen, die diese Systeme nutzen m\u00f6chten. Diese L\u00f6sungen werden speziell f\u00fcr Wohnr\u00e4ume entwickelt und die Preise variieren je nach Faktoren wie Balkongr\u00f6\u00dfe, Kundenwunsch und T\u00fcrabmessungen.<\/p>\n\n\n\n<p class=\"wp-block-paragraph\">Insofern sind die Preise nicht standardisiert und variieren je nach Wohnfl\u00e4che. Wenn Sie jedoch die L\u00f6sungen, die Sie suchen, zu den g\u00fcnstigsten Preisen finden m\u00f6chten, bietet Ihnen unsere Marke die Optionen, die Sie suchen.<\/p>\n\n\n\n<div id=\"ez-toc-container\" class=\"ez-toc-v2_0_85 counter-hierarchy ez-toc-counter ez-toc-grey ez-toc-container-direction\">\n<div class=\"ez-toc-title-container\">\n<p class=\"ez-toc-title\" style=\"cursor:inherit\">Inhalt<\/p>\n<span class=\"ez-toc-title-toggle\"><a href=\"#\" class=\"ez-toc-pull-right ez-toc-btn ez-toc-btn-xs ez-toc-btn-default ez-toc-toggle\" aria-label=\"Inhaltsverzeichnis umschalten\"><span class=\"ez-toc-js-icon-con\"><span class=\"\"><span class=\"eztoc-hide\" style=\"display:none;\">Umschalten<\/span><span class=\"ez-toc-icon-toggle-span\"><svg style=\"fill: #999;color:#999\" xmlns=\"http:\/\/www.w3.org\/2000\/svg\" class=\"list-377408\" width=\"20px\" height=\"20px\" viewbox=\"0 0 24 24\" fill=\"none\"><path d=\"M6 6H4v2h2V6zm14 0H8v2h12V6zM4 11h2v2H4v-2zm16 0H8v2h12v-2zM4 16h2v2H4v-2zm16 0H8v2h12v-2z\" fill=\"currentColor\"><\/path><\/svg><svg style=\"fill: #999;color:#999\" class=\"arrow-unsorted-368013\" xmlns=\"http:\/\/www.w3.org\/2000\/svg\" width=\"10px\" height=\"10px\" viewbox=\"0 0 24 24\" version=\"1.2\" baseprofile=\"tiny\"><path d=\"M18.2 9.3l-6.2-6.3-6.2 6.3c-.2.2-.3.4-.3.7s.1.5.3.7c.2.2.4.3.7.3h11c.3 0 .5-.1.7-.3.2-.2.3-.5.3-.7s-.1-.5-.3-.7zM5.8 14.7l6.2 6.3 6.2-6.3c.2-.2.3-.5.3-.7s-.1-.5-.3-.7c-.2-.2-.4-.3-.7-.3h-11c-.3 0-.5.1-.7.3-.2.2-.3.5-.3.7s.1.5.3.7z\"\/><\/svg><\/span><\/span><\/span><\/a><\/span><\/div>\n<nav><ul class='ez-toc-list ez-toc-list-level-1' ><li class='ez-toc-page-1 ez-toc-heading-level-2'><a class=\"ez-toc-link ez-toc-heading-1\" href=\"https:\/\/www.artminium.com\/de\/modelle-und-preise-fur-balkonschiebeturen\/#Suergue_Kapi_Mekanizmalari\" >Schiebet\u00fcrmechanismen<\/a><\/li><li class='ez-toc-page-1 ez-toc-heading-level-2'><a class=\"ez-toc-link ez-toc-heading-2\" href=\"https:\/\/www.artminium.com\/de\/modelle-und-preise-fur-balkonschiebeturen\/#Suerguelue_Kapi_Mekanizmasi_Ne_Ise_Yarar\" >Wozu dient der Schiebet\u00fcrmechanismus?<\/a><\/li><li class='ez-toc-page-1 ez-toc-heading-level-2'><a class=\"ez-toc-link ez-toc-heading-3\" href=\"https:\/\/www.artminium.com\/de\/modelle-und-preise-fur-balkonschiebeturen\/#Suerguelue_Kapi_Mekanizmasi_Nasil_Ayarlanir\" >Wie stellt man den Schiebet\u00fcrmechanismus ein?<\/a><\/li><li class='ez-toc-page-1 ez-toc-heading-level-2'><a class=\"ez-toc-link ez-toc-heading-4\" href=\"https:\/\/www.artminium.com\/de\/modelle-und-preise-fur-balkonschiebeturen\/#Suerguelue_Balkon_Kapilarinin_Avantajlari\" >Vorteile von Balkonschiebet\u00fcren<\/a><\/li><\/ul><\/nav><\/div>\n<h2 class=\"wp-block-heading\"><span class=\"ez-toc-section\" id=\"Suergue_Kapi_Mekanizmalari\"><\/span>Schiebet\u00fcrmechanismen<span class=\"ez-toc-section-end\"><\/span><\/h2>\n\n\n\n<p class=\"wp-block-paragraph\"><strong>Modelle mit Schiebet\u00fcren f\u00fcr den Balkon <\/strong>Es handelt sich um eine Methode, um in R\u00e4umen eine andere Atmosph\u00e4re zu schaffen, den Raum effizient zu nutzen oder dekorative Elemente hinzuzuf\u00fcgen. Im Gegensatz zu herk\u00f6mmlichen T\u00fcrsystemen kann die Verwendung von Schiebet\u00fcrmaterialien eine praktische L\u00f6sung f\u00fcr T\u00fcr\u00f6ffnungsprobleme in engen R\u00e4umen bieten. Dar\u00fcber hinaus ist der Einsatzbereich dieses Mechanismus recht gro\u00df; In dieser Hinsicht erkennt es mehr Vielfalt an, als \u00fcblicherweise erwartet wird.<\/p>\n\n\n\n<p class=\"wp-block-paragraph\">Der Schiebet\u00fcrmechanismus ist ein System, das es erm\u00f6glicht, eine T\u00fcr durch Schieben zu \u00f6ffnen, anstatt sie traditionell nach vorne oder hinten zu \u00f6ffnen. Dank der Schienen bzw. Gleitbahnen der T\u00fcr gen\u00fcgt es, die T\u00fcr einfach nach rechts oder links zu schieben. Dieses System bietet die M\u00f6glichkeit, die \u00d6ffnungsrichtung und den Stil der T\u00fcr zu \u00e4ndern.<\/p>\n\n\n\n<h2 class=\"wp-block-heading\"><span class=\"ez-toc-section\" id=\"Suerguelue_Kapi_Mekanizmasi_Ne_Ise_Yarar\"><\/span>Wozu dient der Schiebet\u00fcrmechanismus?<span class=\"ez-toc-section-end\"><\/span><\/h2>\n\n\n\n<p class=\"wp-block-paragraph\">Der Platz kann aufgrund der Platzierung der M\u00f6bel und der architektonischen Gestaltung begrenzt sein. Dieser begrenzte Platz kann das \u00d6ffnen und Schlie\u00dfen von T\u00fcren erschweren und zus\u00e4tzlichen Platz erfordern. Jedoch, <strong>Modelle mit Schiebet\u00fcren f\u00fcr den Balkon <\/strong>Es bietet eine effektive L\u00f6sung, um solche begrenzten R\u00e4ume zu \u00fcberwinden und gleichzeitig eine gro\u00dfz\u00fcgigere Umgebung zu schaffen.<\/p>\n\n\n\n<p class=\"wp-block-paragraph\">Der Hauptzweck des Schiebet\u00fcrmechanismus besteht darin, durch Platzeinsparung einen offeneren und n\u00fctzlicheren Raum zu schaffen. Dieser Mechanismus zeichnet sich jedoch nicht nur durch seine Funktionalit\u00e4t aus, sondern auch durch sein dekoratives Potenzial. Besonders Menschen, die eine moderne und originelle Atmosph\u00e4re schaffen m\u00f6chten, k\u00f6nnen Schiebet\u00fcrsysteme aus Spanplatten mit unterschiedlichen T\u00fcrgriffen und Dekorationen gestalten.<\/p>\n\n\n\n<figure class=\"wp-block-image size-large\"><img fetchpriority=\"high\" decoding=\"async\" width=\"1024\" height=\"576\" src=\"https:\/\/www.artminium.com\/wp-content\/uploads\/2023\/10\/Simple-Photocentric-Music-Mix-YouTube-Thumbnail-14-1024x576.png\" alt=\"Modelle und Preise f\u00fcr Balkonschiebet\u00fcren\" class=\"wp-image-2271\" srcset=\"https:\/\/www.artminium.com\/wp-content\/uploads\/2023\/10\/Simple-Photocentric-Music-Mix-YouTube-Thumbnail-14-1024x576.png 1024w, https:\/\/www.artminium.com\/wp-content\/uploads\/2023\/10\/Simple-Photocentric-Music-Mix-YouTube-Thumbnail-14-300x169.png 300w, https:\/\/www.artminium.com\/wp-content\/uploads\/2023\/10\/Simple-Photocentric-Music-Mix-YouTube-Thumbnail-14-768x432.png 768w, https:\/\/www.artminium.com\/wp-content\/uploads\/2023\/10\/Simple-Photocentric-Music-Mix-YouTube-Thumbnail-14.png 1280w\" sizes=\"(max-width: 1024px) 100vw, 1024px\" \/><figcaption class=\"wp-element-caption\">Modelle und Preise f\u00fcr Balkonschiebet\u00fcren<\/figcaption><\/figure>\n\n\n\n<h2 class=\"wp-block-heading\"><span class=\"ez-toc-section\" id=\"Suerguelue_Kapi_Mekanizmasi_Nasil_Ayarlanir\"><\/span>Wie stellt man den Schiebet\u00fcrmechanismus ein?<span class=\"ez-toc-section-end\"><\/span><\/h2>\n\n\n\n<p class=\"wp-block-paragraph\"><strong>Modelle mit Schiebet\u00fcren f\u00fcr den Balkon <\/strong>Abh\u00e4ngig von den verwendeten Materialien kann von Zeit zu Zeit eine Anpassung erforderlich sein. Allerdings besteht dieser Anpassungsbedarf bei fast allen T\u00fcrsystemen. Anpassungen sollten anhand von Faktoren wie der Gr\u00f6\u00dfe der T\u00fcr, ihrem Gewicht und dem Raum, in dem sie verwendet wird, vorgenommen werden.<\/p>\n\n\n\n<p class=\"wp-block-paragraph\">Um eine reibungslose Bewegung der T\u00fcr zu gew\u00e4hrleisten und den Zugang zu erleichtern, sollte keine unn\u00f6tige H\u00f6he verwendet werden. Daher sollten hier erste Anpassungen vorgenommen werden. Dar\u00fcber hinaus ist auch der Abstand der T\u00fcr zur bestehenden Wand wichtig. Wenn es zu nah an der Wand ist, kann es zu T\u00fcrknallen und Wand- oder Lacksch\u00e4den kommen.<\/p>\n\n\n\n<p class=\"wp-block-paragraph\"><a href=\"https:\/\/www.artminium.com\/de\/\">Artminium <\/a><strong>Modelle mit Schiebet\u00fcren f\u00fcr den Balkon <\/strong>Zu den Anpassungen, die vorgenommen und sorgf\u00e4ltig \u00fcberlegt werden m\u00fcssen, geh\u00f6rt die sichere Befestigung der T\u00fcr und die Einstellung der Schiebegeschwindigkeit. Insbesondere bei Schienensystemen wird die Verringerung des Schienenabstands eine wichtige Funktion f\u00fcr die Geschwindigkeitsregelung haben.<\/p>\n\n\n\n<h2 class=\"wp-block-heading\"><span class=\"ez-toc-section\" id=\"Suerguelue_Balkon_Kapilarinin_Avantajlari\"><\/span>Vorteile von Balkonschiebet\u00fcren<span class=\"ez-toc-section-end\"><\/span><\/h2>\n\n\n\n<p class=\"wp-block-paragraph\"><strong>Modelle mit Schiebet\u00fcren f\u00fcr den Balkon <\/strong>Es handelt sich um ein T\u00fcrsystem, das bevorzugt wird, um ein Gef\u00fchl von mehr Ger\u00e4umigkeit und Platz im Haus zu schaffen. Dank seiner Glasstruktur l\u00e4sst es mehr Licht herein und erhellt die R\u00e4ume. Daher handelt es sich um eine vielseitige L\u00f6sung, die in vielen R\u00e4umen des Hauses eingesetzt werden kann; Im Allgemeinen wird es jedoch f\u00fcr Balkon- und Terrassent\u00fcren bevorzugt. Es ist auch eine ideale Option f\u00fcr den Einsatz im Erdgeschoss von zweist\u00f6ckigen H\u00e4usern mit Garten.<\/p>\n\n\n\n<p class=\"wp-block-paragraph\"><strong>Modelle mit Schiebet\u00fcren f\u00fcr den Balkon <\/strong>Es ist besonders platzsparend, da es beim Benutzen und Verschlie\u00dfen keinen Platz einnimmt. Daher kann es auch in engen R\u00e4umen problemlos eingesetzt werden. Diese T\u00fcren, die beispielsweise in engen Badezimmern Platz sparen, werden h\u00e4ufig auch als Duschkabinent\u00fcren bevorzugt.<\/p>\n\n\n\n<p class=\"wp-block-paragraph\">Du auch <strong>Preise f\u00fcr Balkonschiebet\u00fcren <\/strong>Wenn Sie qualitativ hochwertigen Service zu vorteilhaften Preisen erhalten m\u00f6chten, k\u00f6nnen Sie uns jederzeit kontaktieren.<\/p>","protected":false},"excerpt":{"rendered":"<p>Schiebet\u00fcren f\u00fcr Balkone \u2013 Modelle und Preise \u2013 sind h\u00e4ufige Fragen von Interessenten. Diese L\u00f6sungen werden individuell an die jeweiligen Wohnr\u00e4ume angepasst, und die Preise variieren je nach Faktoren wie Balkongr\u00f6\u00dfe, Kundenw\u00fcnschen und T\u00fcrabmessungen. Daher gibt es keine Standardpreise, sondern sie h\u00e4ngen von den individuellen Gegebenheiten ab. Die am besten geeignete L\u00f6sung [\u2026]<\/p>","protected":false},"author":4,"featured_media":2271,"comment_status":"open","ping_status":"open","sticky":false,"template":"","format":"standard","meta":{"site-sidebar-layout":"default","site-content-layout":"","ast-site-content-layout":"default","site-content-style":"default","site-sidebar-style":"default","ast-global-header-display":"","ast-banner-title-visibility":"","ast-main-header-display":"","ast-hfb-above-header-display":"","ast-hfb-below-header-display":"","ast-hfb-mobile-header-display":"","site-post-title":"","ast-breadcrumbs-content":"","ast-featured-img":"","footer-sml-layout":"","theme-transparent-header-meta":"","adv-header-id-meta":"","stick-header-meta":"","header-above-stick-meta":"","header-main-stick-meta":"","header-below-stick-meta":"","astra-migrate-meta-layouts":"default","ast-page-background-enabled":"default","ast-page-background-meta":{"desktop":{"background-color":"","background-image":"","background-repeat":"repeat","background-position":"center center","background-size":"auto","background-attachment":"scroll","background-type":"","background-media":"","overlay-type":"","overlay-color":"","overlay-opacity":"","overlay-gradient":""},"tablet":{"background-color":"","background-image":"","background-repeat":"repeat","background-position":"center center","background-size":"auto","background-attachment":"scroll","background-type":"","background-media":"","overlay-type":"","overlay-color":"","overlay-opacity":"","overlay-gradient":""},"mobile":{"background-color":"","background-image":"","background-repeat":"repeat","background-position":"center center","background-size":"auto","background-attachment":"scroll","background-type":"","background-media":"","overlay-type":"","overlay-color":"","overlay-opacity":"","overlay-gradient":""}},"ast-content-background-meta":{"desktop":{"background-color":"var(--ast-global-color-5)","background-image":"","background-repeat":"repeat","background-position":"center center","background-size":"auto","background-attachment":"scroll","background-type":"","background-media":"","overlay-type":"","overlay-color":"","overlay-opacity":"","overlay-gradient":""},"tablet":{"background-color":"var(--ast-global-color-5)","background-image":"","background-repeat":"repeat","background-position":"center center","background-size":"auto","background-attachment":"scroll","background-type":"","background-media":"","overlay-type":"","overlay-color":"","overlay-opacity":"","overlay-gradient":""},"mobile":{"background-color":"var(--ast-global-color-5)","background-image":"","background-repeat":"repeat","background-position":"center center","background-size":"auto","background-attachment":"scroll","background-type":"","background-media":"","overlay-type":"","overlay-color":"","overlay-opacity":"","overlay-gradient":""}},"footnotes":""},"categories":[1],"tags":[],"class_list":["post-2270","post","type-post","status-publish","format-standard","has-post-thumbnail","hentry","category-hareketli-sabit-aluminyum-sistemler"],"_links":{"self":[{"href":"https:\/\/www.artminium.com\/de\/wp-json\/wp\/v2\/posts\/2270","targetHints":{"allow":["GET"]}}],"collection":[{"href":"https:\/\/www.artminium.com\/de\/wp-json\/wp\/v2\/posts"}],"about":[{"href":"https:\/\/www.artminium.com\/de\/wp-json\/wp\/v2\/types\/post"}],"author":[{"embeddable":true,"href":"https:\/\/www.artminium.com\/de\/wp-json\/wp\/v2\/users\/4"}],"replies":[{"embeddable":true,"href":"https:\/\/www.artminium.com\/de\/wp-json\/wp\/v2\/comments?post=2270"}],"version-history":[{"count":0,"href":"https:\/\/www.artminium.com\/de\/wp-json\/wp\/v2\/posts\/2270\/revisions"}],"wp:featuredmedia":[{"embeddable":true,"href":"https:\/\/www.artminium.com\/de\/wp-json\/wp\/v2\/media\/2271"}],"wp:attachment":[{"href":"https:\/\/www.artminium.com\/de\/wp-json\/wp\/v2\/media?parent=2270"}],"wp:term":[{"taxonomy":"category","embeddable":true,"href":"https:\/\/www.artminium.com\/de\/wp-json\/wp\/v2\/categories?post=2270"},{"taxonomy":"post_tag","embeddable":true,"href":"https:\/\/www.artminium.com\/de\/wp-json\/wp\/v2\/tags?post=2270"}],"curies":[{"name":"wp","href":"https:\/\/api.w.org\/{rel}","templated":true}]}}