{"id":2231,"date":"2023-10-13T12:00:00","date_gmt":"2023-10-13T09:00:00","guid":{"rendered":"https:\/\/www.artminium.com\/?p=2231"},"modified":"2024-11-07T23:58:26","modified_gmt":"2024-11-07T20:58:26","slug":"preise-fur-balkonabschlusse","status":"publish","type":"post","link":"https:\/\/www.artminium.com\/de\/preise-fur-balkonabschlusse\/","title":{"rendered":"Preise f\u00fcr Balkonschlie\u00dfungen"},"content":{"rendered":"<p class=\"wp-block-paragraph\">Viele Menschen wundern sich \u00fcber die Preise f\u00fcr Balkonabdeckungen. <strong>Balkonschlie\u00dfsysteme <\/strong>Es handelt sich um dekorative und stilvolle Systeme, die es erm\u00f6glichen, den Komfort auf dem Balkon im Sommer wie im Winter ununterbrochen aufrechtzuerhalten. <\/p>\n\n\n\n<p class=\"wp-block-paragraph\">Solche Systeme, die nicht nur einen dekorativen Beitrag zu den Einsatzbereichen leisten, sondern auch den Balkonen ein stilvolles und \u00e4sthetisches Aussehen verleihen, sind in den letzten Jahren zu den beliebtesten Balkondekorationsprodukten geworden. Allgemein <strong>Balkonabschluss aus Glas <\/strong>Obwohl solche Anforderungen steigen, sind auch h\u00e4ufig unterschiedliche Verschlussmodelle gefragt.<\/p>\n\n\n\n<figure class=\"wp-block-image size-large\"><img fetchpriority=\"high\" decoding=\"async\" width=\"1024\" height=\"576\" src=\"https:\/\/www.artminium.com\/wp-content\/uploads\/2023\/10\/Simple-Photocentric-Music-Mix-YouTube-Thumbnail-1-1024x576.png\" alt=\"Preise f\u00fcr Balkonschlie\u00dfungen\" class=\"wp-image-2232\" srcset=\"https:\/\/www.artminium.com\/wp-content\/uploads\/2023\/10\/Simple-Photocentric-Music-Mix-YouTube-Thumbnail-1-1024x576.png 1024w, https:\/\/www.artminium.com\/wp-content\/uploads\/2023\/10\/Simple-Photocentric-Music-Mix-YouTube-Thumbnail-1-300x169.png 300w, https:\/\/www.artminium.com\/wp-content\/uploads\/2023\/10\/Simple-Photocentric-Music-Mix-YouTube-Thumbnail-1-768x432.png 768w, https:\/\/www.artminium.com\/wp-content\/uploads\/2023\/10\/Simple-Photocentric-Music-Mix-YouTube-Thumbnail-1.png 1280w\" sizes=\"(max-width: 1024px) 100vw, 1024px\" \/><figcaption class=\"wp-element-caption\">Preise f\u00fcr Balkonschlie\u00dfungen<\/figcaption><\/figure>\n\n\n\n<p class=\"wp-block-paragraph\">Balkonverschlusssysteme, die vor allem von denjenigen bevorzugt werden, die dem erstickenden und lauten Treiben der St\u00e4dte entfliehen und durch die Schaffung privater R\u00e4ume eine angenehme Zeit verbringen m\u00f6chten, erfreuen sich aufgrund ihrer erschwinglichen Preise ebenfalls gro\u00dfer Beliebtheit. <strong>Preise f\u00fcr Balkonschlie\u00dfungen<\/strong> Bei n\u00e4herer Betrachtung ist es m\u00f6glich, f\u00fcr jedes Budget ein passendes Modell zu finden. Diese Arten von Systemen, die f\u00fcr die Aufrechterhaltung des Au\u00dfenkomforts in Innenr\u00e4umen sehr n\u00fctzlich sind, bestehen je nach Kundenwunsch und -erwartung aus verschiedenen Modellen.<\/p>\n\n\n\n<div id=\"ez-toc-container\" class=\"ez-toc-v2_0_85 counter-hierarchy ez-toc-counter ez-toc-grey ez-toc-container-direction\">\n<div class=\"ez-toc-title-container\">\n<p class=\"ez-toc-title\" style=\"cursor:inherit\">Inhalt<\/p>\n<span class=\"ez-toc-title-toggle\"><a href=\"#\" class=\"ez-toc-pull-right ez-toc-btn ez-toc-btn-xs ez-toc-btn-default ez-toc-toggle\" aria-label=\"Inhaltsverzeichnis umschalten\"><span class=\"ez-toc-js-icon-con\"><span class=\"\"><span class=\"eztoc-hide\" style=\"display:none;\">Umschalten<\/span><span class=\"ez-toc-icon-toggle-span\"><svg style=\"fill: #999;color:#999\" xmlns=\"http:\/\/www.w3.org\/2000\/svg\" class=\"list-377408\" width=\"20px\" height=\"20px\" viewbox=\"0 0 24 24\" fill=\"none\"><path d=\"M6 6H4v2h2V6zm14 0H8v2h12V6zM4 11h2v2H4v-2zm16 0H8v2h12v-2zM4 16h2v2H4v-2zm16 0H8v2h12v-2z\" fill=\"currentColor\"><\/path><\/svg><svg style=\"fill: #999;color:#999\" class=\"arrow-unsorted-368013\" xmlns=\"http:\/\/www.w3.org\/2000\/svg\" width=\"10px\" height=\"10px\" viewbox=\"0 0 24 24\" version=\"1.2\" baseprofile=\"tiny\"><path d=\"M18.2 9.3l-6.2-6.3-6.2 6.3c-.2.2-.3.4-.3.7s.1.5.3.7c.2.2.4.3.7.3h11c.3 0 .5-.1.7-.3.2-.2.3-.5.3-.7s-.1-.5-.3-.7zM5.8 14.7l6.2 6.3 6.2-6.3c.2-.2.3-.5.3-.7s-.1-.5-.3-.7c-.2-.2-.4-.3-.7-.3h-11c-.3 0-.5.1-.7.3-.2.2-.3.5-.3.7s.1.5.3.7z\"\/><\/svg><\/span><\/span><\/span><\/a><\/span><\/div>\n<nav><ul class='ez-toc-list ez-toc-list-level-1' ><li class='ez-toc-page-1 ez-toc-heading-level-2'><a class=\"ez-toc-link ez-toc-heading-1\" href=\"https:\/\/www.artminium.com\/de\/preise-fur-balkonabschlusse\/#Balkon_Kapatma_Fiyatlari_Neye_Goere_Belirlenir\" >Wie werden die Preise f\u00fcr Balkonschlie\u00dfungen ermittelt?<\/a><\/li><li class='ez-toc-page-1 ez-toc-heading-level-2'><a class=\"ez-toc-link ez-toc-heading-2\" href=\"https:\/\/www.artminium.com\/de\/preise-fur-balkonabschlusse\/#Balkon_Kapatma_Modelleri\" >Balkonverschlussmodelle<\/a><\/li><li class='ez-toc-page-1 ez-toc-heading-level-2'><a class=\"ez-toc-link ez-toc-heading-3\" href=\"https:\/\/www.artminium.com\/de\/preise-fur-balkonabschlusse\/#Cam_Balkon_Kapatma_Fiyatlari\" >Abschlusspreise f\u00fcr Glasbalkone<\/a><\/li><\/ul><\/nav><\/div>\n<h2 class=\"wp-block-heading\"><span class=\"ez-toc-section\" id=\"Balkon_Kapatma_Fiyatlari_Neye_Goere_Belirlenir\"><\/span>Wie werden die Preise f\u00fcr Balkonschlie\u00dfungen ermittelt?<span class=\"ez-toc-section-end\"><\/span><\/h2>\n\n\n\n<p class=\"wp-block-paragraph\"><a href=\"https:\/\/www.artminium.com\/de\/balkonschliessysteme\/\">Balkonabschluss <\/a>Diese Systeme verleihen Wohnr\u00e4umen nicht nur ein modernes Erscheinungsbild, sondern werden auch wegen der dekorativen Optik, die sie dem Einsatzbereich verleihen, bevorzugt. So sehr, dass es sich um ein Produkt handelt, das sich sogar positiv auf den Verkaufswert von Immobilien wie Restaurants, Caf\u00e9s, H\u00e4usern, B\u00fcros und Villen auswirkt. <strong>Glasbalkon schlie\u00dft m2-Preise ab <\/strong>Sie variiert je nach Gr\u00f6\u00dfe der zu verschlie\u00dfenden Fl\u00e4che und der Qualit\u00e4t des zu verwendenden Materials. Ein weiterer Faktor, der die Abschlusspreise f\u00fcr Balkone beeinflusst, ist das bevorzugte Abschlussmodell.<\/p>\n\n\n\n<h2 class=\"wp-block-heading\"><span class=\"ez-toc-section\" id=\"Balkon_Kapatma_Modelleri\"><\/span>Balkonverschlussmodelle<span class=\"ez-toc-section-end\"><\/span><\/h2>\n\n\n\n<p class=\"wp-block-paragraph\">Es wird bevorzugt zum Schutz vor der sengenden Hitze der Sommermonate, der eisigen K\u00e4lte der Wintermonate und regnerischen Wetterbedingungen eingesetzt. <strong>Balkonverschlussmodelle<\/strong>Es zeichnet sich durch praktischen Nutzen und \u00e4sthetisches Erscheinungsbild aus. Abgesehen davon, dass jedes Modell seine eigenen Funktionen hat, unterscheiden sie sich auch im Preis. <strong>Modelle mit Balkonabschl\u00fcssen aus Glas<\/strong> die meisten unter<\/p>\n\n\n\n<ul class=\"wp-block-list\">\n<li>Oben h\u00e4ngendes Park- und Butterfly-Faltglassystem<\/li>\n\n\n\n<li>Faltglassystem<\/li>\n\n\n\n<li>Doppelverglasung und Jalousie-Faltglassystem werden bevorzugt.<\/li>\n<\/ul>\n\n\n\n<p class=\"wp-block-paragraph\">Es hat eine lebenslange Nutzungsdauer, wenn es von Fachbetrieben unter Verwendung hochwertiger Materialien installiert wird. <strong>Balkonschlie\u00dfsysteme<\/strong>sind die perfektesten Produkte zur Schaffung besonderer R\u00e4ume.<\/p>\n\n\n\n<p class=\"wp-block-paragraph\">Obwohl bei der Anwendung Pimapen oder andere Materialien verwendet werden, aufgrund seines Beitrags zum Aussehen und zur \u00c4sthetik, <strong>Arten von Balkonverschl\u00fcssen aus Glas<\/strong> stechen als die beliebtesten Produkte hervor.<\/p>\n\n\n\n<h2 class=\"wp-block-heading\"><span class=\"ez-toc-section\" id=\"Cam_Balkon_Kapatma_Fiyatlari\"><\/span>Abschlusspreise f\u00fcr Glasbalkone<span class=\"ez-toc-section-end\"><\/span><\/h2>\n\n\n\n<p class=\"wp-block-paragraph\"><a href=\"https:\/\/www.artminium.com\/de\/\">Artminium <\/a><strong>Schlusspreise f\u00fcr Glasbalkone<\/strong> Sie kann je nach bevorzugtem Modell und Sonderw\u00fcnschen variieren. Modelle, die zus\u00e4tzlich Schlie\u00dfsysteme nutzen, um Eingriffe von au\u00dfen zu verhindern oder dem Nutzer das \u00d6ffnen und Schlie\u00dfen zu erm\u00f6glichen, wann immer er m\u00f6chte. <strong>verschiebbarer Glasbalkon m2 Preise<\/strong> Zwischen ihnen kann es, wenn auch geringe, Preisunterschiede geben. Glasbalkon-Schlie\u00dfsysteme, die meist in den unterschiedlichsten Bereichen wie Kantinen, Restaurants, Wohnungsbalkonen, Villen, Industriegebieten und B\u00fcros eingesetzt werden, haben unterschiedliche Funktionen.<\/p>\n\n\n\n<p class=\"wp-block-paragraph\">Speziell angefertigte Systeme, die entsprechend dem Bedarf und der architektonischen Struktur der Bereiche, in denen sie eingesetzt werden sollen, entworfen wurden, k\u00f6nnen links und rechts sowie oben und unten montiert werden. Eine der wichtigsten Eigenschaften einer Glasbalkonabdeckung besteht darin, dass sie das Erscheinungsbild der Bereiche, in denen sie installiert wird, v\u00f6llig ver\u00e4ndert und ihnen ein moderneres und \u00e4sthetischeres Aussehen verleiht. Preise f\u00fcr Balkonschlie\u00dfungen\u2026.<\/p>\n\n\n\n<p class=\"wp-block-paragraph\">Ein weiteres Merkmal von Balkonschlie\u00dfsystemen aus Glas ist, dass sie dem Benutzer einen Panoramablick bieten. Der Glasverschluss, die bevorzugte Option derjenigen, die das nat\u00fcrliche Aussehen genie\u00dfen m\u00f6chten, wird auch deshalb bevorzugt, weil er viele Jahre lang ohne Verformung verwendet werden kann. Wenn Sie Ihren Wohnr\u00e4umen ein moderneres und \u00e4sthetischeres Aussehen verleihen m\u00f6chten, sollten Sie sich nicht ohne einen Besuch bei Artminium entscheiden, das f\u00fcr Qualit\u00e4t und Vertrauen in der Branche steht. Bei Ihrem kurzen Besuch erfahren Sie alle Einzelheiten zu den von Ihnen ben\u00f6tigten Balkon\u00fcberdachungsmodellen, k\u00f6nnen Vergleiche anstellen und erhalten mit einem Online-Preisangebot den herrlichen Balkon Ihrer Tr\u00e4ume zu den g\u00fcnstigsten Preisen und Zahlungsbedingungen.<\/p>","protected":false},"excerpt":{"rendered":"<p>Die Preise f\u00fcr Balkon\u00fcberdachungen sind f\u00fcr viele interessant. Balkon\u00fcberdachungen sind dekorative und stilvolle Systeme, die sowohl im Sommer als auch im Winter f\u00fcr ungest\u00f6rten Balkonkomfort sorgen. Diese Systeme, die nicht nur den Raum, in dem sie eingesetzt werden, dekorativ aufwerten, sondern auch Balkonen ein stilvolles und \u00e4sthetisches Aussehen verleihen, haben sich in den letzten Jahren zu einem der beliebtesten Balkondekorationsprodukte entwickelt. Sie werden h\u00e4ufig in Form von Balkon\u00fcberdachungen aus Glas eingesetzt [\u2026]<\/p>","protected":false},"author":4,"featured_media":2232,"comment_status":"open","ping_status":"open","sticky":false,"template":"","format":"standard","meta":{"site-sidebar-layout":"default","site-content-layout":"","ast-site-content-layout":"default","site-content-style":"default","site-sidebar-style":"default","ast-global-header-display":"","ast-banner-title-visibility":"","ast-main-header-display":"","ast-hfb-above-header-display":"","ast-hfb-below-header-display":"","ast-hfb-mobile-header-display":"","site-post-title":"","ast-breadcrumbs-content":"","ast-featured-img":"","footer-sml-layout":"","theme-transparent-header-meta":"","adv-header-id-meta":"","stick-header-meta":"","header-above-stick-meta":"","header-main-stick-meta":"","header-below-stick-meta":"","astra-migrate-meta-layouts":"default","ast-page-background-enabled":"default","ast-page-background-meta":{"desktop":{"background-color":"","background-image":"","background-repeat":"repeat","background-position":"center center","background-size":"auto","background-attachment":"scroll","background-type":"","background-media":"","overlay-type":"","overlay-color":"","overlay-opacity":"","overlay-gradient":""},"tablet":{"background-color":"","background-image":"","background-repeat":"repeat","background-position":"center center","background-size":"auto","background-attachment":"scroll","background-type":"","background-media":"","overlay-type":"","overlay-color":"","overlay-opacity":"","overlay-gradient":""},"mobile":{"background-color":"","background-image":"","background-repeat":"repeat","background-position":"center center","background-size":"auto","background-attachment":"scroll","background-type":"","background-media":"","overlay-type":"","overlay-color":"","overlay-opacity":"","overlay-gradient":""}},"ast-content-background-meta":{"desktop":{"background-color":"var(--ast-global-color-5)","background-image":"","background-repeat":"repeat","background-position":"center center","background-size":"auto","background-attachment":"scroll","background-type":"","background-media":"","overlay-type":"","overlay-color":"","overlay-opacity":"","overlay-gradient":""},"tablet":{"background-color":"var(--ast-global-color-5)","background-image":"","background-repeat":"repeat","background-position":"center center","background-size":"auto","background-attachment":"scroll","background-type":"","background-media":"","overlay-type":"","overlay-color":"","overlay-opacity":"","overlay-gradient":""},"mobile":{"background-color":"var(--ast-global-color-5)","background-image":"","background-repeat":"repeat","background-position":"center center","background-size":"auto","background-attachment":"scroll","background-type":"","background-media":"","overlay-type":"","overlay-color":"","overlay-opacity":"","overlay-gradient":""}},"footnotes":""},"categories":[1],"tags":[],"class_list":["post-2231","post","type-post","status-publish","format-standard","has-post-thumbnail","hentry","category-hareketli-sabit-aluminyum-sistemler"],"_links":{"self":[{"href":"https:\/\/www.artminium.com\/de\/wp-json\/wp\/v2\/posts\/2231","targetHints":{"allow":["GET"]}}],"collection":[{"href":"https:\/\/www.artminium.com\/de\/wp-json\/wp\/v2\/posts"}],"about":[{"href":"https:\/\/www.artminium.com\/de\/wp-json\/wp\/v2\/types\/post"}],"author":[{"embeddable":true,"href":"https:\/\/www.artminium.com\/de\/wp-json\/wp\/v2\/users\/4"}],"replies":[{"embeddable":true,"href":"https:\/\/www.artminium.com\/de\/wp-json\/wp\/v2\/comments?post=2231"}],"version-history":[{"count":0,"href":"https:\/\/www.artminium.com\/de\/wp-json\/wp\/v2\/posts\/2231\/revisions"}],"wp:featuredmedia":[{"embeddable":true,"href":"https:\/\/www.artminium.com\/de\/wp-json\/wp\/v2\/media\/2232"}],"wp:attachment":[{"href":"https:\/\/www.artminium.com\/de\/wp-json\/wp\/v2\/media?parent=2231"}],"wp:term":[{"taxonomy":"category","embeddable":true,"href":"https:\/\/www.artminium.com\/de\/wp-json\/wp\/v2\/categories?post=2231"},{"taxonomy":"post_tag","embeddable":true,"href":"https:\/\/www.artminium.com\/de\/wp-json\/wp\/v2\/tags?post=2231"}],"curies":[{"name":"wp","href":"https:\/\/api.w.org\/{rel}","templated":true}]}}