{"id":2240,"date":"2023-10-29T22:50:40","date_gmt":"2023-10-29T19:50:40","guid":{"rendered":"https:\/\/www.artminium.com\/?p=2240"},"modified":"2024-11-07T23:58:48","modified_gmt":"2024-11-07T20:58:48","slug":"sus%c9%99-balkon-sisteml%c9%99ri","status":"publish","type":"post","link":"https:\/\/www.artminium.com\/az\/sus%c9%99-balkon-sisteml%c9%99ri\/","title":{"rendered":"\u015e\u00fc\u015f\u0259 Balkon Sisteml\u0259ri"},"content":{"rendered":"<p class=\"wp-block-paragraph\"><strong>\u015e\u00fc\u015f\u0259 balkon sisteml\u0259ri<\/strong> Ya\u015fay\u0131\u015f sah\u0259l\u0259rin\u0259 daha m\u00fcasir g\u00f6rk\u0259m verm\u0259k v\u0259 rahat m\u0259kanlar yaratmaq ist\u0259y\u0259nl\u0259rin ilk se\u00e7iml\u0259rind\u0259ndir. T\u0259tbiq edildiyi b\u00f6lg\u0259l\u0259rin g\u00f6r\u00fcn\u00fc\u015f\u00fcn\u00fc d\u0259yi\u015fdir\u0259r\u0259k estetik g\u00f6r\u00fcn\u00fc\u015f verir. <strong>\u015f\u00fc\u015f\u0259 balkon modell\u0259ri<\/strong>Onlar h\u0259m d\u0259 s\u0259rf\u0259li qiym\u0259tl\u0259ri v\u0259 uzun \u00f6m\u00fcrl\u00fc olmas\u0131 il\u0259 se\u00e7ilir. T\u0259tbiq olunacaq eyvan v\u0259 ya teras\u0131n \u00f6l\u00e7\u00fcl\u0259rin\u0259 v\u0259 binalar\u0131n memarl\u0131q qurulu\u015flar\u0131na g\u00f6r\u0259 m\u00fcxt\u0259lif materiallardan v\u0259 modell\u0259rd\u0259n ibar\u0259t m\u0259hsullar. X\u00fcsusi dizaynlarda planla\u015fd\u0131r\u0131l\u0131r v\u0259 istehsal olunur.<\/p>\n\n\n\n<p class=\"wp-block-paragraph\">X\u00fcsusiyy\u0259tl\u0259ri say\u0259sind\u0259 d\u00f6rd f\u0259sild\u0259 istifad\u0259y\u0259 uy\u011fun olan bu tip sisteml\u0259r, istifad\u0259\u00e7i se\u00e7iml\u0259rin\u0259 g\u00f6r\u0259 \u0259lav\u0259 x\u00fcsusiyy\u0259tl\u0259rl\u0259 d\u0259 t\u0259chiz edil\u0259 bilir. Yay\u0131n q\u0131zmar istisind\u0259n, q\u0131\u015f\u0131n soyuq v\u0259 ya\u011f\u0131\u015fl\u0131 hava \u015f\u0259raitind\u0259n tam qorunma t\u0259min ed\u0259n \u015f\u00fc\u015f\u0259 eyvan sisteml\u0259ri tam s\u0131zd\u0131rmazl\u0131q x\u00fcsusiyy\u0259ti il\u0259 istilik izolyasiyas\u0131 yaradaraq yanaca\u011fa da xeyli q\u0259na\u0259t edir.<\/p>\n\n\n\n<div id=\"ez-toc-container\" class=\"ez-toc-v2_0_85 counter-hierarchy ez-toc-counter ez-toc-grey ez-toc-container-direction\">\n<div class=\"ez-toc-title-container\">\n<p class=\"ez-toc-title\" style=\"cursor:inherit\">\u0130\u00e7ind\u0259kil\u0259r<\/p>\n<span class=\"ez-toc-title-toggle\"><a href=\"#\" class=\"ez-toc-pull-right ez-toc-btn ez-toc-btn-xs ez-toc-btn-default ez-toc-toggle\" aria-label=\"M\u0259zmun C\u0259dv\u0259lini d\u0259yi\u015fin\"><span class=\"ez-toc-js-icon-con\"><span class=\"\"><span class=\"eztoc-hide\" style=\"display:none;\">ke\u00e7id<\/span><span class=\"ez-toc-icon-toggle-span\"><svg style=\"fill: #999;color:#999\" xmlns=\"http:\/\/www.w3.org\/2000\/svg\" class=\"list-377408\" width=\"20px\" height=\"20px\" viewbox=\"0 0 24 24\" fill=\"none\"><path d=\"M6 6H4v2h2V6zm14 0H8v2h12V6zM4 11h2v2H4v-2zm16 0H8v2h12v-2zM4 16h2v2H4v-2zm16 0H8v2h12v-2z\" fill=\"currentColor\"><\/path><\/svg><svg style=\"fill: #999;color:#999\" class=\"arrow-unsorted-368013\" xmlns=\"http:\/\/www.w3.org\/2000\/svg\" width=\"10px\" height=\"10px\" viewbox=\"0 0 24 24\" version=\"1.2\" baseprofile=\"tiny\"><path d=\"M18.2 9.3l-6.2-6.3-6.2 6.3c-.2.2-.3.4-.3.7s.1.5.3.7c.2.2.4.3.7.3h11c.3 0 .5-.1.7-.3.2-.2.3-.5.3-.7s-.1-.5-.3-.7zM5.8 14.7l6.2 6.3 6.2-6.3c.2-.2.3-.5.3-.7s-.1-.5-.3-.7c-.2-.2-.4-.3-.7-.3h-11c-.3 0-.5.1-.7.3-.2.2-.3.5-.3.7s.1.5.3.7z\"\/><\/svg><\/span><\/span><\/span><\/a><\/span><\/div>\n<nav><ul class='ez-toc-list ez-toc-list-level-1' ><li class='ez-toc-page-1 ez-toc-heading-level-2'><a class=\"ez-toc-link ez-toc-heading-1\" href=\"https:\/\/www.artminium.com\/az\/sus%c9%99-balkon-sisteml%c9%99ri\/#Cam_Balkon_Modelleri\" >\u015e\u00fc\u015f\u0259 Balkon Modell\u0259ri<\/a><\/li><li class='ez-toc-page-1 ez-toc-heading-level-2'><a class=\"ez-toc-link ez-toc-heading-2\" href=\"https:\/\/www.artminium.com\/az\/sus%c9%99-balkon-sisteml%c9%99ri\/#Katlanir_Cam_Balkon_Sistemleri\" >Qatlanan \u015e\u00fc\u015f\u0259 Balkon Sisteml\u0259ri<\/a><\/li><li class='ez-toc-page-1 ez-toc-heading-level-2'><a class=\"ez-toc-link ez-toc-heading-3\" href=\"https:\/\/www.artminium.com\/az\/sus%c9%99-balkon-sisteml%c9%99ri\/#Surgulu_Cam_Balkon_Sistemleri\" >S\u00fcr\u00fc\u015f\u0259n \u015e\u00fc\u015f\u0259 Balkon Sisteml\u0259ri<\/a><\/li><\/ul><\/nav><\/div>\n<h2 class=\"wp-block-heading\"><span class=\"ez-toc-section\" id=\"Cam_Balkon_Modelleri\"><\/span>\u015e\u00fc\u015f\u0259 Balkon Modell\u0259ri<span class=\"ez-toc-section-end\"><\/span><\/h2>\n\n\n\n<p class=\"wp-block-paragraph\">Balkon v\u0259 ya terras\u0131 \u0259hat\u0259 ed\u0259n t\u0259tbiql\u0259r \u00fc\u00e7\u00fcn se\u00e7il\u0259n variantlar <strong>qatlanan \u015f\u00fc\u015f\u0259 balkon<\/strong> V\u0259 <strong>s\u00fcr\u00fc\u015f\u0259n \u015f\u00fc\u015f\u0259li balkon <\/strong>\u015e\u0259klind\u0259dir. H\u0259r birinin \u00f6z\u00fcn\u0259m\u0259xsus x\u00fcsusiyy\u0259tl\u0259ri il\u0259 yana\u015f\u0131, istifad\u0259\u00e7iy\u0259 t\u0259qdim etdiyi \u00fcst\u00fcnl\u00fckl\u0259r d\u0259 f\u0259rqlidir. Amma ham\u0131s\u0131 <strong>\u015f\u00fc\u015f\u0259 balkon modell\u0259ri<\/strong> Ekonomik v\u0259 uzun\u00f6m\u00fcrl\u00fc olmalar\u0131 bax\u0131m\u0131ndan ortaq x\u00fcsusiyy\u0259tl\u0259r\u0259 malikdirl\u0259r. Estetik, funksional v\u0259 faydal\u0131 oldu\u011fu \u00fc\u00e7\u00fcn \u00fcst\u00fcnl\u00fck veril\u0259n \u015f\u00fc\u015f\u0259 eyvan sisteml\u0259ri istifad\u0259 olundu\u011fu yerl\u0259rin da\u015f\u0131nmaz d\u0259y\u0259rl\u0259rini art\u0131r\u0131r v\u0259 m\u00fclkl\u0259ri potensial cazib\u0259 sah\u0259l\u0259rin\u0259 \u00e7evirir.<\/p>\n\n\n\n<ul class=\"wp-block-list\">\n<li>ev,<\/li>\n\n\n\n<li>Ofis<\/li>\n\n\n\n<li>m\u0259nzill\u0259r<\/li>\n\n\n\n<li>Villa<\/li>\n\n\n\n<li>restoran ba\u011flar\u0131<\/li>\n\n\n\n<li>kafel\u0259r<\/li>\n\n\n\n<li>M\u0259kt\u0259b<\/li>\n\n\n\n<li>X\u0259st\u0259xanalar kimi ya\u015fay\u0131\u015f v\u0259 \u00fcmumi sah\u0259l\u0259rd\u0259 f\u0259rqli modell\u0259rl\u0259 t\u0259tbiq oluna bil\u0259r.<\/li>\n<\/ul>\n\n\n\n<p class=\"wp-block-paragraph\">\u015e\u00fc\u015f\u0259 balkon modelin\u0259 q\u0259rar ver\u0259rk\u0259n ehtiyaclar v\u0259 g\u00f6zl\u0259ntil\u0259r \u00f6n\u0259mlidir. Bu s\u0259b\u0259bd\u0259n bu c\u00fcr sisteml\u0259rd\u0259 t\u0259cr\u00fcb\u0259l\u0259ri il\u0259 tan\u0131nan \u015firk\u0259tl\u0259rd\u0259n m\u0259sl\u0259h\u0259t almaq \u00e7ox faydal\u0131 olard\u0131.<\/p>\n\n\n\n<h2 class=\"wp-block-heading\"><span class=\"ez-toc-section\" id=\"Katlanir_Cam_Balkon_Sistemleri\"><\/span>Qatlanan \u015e\u00fc\u015f\u0259 Balkon Sisteml\u0259ri<span class=\"ez-toc-section-end\"><\/span><\/h2>\n\n\n\n<p class=\"wp-block-paragraph\"><strong><a href=\"https:\/\/www.artminium.com\/az\/balkon-baglama-sisteml%c9%99ri\/\">Qatlanan \u015f\u00fc\u015f\u0259li balkon sisteml\u0259ri<\/a> <\/strong>\u00c7\u0259r\u00e7iv\u0259li \u015f\u00fc\u015f\u0259 panell\u0259rd\u0259n ibar\u0259t modeldir. T\u0259k qatlanma x\u00fcsusiyy\u0259ti il\u0259 eyvanlar\u0131 tamamil\u0259 a\u00e7\u0131b t\u0259miz v\u0259 oksigenl\u0259 z\u0259ngin m\u00fchitd\u0259 rahat vaxt ke\u00e7irm\u0259yi m\u00fcmk\u00fcn edir. B\u00fct\u00fcn \u015f\u00fc\u015f\u0259 eyvan sisteml\u0259rinin \u00fcmumi x\u00fcsusiyy\u0259ti istifad\u0259\u00e7iy\u0259 \u0259traf m\u00fchitin panoramik m\u0259nz\u0259r\u0259sini t\u0259qdim etm\u0259sidir. Bu x\u00fcsusiyy\u0259t onu t\u0259bi\u0259t m\u0259nz\u0259r\u0259li yerl\u0259r \u00fc\u00e7\u00fcn vacib se\u00e7im edir. G\u00fcn i\u015f\u0131\u011f\u0131ndan maksimum istifad\u0259ni t\u0259min ed\u0259n qatlanan \u015f\u00fc\u015f\u0259li balkonlar su s\u0131zmas\u0131 v\u0259 ya \u00e7\u00f6ld\u0259n g\u0259l\u0259 bil\u0259c\u0259k toz kimi madd\u0259l\u0259r\u0259 qar\u015f\u0131 qorunan bir qurulu\u015fa malikdir. Dizayn\u0131nda istifad\u0259 edil\u0259n keyfiyy\u0259tli \u015f\u00fc\u015f\u0259 s\u0131zd\u0131rmazl\u0131qlar say\u0259sind\u0259 tam s\u0131zd\u0131rmazl\u0131q x\u00fcsusiyy\u0259tl\u0259rin\u0259 malikdir.<\/p>\n\n\n\n<ul class=\"wp-block-list\">\n<li>Enerjiy\u0259 q\u0259na\u0259t<\/li>\n\n\n\n<li>A\u00e7maq v\u0259 ba\u011flamaq asand\u0131r<\/li>\n\n\n\n<li>Balkonlar v\u0259 ya terraslar t\u0259bii g\u00fcn i\u015f\u0131\u011f\u0131 ala bil\u0259r<\/li>\n\n\n\n<li>Qatlanan \u015f\u00fc\u015f\u0259li balkon sisteml\u0259rinin \u00fcst\u00fcnl\u00fckl\u0259ri aras\u0131nda uzun \u00f6m\u00fcrl\u00fc v\u0259 q\u0259na\u0259tcil x\u00fcsusiyy\u0259tl\u0259r var.<\/li>\n<\/ul>\n\n\n\n<p class=\"wp-block-paragraph\">Bu c\u00fcr sisteml\u0259rin ba\u015fqa bir x\u00fcsusiyy\u0259ti d\u0259 \u00e7ox bax\u0131m t\u0259l\u0259b etm\u0259d\u0259n asanl\u0131qla t\u0259mizl\u0259n\u0259 bilm\u0259sidir. Eyni zamanda istixana effekti yaradaraq balkon bitkil\u0259rinin daha sa\u011flam inki\u015faf\u0131na t\u00f6hf\u0259 verir.<\/p>\n\n\n\n<figure class=\"wp-block-image size-large\"><img fetchpriority=\"high\" decoding=\"async\" width=\"1024\" height=\"576\" src=\"https:\/\/www.artminium.com\/wp-content\/uploads\/2023\/10\/Simple-Photocentric-Music-Mix-YouTube-Thumbnail-4-1024x576.png\" alt=\"\u015e\u00fc\u015f\u0259 Balkon Sisteml\u0259ri\" class=\"wp-image-2241\" srcset=\"https:\/\/www.artminium.com\/wp-content\/uploads\/2023\/10\/Simple-Photocentric-Music-Mix-YouTube-Thumbnail-4-1024x576.png 1024w, https:\/\/www.artminium.com\/wp-content\/uploads\/2023\/10\/Simple-Photocentric-Music-Mix-YouTube-Thumbnail-4-300x169.png 300w, https:\/\/www.artminium.com\/wp-content\/uploads\/2023\/10\/Simple-Photocentric-Music-Mix-YouTube-Thumbnail-4-768x432.png 768w, https:\/\/www.artminium.com\/wp-content\/uploads\/2023\/10\/Simple-Photocentric-Music-Mix-YouTube-Thumbnail-4.png 1280w\" sizes=\"(max-width: 1024px) 100vw, 1024px\" \/><figcaption class=\"wp-element-caption\">\u015e\u00fc\u015f\u0259 Balkon Sisteml\u0259ri<\/figcaption><\/figure>\n\n\n\n<h2 class=\"wp-block-heading\"><span class=\"ez-toc-section\" id=\"Surgulu_Cam_Balkon_Sistemleri\"><\/span>S\u00fcr\u00fc\u015f\u0259n \u015e\u00fc\u015f\u0259 Balkon Sisteml\u0259ri<span class=\"ez-toc-section-end\"><\/span><\/h2>\n\n\n\n<p class=\"wp-block-paragraph\">S\u00fcr\u00fc\u015f\u0259n \u015f\u00fc\u015f\u0259li balkon sisteml\u0259ri, <strong>s\u00fcr\u00fc\u015f\u0259n \u015f\u00fc\u015f\u0259 sisteml\u0259ri<\/strong> kimi d\u0259 tan\u0131nan v\u0259 praktik istifad\u0259 x\u00fcsusiyy\u0259tl\u0259rin\u0259 malik bir proqramd\u0131r. \u015e\u00fc\u015f\u0259 panell\u0259ri sabit rels \u00fcz\u0259rind\u0259 s\u00fcr\u00fc\u015fd\u00fcrm\u0259kl\u0259 a\u00e7\u0131l\u0131r v\u0259 ba\u011flan\u0131r. S\u00fcr\u00fc\u015f\u0259n \u015f\u00fc\u015f\u0259li balkon sisteml\u0259ri qatlanan \u015f\u00fc\u015f\u0259 sisteml\u0259rd\u0259n dizayn bax\u0131m\u0131ndan f\u0259rql\u0259nir. Balkonun yaln\u0131z m\u00fc\u0259yy\u0259n bir hiss\u0259sinin a\u00e7\u0131la bildiyi s\u00fcr\u00fc\u015fm\u0259 \u015f\u00fc\u015f\u0259li balkon modeli, bu x\u00fcsusiyy\u0259ti il\u0259 ki\u00e7ik u\u015faqlar v\u0259 ev heyvanlar\u0131n\u0131n qorunmas\u0131n\u0131 t\u0259min edir. Dig\u0259r <strong>balkon ba\u011flama sisteml\u0259ri<\/strong> \u0130stilik izolyasiyas\u0131na \u0259h\u0259miyy\u0259tli t\u00f6hf\u0259l\u0259r ver\u0259n bu c\u00fcr sisteml\u0259r m\u00fcasir v\u0259 estetik g\u00f6r\u00fcn\u00fc\u015f \u00fcst\u00fcnl\u00fckl\u0259rin\u0259 malikdir.<\/p>\n\n\n\n<p class=\"wp-block-paragraph\"><a href=\"https:\/\/www.artminium.com\/az\/\">Artmium <\/a><strong>\u015e\u00fc\u015f\u0259 balkon qiym\u0259tl\u0259ri<\/strong> T\u0259tbiq sah\u0259sinin \u00f6l\u00e7\u00fcs\u00fc, istifad\u0259 olunan materiallar\u0131n keyfiyy\u0259ti v\u0259 i\u015fl\u0259nm\u0259 kimi amill\u0259r m\u00fc\u0259yy\u0259nedici amill\u0259rdir. \u015e\u00fc\u015f\u0259 balkonun uzun \u00f6m\u00fcrl\u00fc v\u0259 davaml\u0131 olmas\u0131 \u00fc\u00e7\u00fcn sektorda keyfiyy\u0259ti il\u0259 se\u00e7il\u0259n firmalar aras\u0131ndan se\u00e7im etm\u0259k vacibdir. \u018fn yax\u015f\u0131 \u015f\u00fc\u015f\u0259 balkon markalar\u0131 v\u0259 keyfiyy\u0259tli i\u015fl\u0259nm\u0259 z\u0259man\u0259ti t\u0259qdim ed\u0259n Artminium, s\u0259rf\u0259li qiym\u0259tl\u0259r v\u0259 asan \u00f6d\u0259ni\u015f \u00fcst\u00fcnl\u00fckl\u0259ri il\u0259 xidm\u0259t g\u00f6st\u0259rir.<\/p>","protected":false},"excerpt":{"rendered":"<p>\u015e\u00fc\u015f\u0259 balkon sisteml\u0259ri ya\u015fay\u0131\u015f yerl\u0259rini modernl\u0259\u015fdirm\u0259k v\u0259 rahat m\u0259kanlar yaratmaq ist\u0259y\u0259nl\u0259r \u00fc\u00e7\u00fcn \u0259n yax\u015f\u0131 se\u00e7iml\u0259r s\u0131ras\u0131ndad\u0131r. M\u0259kanlar\u0131n\u0131n g\u00f6rk\u0259mini d\u0259yi\u015fdir\u0259n v\u0259 estetik cazib\u0259 qatan \u015f\u00fc\u015f\u0259 eyvan modell\u0259ri ucuzlu\u011fu v\u0259 davaml\u0131l\u0131\u011f\u0131 il\u0259 d\u0259 m\u0259\u015fhurdur. Onlar balkonun v\u0259 ya terras\u0131n \u00f6l\u00e7\u00fcs\u00fcnd\u0259n v\u0259 binan\u0131n memarl\u0131q qurulu\u015fundan as\u0131l\u0131 olaraq m\u00fcxt\u0259lif materiallarda v\u0259 modell\u0259rd\u0259 m\u00f6vcuddur.<\/p>","protected":false},"author":4,"featured_media":2241,"comment_status":"open","ping_status":"open","sticky":false,"template":"","format":"standard","meta":{"site-sidebar-layout":"default","site-content-layout":"","ast-site-content-layout":"default","site-content-style":"default","site-sidebar-style":"default","ast-global-header-display":"","ast-banner-title-visibility":"","ast-main-header-display":"","ast-hfb-above-header-display":"","ast-hfb-below-header-display":"","ast-hfb-mobile-header-display":"","site-post-title":"","ast-breadcrumbs-content":"","ast-featured-img":"","footer-sml-layout":"","theme-transparent-header-meta":"","adv-header-id-meta":"","stick-header-meta":"","header-above-stick-meta":"","header-main-stick-meta":"","header-below-stick-meta":"","astra-migrate-meta-layouts":"default","ast-page-background-enabled":"default","ast-page-background-meta":{"desktop":{"background-color":"","background-image":"","background-repeat":"repeat","background-position":"center center","background-size":"auto","background-attachment":"scroll","background-type":"","background-media":"","overlay-type":"","overlay-color":"","overlay-opacity":"","overlay-gradient":""},"tablet":{"background-color":"","background-image":"","background-repeat":"repeat","background-position":"center center","background-size":"auto","background-attachment":"scroll","background-type":"","background-media":"","overlay-type":"","overlay-color":"","overlay-opacity":"","overlay-gradient":""},"mobile":{"background-color":"","background-image":"","background-repeat":"repeat","background-position":"center center","background-size":"auto","background-attachment":"scroll","background-type":"","background-media":"","overlay-type":"","overlay-color":"","overlay-opacity":"","overlay-gradient":""}},"ast-content-background-meta":{"desktop":{"background-color":"var(--ast-global-color-5)","background-image":"","background-repeat":"repeat","background-position":"center center","background-size":"auto","background-attachment":"scroll","background-type":"","background-media":"","overlay-type":"","overlay-color":"","overlay-opacity":"","overlay-gradient":""},"tablet":{"background-color":"var(--ast-global-color-5)","background-image":"","background-repeat":"repeat","background-position":"center center","background-size":"auto","background-attachment":"scroll","background-type":"","background-media":"","overlay-type":"","overlay-color":"","overlay-opacity":"","overlay-gradient":""},"mobile":{"background-color":"var(--ast-global-color-5)","background-image":"","background-repeat":"repeat","background-position":"center center","background-size":"auto","background-attachment":"scroll","background-type":"","background-media":"","overlay-type":"","overlay-color":"","overlay-opacity":"","overlay-gradient":""}},"footnotes":""},"categories":[1],"tags":[],"class_list":["post-2240","post","type-post","status-publish","format-standard","has-post-thumbnail","hentry","category-hareketli-sabit-aluminyum-sistemler"],"_links":{"self":[{"href":"https:\/\/www.artminium.com\/az\/wp-json\/wp\/v2\/posts\/2240","targetHints":{"allow":["GET"]}}],"collection":[{"href":"https:\/\/www.artminium.com\/az\/wp-json\/wp\/v2\/posts"}],"about":[{"href":"https:\/\/www.artminium.com\/az\/wp-json\/wp\/v2\/types\/post"}],"author":[{"embeddable":true,"href":"https:\/\/www.artminium.com\/az\/wp-json\/wp\/v2\/users\/4"}],"replies":[{"embeddable":true,"href":"https:\/\/www.artminium.com\/az\/wp-json\/wp\/v2\/comments?post=2240"}],"version-history":[{"count":0,"href":"https:\/\/www.artminium.com\/az\/wp-json\/wp\/v2\/posts\/2240\/revisions"}],"wp:featuredmedia":[{"embeddable":true,"href":"https:\/\/www.artminium.com\/az\/wp-json\/wp\/v2\/media\/2241"}],"wp:attachment":[{"href":"https:\/\/www.artminium.com\/az\/wp-json\/wp\/v2\/media?parent=2240"}],"wp:term":[{"taxonomy":"category","embeddable":true,"href":"https:\/\/www.artminium.com\/az\/wp-json\/wp\/v2\/categories?post=2240"},{"taxonomy":"post_tag","embeddable":true,"href":"https:\/\/www.artminium.com\/az\/wp-json\/wp\/v2\/tags?post=2240"}],"curies":[{"name":"wp","href":"https:\/\/api.w.org\/{rel}","templated":true}]}}