{"id":2166,"date":"2023-09-26T20:11:10","date_gmt":"2023-09-26T17:11:10","guid":{"rendered":"https:\/\/www.artminium.com\/?p=2166"},"modified":"2024-11-07T23:58:23","modified_gmt":"2024-11-07T20:58:23","slug":"veranda-baglama-modell%c9%99rimiz","status":"publish","type":"post","link":"https:\/\/www.artminium.com\/az\/veranda-baglama-modell%c9%99rimiz\/","title":{"rendered":"Veranda Ba\u011flama Modell\u0259rimiz"},"content":{"rendered":"<p class=\"wp-block-paragraph\"><strong>Verandan\u0131n ba\u011flanmas\u0131 modell\u0259ri<\/strong>\u0130st\u0259kl\u0259rinizi, ehtiyaclar\u0131n\u0131z\u0131 v\u0259 pulunuzu tam \u00f6d\u0259y\u0259 bil\u0259n y\u00fcks\u0259k keyfiyy\u0259tli v\u0259 uzun\u00f6m\u00fcrl\u00fc strukturlard\u0131r. Bu modell\u0259r t\u0259tbiq olundu\u011fu sah\u0259d\u0259 \u00e7ox m\u00fcasir v\u0259 estetik g\u00f6r\u00fcn\u00fc\u015f yarad\u0131r.<\/p>\n\n\n\n<figure class=\"wp-block-image size-full\"><img fetchpriority=\"high\" decoding=\"async\" width=\"565\" height=\"420\" src=\"https:\/\/www.artminium.com\/wp-content\/uploads\/2023\/08\/fcfa89b2-9def-41aa-a397-ee1391a3ac6f-1.jpg\" alt=\"\" class=\"wp-image-1875\" srcset=\"https:\/\/www.artminium.com\/wp-content\/uploads\/2023\/08\/fcfa89b2-9def-41aa-a397-ee1391a3ac6f-1.jpg 565w, https:\/\/www.artminium.com\/wp-content\/uploads\/2023\/08\/fcfa89b2-9def-41aa-a397-ee1391a3ac6f-1-300x223.jpg 300w\" sizes=\"(max-width: 565px) 100vw, 565px\" \/><\/figure>\n\n\n\n<p class=\"wp-block-paragraph\">&nbsp;Bundan \u0259lav\u0259, onlar t\u0259tbiq olunduqlar\u0131 m\u00fchit\u0259 parlaq v\u0259 xo\u015f t\u0259sir ba\u011f\u0131\u015flay\u0131rlar. M\u00fcxt\u0259lif modell\u0259r v\u0259 strukturlar <strong>verandan\u0131n ba\u011flanmas\u0131 modell\u0259ri<\/strong> var. Bu g\u00fcn \u00e7ox m\u0259\u015fhur v\u0259 tez-tez se\u00e7il\u0259n ba\u011flama modell\u0259ri aras\u0131ndad\u0131r.&nbsp;<\/p>\n\n\n\n<p class=\"wp-block-paragraph\"><strong>Verandan\u0131n ba\u011flanmas\u0131 modeli<\/strong> \u018fg\u0259r se\u00e7s\u0259niz, teras sah\u0259niz \u00e7ox faydal\u0131, \u0259traf m\u00fchit\u0259 uy\u011fun v\u0259 \u0259traf m\u00fchit \u015f\u0259raitind\u0259n \u00e7ox t\u0259sirli \u015f\u0259kild\u0259 faydalana bil\u0259c\u0259yiniz d\u0259bd\u0259b\u0259li binalara \u00e7evril\u0259c\u0259k.<\/p>\n\n\n\n<p class=\"wp-block-paragraph\">T\u0259bi\u0259tl\u0259 i\u00e7-i\u00e7\u0259 olan bu yeni sah\u0259 sizin v\u0259 sevdikl\u0259riniz \u00fc\u00e7\u00fcn \u00e7ox rahat v\u0259 kefli m\u00fchitl\u0259r\u0259 \u00e7evril\u0259c\u0259k, unudulmaz anlar ya\u015fayaca\u011f\u0131n\u0131z daimi v\u0259 yenilik\u00e7i m\u0259kanlar olacaq. M\u00fcvafiq sah\u0259l\u0259rd\u0259 istifad\u0259 ed\u0259 bil\u0259c\u0259yiniz taxta oturma qruplar\u0131 v\u0259 ya \u00e7i\u00e7\u0259k se\u00e7iml\u0259ri il\u0259 \u0259traf m\u00fchit\u0259 tamamlay\u0131c\u0131 t\u0259sir yarada bil\u0259rsiniz.<\/p>\n\n\n\n<p class=\"wp-block-paragraph\">&nbsp;Bunu unutmaq olmaz <em>verandalar<\/em> Onlar bir \u00e7ox m\u0259nfi hava \u015f\u0259raitin\u0259 qar\u015f\u0131 y\u00fcks\u0259k dayan\u0131ql\u0131 olan d\u0259bd\u0259b\u0259li strukturlard\u0131r.<\/p>\n\n\n\n<p class=\"wp-block-paragraph\"><strong>Tez-tez soru\u015fulan suallar<\/strong><\/p>\n\n\n\n<div id=\"ez-toc-container\" class=\"ez-toc-v2_0_85 counter-hierarchy ez-toc-counter ez-toc-grey ez-toc-container-direction\">\n<div class=\"ez-toc-title-container\">\n<p class=\"ez-toc-title\" style=\"cursor:inherit\">\u0130\u00e7ind\u0259kil\u0259r<\/p>\n<span class=\"ez-toc-title-toggle\"><a href=\"#\" class=\"ez-toc-pull-right ez-toc-btn ez-toc-btn-xs ez-toc-btn-default ez-toc-toggle\" aria-label=\"M\u0259zmun C\u0259dv\u0259lini d\u0259yi\u015fin\"><span class=\"ez-toc-js-icon-con\"><span class=\"\"><span class=\"eztoc-hide\" style=\"display:none;\">ke\u00e7id<\/span><span class=\"ez-toc-icon-toggle-span\"><svg style=\"fill: #999;color:#999\" xmlns=\"http:\/\/www.w3.org\/2000\/svg\" class=\"list-377408\" width=\"20px\" height=\"20px\" viewbox=\"0 0 24 24\" fill=\"none\"><path d=\"M6 6H4v2h2V6zm14 0H8v2h12V6zM4 11h2v2H4v-2zm16 0H8v2h12v-2zM4 16h2v2H4v-2zm16 0H8v2h12v-2z\" fill=\"currentColor\"><\/path><\/svg><svg style=\"fill: #999;color:#999\" class=\"arrow-unsorted-368013\" xmlns=\"http:\/\/www.w3.org\/2000\/svg\" width=\"10px\" height=\"10px\" viewbox=\"0 0 24 24\" version=\"1.2\" baseprofile=\"tiny\"><path d=\"M18.2 9.3l-6.2-6.3-6.2 6.3c-.2.2-.3.4-.3.7s.1.5.3.7c.2.2.4.3.7.3h11c.3 0 .5-.1.7-.3.2-.2.3-.5.3-.7s-.1-.5-.3-.7zM5.8 14.7l6.2 6.3 6.2-6.3c.2-.2.3-.5.3-.7s-.1-.5-.3-.7c-.2-.2-.4-.3-.7-.3h-11c-.3 0-.5.1-.7.3-.2.2-.3.5-.3.7s.1.5.3.7z\"\/><\/svg><\/span><\/span><\/span><\/a><\/span><\/div>\n<nav><ul class='ez-toc-list ez-toc-list-level-1' ><li class='ez-toc-page-1 ez-toc-heading-level-2'><a class=\"ez-toc-link ez-toc-heading-1\" href=\"https:\/\/www.artminium.com\/az\/veranda-baglama-modell%c9%99rimiz\/#Veranda_Sonradan_Yapilir_mi\" >Veranda sonradan tikil\u0259 bil\u0259rmi?<\/a><\/li><li class='ez-toc-page-1 ez-toc-heading-level-2'><a class=\"ez-toc-link ez-toc-heading-2\" href=\"https:\/\/www.artminium.com\/az\/veranda-baglama-modell%c9%99rimiz\/#Teras_Kapatma_Nedir\" >Teras \u00f6rt\u00fcy\u00fc n\u0259dir?<\/a><\/li><li class='ez-toc-page-1 ez-toc-heading-level-2'><a class=\"ez-toc-link ez-toc-heading-3\" href=\"https:\/\/www.artminium.com\/az\/veranda-baglama-modell%c9%99rimiz\/#Teras_Fiyatlari_Ne_Kadar\" >Teras qiym\u0259tl\u0259ri ne\u00e7\u0259y\u0259dir?<\/a><\/li><\/ul><\/nav><\/div>\n<h2 class=\"wp-block-heading\"><span class=\"ez-toc-section\" id=\"Veranda_Sonradan_Yapilir_mi\"><\/span>Veranda sonradan tikil\u0259 bil\u0259rmi?<span class=\"ez-toc-section-end\"><\/span><\/h2>\n\n\n\n<p class=\"wp-block-paragraph\">B\u0259li, <strong>Veranda daha sonra tikil\u0259 bil\u0259r.<\/strong> <em>verandalar<\/em> Onlar asanl\u0131qla v\u0259 sonra eviniz\u0259 \u0259lav\u0259 oluna bil\u0259n yenilik\u00e7i strukturlard\u0131r. M\u00fcvafiq \u015firk\u0259tl\u0259 \u0259vv\u0259lc\u0259d\u0259n raz\u0131la\u015faraq v\u0259 etm\u0259k ist\u0259diyiniz sah\u0259 \u00fc\u00e7\u00fcn k\u0259\u015ffiyyat i\u015fl\u0259ri apararaq, \u0259n uy\u011fun qiym\u0259t\u0259 v\u0259 \u0259n uy\u011fun variant\u0131 tapa bil\u0259rsiniz. <em>veranda modeli<\/em> Se\u00e7diyiniz zaman siz\u0259 \u0259n d\u0259qiq v\u0259 etibarl\u0131 d\u0259st\u0259yi ver\u0259 bil\u0259rl\u0259r.<\/p>\n\n\n\n<figure class=\"wp-block-image size-full\"><img decoding=\"async\" width=\"300\" height=\"247\" src=\"https:\/\/www.artminium.com\/wp-content\/uploads\/2023\/08\/3077550829578-454-Adsiz-300x247-1.jpg\" alt=\"\" class=\"wp-image-1686\"\/><\/figure>\n\n\n\n<p class=\"wp-block-paragraph\">Burada n\u0259z\u0259r\u0259 al\u0131nmal\u0131 olan vacib \u015fey, ist\u0259k v\u0259 ehtiyaclar\u0131n\u0131za \u0259n uy\u011fun olan verandan\u0131n modelini v\u0259 material\u0131n\u0131 se\u00e7m\u0259kdir. Bu se\u00e7im h\u0259m pulunuzu, h\u0259m d\u0259 \u0259m\u0259yinizi qorumaq bax\u0131m\u0131ndan \u00e7ox \u00f6n\u0259mlidir.<\/p>\n\n\n\n<h2 class=\"wp-block-heading\"><span class=\"ez-toc-section\" id=\"Teras_Kapatma_Nedir\"><\/span>Teras \u00f6rt\u00fcy\u00fc n\u0259dir?<span class=\"ez-toc-section-end\"><\/span><\/h2>\n\n\n\n<p class=\"wp-block-paragraph\"><strong>terras\u0131n ba\u011flanmas\u0131<\/strong>Bir s\u00f6zl\u0259, terras sah\u0259nizi daha faydal\u0131 v\u0259 funksional etm\u0259k \u00fc\u00e7\u00fcn ist\u0259kl\u0259riniz\u0259 uy\u011fun haz\u0131rlanm\u0131\u015f l\u00fcks binalard\u0131r. Bu d\u0259bd\u0259b\u0259li binalar rahatl\u0131q v\u0259 keyfiyy\u0259ti birlikd\u0259 t\u0259qdim edir v\u0259 \u00e7ox m\u00fcasir v\u0259 uzun\u00f6m\u00fcrl\u00fc m\u0259kanlar\u0131n yarad\u0131lmas\u0131nda \u00e7ox t\u0259sirlidir.<\/p>\n\n\n\n<p class=\"wp-block-paragraph\"><strong>terras\u0131n ba\u011flanmas\u0131<\/strong> M\u00fcalic\u0259nin apar\u0131ld\u0131\u011f\u0131 \u0259razi bir n\u00f6v istixana, q\u0131\u015f ba\u011f\u00e7as\u0131 v\u0259 ya sevdikl\u0259rinizl\u0259 t\u0259hl\u00fck\u0259siz vaxt ke\u00e7ir\u0259 bil\u0259c\u0259yiniz rahat sah\u0259y\u0259 \u00e7evrilir. Eviniz\u0259 yeni \u0259lav\u0259 olunan bu \u0259razi t\u0259bi\u0259tl\u0259 t\u0259masda olma\u011f\u0131n\u0131za k\u00f6m\u0259k ed\u0259c\u0259k v\u0259 \u00e7ox geni\u015f v\u0259 \u0259yl\u0259nc\u0259li vaxt ke\u00e7ir\u0259 bil\u0259c\u0259yiniz yeni \u0259razil\u0259r\u0259 \u00e7evril\u0259c\u0259k.<\/p>\n\n\n\n<figure class=\"wp-block-image size-full\"><img decoding=\"async\" width=\"512\" height=\"338\" src=\"https:\/\/www.artminium.com\/wp-content\/uploads\/2023\/08\/67867.jpg\" alt=\"\" class=\"wp-image-1664\" srcset=\"https:\/\/www.artminium.com\/wp-content\/uploads\/2023\/08\/67867.jpg 512w, https:\/\/www.artminium.com\/wp-content\/uploads\/2023\/08\/67867-300x198.jpg 300w\" sizes=\"(max-width: 512px) 100vw, 512px\" \/><\/figure>\n\n\n\n<h2 class=\"wp-block-heading\"><span class=\"ez-toc-section\" id=\"Teras_Fiyatlari_Ne_Kadar\"><\/span>Teras qiym\u0259tl\u0259ri ne\u00e7\u0259y\u0259dir?<span class=\"ez-toc-section-end\"><\/span><\/h2>\n\n\n\n<p class=\"wp-block-paragraph\"><em>terras\u0131n ba\u011flanmas\u0131<\/em> Proseduru h\u0259yata ke\u00e7irm\u0259k ist\u0259y\u0259n insanlar\u0131n verdiyi suallardan biri d\u0259 budur <strong>Teras ba\u011flama qiym\u0259tl\u0259ri n\u0259 q\u0259d\u0259rdir?<\/strong> Dey\u0259s\u0259n ba\u015f verir. Bu suala d\u0259qiq cavab olmasa da:<\/p>\n\n\n\n<ul class=\"wp-block-list\">\n<li>Prosedurun apar\u0131laca\u011f\u0131 sah\u0259nin \u00f6l\u00e7\u00fcs\u00fc v\u0259 h\u00fcnd\u00fcrl\u00fcy\u00fc<\/li>\n\n\n\n<li>\u0130st\u0259kl\u0259riniz v\u0259 ehtiyaclar\u0131n\u0131z<\/li>\n\n\n\n<li>Teras ba\u011flama modelin\u0259 \u00fcst\u00fcnl\u00fck ver\u0259c\u0259ksiniz<\/li>\n\n\n\n<li>\u0130stifad\u0259 olunacaq strukturun material keyfiyy\u0259ti<\/li>\n\n\n\n<li>B\u00f6lg\u0259nizin iqlim \u015f\u0259raiti<\/li>\n\n\n\n<li>Qiym\u0259tl\u0259r \u015f\u0259h\u0259r v\u0259 rayona g\u00f6r\u0259 d\u0259yi\u015f\u0259 bil\u0259r.<\/li>\n<\/ul>\n\n\n\n<p class=\"wp-block-paragraph\">&nbsp;<strong>Teras ba\u011flanma qiym\u0259tl\u0259ri<\/strong> \u018fn t\u0259sirli amill\u0259r terras\u0131n ba\u011flanma modeli v\u0259 istifad\u0259 edil\u0259c\u0259k material\u0131n keyfiyy\u0259tidir.<\/p>\n\n\n\n<p class=\"wp-block-paragraph\">&nbsp;Bu sah\u0259l\u0259rd\u0259 edil\u0259c\u0259k se\u00e7iml\u0259r qiym\u0259tl\u0259rin artmas\u0131 v\u0259 ya azalmas\u0131n\u0131n m\u00fch\u00fcm t\u0259yinedicil\u0259ridir.<\/p>\n\n\n\n<figure class=\"wp-block-image size-full\"><img loading=\"lazy\" decoding=\"async\" width=\"800\" height=\"600\" src=\"https:\/\/www.artminium.com\/wp-content\/uploads\/2023\/08\/cam-balkon-7.jpeg\" alt=\"\" class=\"wp-image-1522\" srcset=\"https:\/\/www.artminium.com\/wp-content\/uploads\/2023\/08\/cam-balkon-7.jpeg 800w, https:\/\/www.artminium.com\/wp-content\/uploads\/2023\/08\/cam-balkon-7-300x225.jpeg 300w, https:\/\/www.artminium.com\/wp-content\/uploads\/2023\/08\/cam-balkon-7-768x576.jpeg 768w\" sizes=\"(max-width: 800px) 100vw, 800px\" \/><\/figure>","protected":false},"excerpt":{"rendered":"<p>Veranda \u00f6rt\u00fck modell\u0259ri ehtiyaclar\u0131n\u0131z, b\u00fcdc\u0259niz v\u0259 b\u00fcdc\u0259niz \u00fc\u00e7\u00fcn \u0259la d\u0259y\u0259r t\u0259klif ed\u0259n y\u00fcks\u0259k keyfiyy\u0259tli, davaml\u0131 strukturlard\u0131r. Bu modell\u0259r ist\u0259nil\u0259n m\u0259kanda m\u00fcasir v\u0259 estetik g\u00f6r\u00fcn\u00fc\u015f yarad\u0131r. Onlar h\u0259m\u00e7inin parlaq v\u0259 xo\u015f t\u0259sir ba\u011f\u0131\u015flay\u0131rlar. Veranda \u00f6rt\u00fcy\u00fc modell\u0259ri m\u00fcxt\u0259lif \u00fcslub v\u0259 konfiqurasiyalarda olur. Onlar h\u0259l\u0259 d\u0259 olduqca populyard\u0131r v\u0259 bu g\u00fcn tez-tez se\u00e7ilirl\u0259r. [\u2026]<\/p>","protected":false},"author":4,"featured_media":1875,"comment_status":"open","ping_status":"open","sticky":false,"template":"","format":"standard","meta":{"site-sidebar-layout":"default","site-content-layout":"","ast-site-content-layout":"default","site-content-style":"default","site-sidebar-style":"default","ast-global-header-display":"","ast-banner-title-visibility":"","ast-main-header-display":"","ast-hfb-above-header-display":"","ast-hfb-below-header-display":"","ast-hfb-mobile-header-display":"","site-post-title":"","ast-breadcrumbs-content":"","ast-featured-img":"disabled","footer-sml-layout":"","theme-transparent-header-meta":"","adv-header-id-meta":"","stick-header-meta":"","header-above-stick-meta":"","header-main-stick-meta":"","header-below-stick-meta":"","astra-migrate-meta-layouts":"default","ast-page-background-enabled":"default","ast-page-background-meta":{"desktop":{"background-color":"","background-image":"","background-repeat":"repeat","background-position":"center center","background-size":"auto","background-attachment":"scroll","background-type":"","background-media":"","overlay-type":"","overlay-color":"","overlay-opacity":"","overlay-gradient":""},"tablet":{"background-color":"","background-image":"","background-repeat":"repeat","background-position":"center center","background-size":"auto","background-attachment":"scroll","background-type":"","background-media":"","overlay-type":"","overlay-color":"","overlay-opacity":"","overlay-gradient":""},"mobile":{"background-color":"","background-image":"","background-repeat":"repeat","background-position":"center center","background-size":"auto","background-attachment":"scroll","background-type":"","background-media":"","overlay-type":"","overlay-color":"","overlay-opacity":"","overlay-gradient":""}},"ast-content-background-meta":{"desktop":{"background-color":"var(--ast-global-color-5)","background-image":"","background-repeat":"repeat","background-position":"center center","background-size":"auto","background-attachment":"scroll","background-type":"","background-media":"","overlay-type":"","overlay-color":"","overlay-opacity":"","overlay-gradient":""},"tablet":{"background-color":"var(--ast-global-color-5)","background-image":"","background-repeat":"repeat","background-position":"center center","background-size":"auto","background-attachment":"scroll","background-type":"","background-media":"","overlay-type":"","overlay-color":"","overlay-opacity":"","overlay-gradient":""},"mobile":{"background-color":"var(--ast-global-color-5)","background-image":"","background-repeat":"repeat","background-position":"center center","background-size":"auto","background-attachment":"scroll","background-type":"","background-media":"","overlay-type":"","overlay-color":"","overlay-opacity":"","overlay-gradient":""}},"footnotes":""},"categories":[1],"tags":[],"class_list":["post-2166","post","type-post","status-publish","format-standard","has-post-thumbnail","hentry","category-hareketli-sabit-aluminyum-sistemler"],"_links":{"self":[{"href":"https:\/\/www.artminium.com\/az\/wp-json\/wp\/v2\/posts\/2166","targetHints":{"allow":["GET"]}}],"collection":[{"href":"https:\/\/www.artminium.com\/az\/wp-json\/wp\/v2\/posts"}],"about":[{"href":"https:\/\/www.artminium.com\/az\/wp-json\/wp\/v2\/types\/post"}],"author":[{"embeddable":true,"href":"https:\/\/www.artminium.com\/az\/wp-json\/wp\/v2\/users\/4"}],"replies":[{"embeddable":true,"href":"https:\/\/www.artminium.com\/az\/wp-json\/wp\/v2\/comments?post=2166"}],"version-history":[{"count":0,"href":"https:\/\/www.artminium.com\/az\/wp-json\/wp\/v2\/posts\/2166\/revisions"}],"wp:featuredmedia":[{"embeddable":true,"href":"https:\/\/www.artminium.com\/az\/wp-json\/wp\/v2\/media\/1875"}],"wp:attachment":[{"href":"https:\/\/www.artminium.com\/az\/wp-json\/wp\/v2\/media?parent=2166"}],"wp:term":[{"taxonomy":"category","embeddable":true,"href":"https:\/\/www.artminium.com\/az\/wp-json\/wp\/v2\/categories?post=2166"},{"taxonomy":"post_tag","embeddable":true,"href":"https:\/\/www.artminium.com\/az\/wp-json\/wp\/v2\/tags?post=2166"}],"curies":[{"name":"wp","href":"https:\/\/api.w.org\/{rel}","templated":true}]}}